{"id":2798,"date":"2022-04-28T16:59:57","date_gmt":"2022-04-28T16:59:57","guid":{"rendered":"http:\/\/www.iescarlessalvador.es\/?p=2798"},"modified":"2022-04-28T17:05:22","modified_gmt":"2022-04-28T17:05:22","slug":"premis-cristofor-aguado-i-medina-2022","status":"publish","type":"post","link":"https:\/\/www.iescarlessalvador.es\/?p=2798","title":{"rendered":"premis Crist\u00f2for Aguado i medina 2022"},"content":{"rendered":"\n<p>Ahir 27 d&#8217;abril de 2022 a les 19 hores, se va realitzar l&#8217;acte d&#8217;entrega dels premis del XXXV Certamen Literari Juvenil Crist\u00f2for Aguado i Medina d&#8217;Aldaia 2022.<\/p>\n\n\n\n<div class=\"wp-block-image\"><figure class=\"aligncenter size-full\"><img fetchpriority=\"high\" decoding=\"async\" width=\"705\" height=\"271\" src=\"https:\/\/www.iescarlessalvador.es\/wp-content\/uploads\/2022\/04\/fotos_premis_literaris_2022.jpg\" alt=\"\" class=\"wp-image-2799\" srcset=\"https:\/\/www.iescarlessalvador.es\/wp-content\/uploads\/2022\/04\/fotos_premis_literaris_2022.jpg 705w, https:\/\/www.iescarlessalvador.es\/wp-content\/uploads\/2022\/04\/fotos_premis_literaris_2022-300x115.jpg 300w\" sizes=\"(max-width: 705px) 100vw, 705px\" \/><\/figure><\/div>\n\n\n\n<p>L&#8217;alumnat de l&#8217;IES Carles Salvador va tindre una gran participaci\u00f3 al Certamen, de fet vam rebre un reconeixement per ser un el centre de secundaria amb m\u00e9s treballs presentats.<\/p>\n\n\n\n<p>L&#8217;alumnat de l&#8217;IES Carles Salvador va ser un dels m\u00e9s guardonats, i tot a\u00e7\u00f2 ha estat possible gr\u00e0cies a la tasca de motivaci\u00f3 realitzada pel professorat de valenci\u00e0 (Merxe, Al\u00edcia, Cristina. Lino i Vicenta).<\/p>\n\n\n\n<p>Enhorabona a totes i tots, per la vostra participaci\u00f3.<\/p>\n\n\n\n<p><\/p>\n","protected":false},"excerpt":{"rendered":"<p>Ahir 27 d&#8217;abril de 2022 a les 19 hores, se va realitzar l&#8217;acte d&#8217;entrega dels premis del XXXV Certamen Literari Juvenil Crist\u00f2for Aguado i Medina d&#8217;Aldaia 2022. L&#8217;alumnat de l&#8217;IES Carles Salvador va tindre una gran participaci\u00f3 al Certamen, de fet vam rebre un reconeixement per ser un el centre de secundaria amb m\u00e9s treballs&hellip;&nbsp;<a href=\"https:\/\/www.iescarlessalvador.es\/?p=2798\" class=\"\" rel=\"bookmark\">Leer m\u00e1s &raquo;<span class=\"screen-reader-text\">premis Crist\u00f2for Aguado i medina 2022<\/span><\/a><\/p>\n","protected":false},"author":1,"featured_media":2799,"comment_status":"closed","ping_status":"closed","sticky":false,"template":"","format":"standard","meta":{"rop_custom_images_group":[],"rop_custom_messages_group":[],"rop_publish_now":"initial","rop_publish_now_accounts":[],"rop_publish_now_history":[],"rop_publish_now_status":"pending","neve_meta_sidebar":"","neve_meta_container":"","neve_meta_enable_content_width":"off","neve_meta_content_width":0,"neve_meta_title_alignment":"","neve_meta_author_avatar":"","neve_post_elements_order":"","neve_meta_disable_header":"","neve_meta_disable_footer":"","neve_meta_disable_title":"","footnotes":""},"categories":[13],"tags":[],"class_list":["post-2798","post","type-post","status-publish","format-standard","has-post-thumbnail","hentry","category-sin-categoria-ca"],"_links":{"self":[{"href":"https:\/\/www.iescarlessalvador.es\/index.php?rest_route=\/wp\/v2\/posts\/2798","targetHints":{"allow":["GET"]}}],"collection":[{"href":"https:\/\/www.iescarlessalvador.es\/index.php?rest_route=\/wp\/v2\/posts"}],"about":[{"href":"https:\/\/www.iescarlessalvador.es\/index.php?rest_route=\/wp\/v2\/types\/post"}],"author":[{"embeddable":true,"href":"https:\/\/www.iescarlessalvador.es\/index.php?rest_route=\/wp\/v2\/users\/1"}],"replies":[{"embeddable":true,"href":"https:\/\/www.iescarlessalvador.es\/index.php?rest_route=%2Fwp%2Fv2%2Fcomments&post=2798"}],"version-history":[{"count":1,"href":"https:\/\/www.iescarlessalvador.es\/index.php?rest_route=\/wp\/v2\/posts\/2798\/revisions"}],"predecessor-version":[{"id":2800,"href":"https:\/\/www.iescarlessalvador.es\/index.php?rest_route=\/wp\/v2\/posts\/2798\/revisions\/2800"}],"wp:featuredmedia":[{"embeddable":true,"href":"https:\/\/www.iescarlessalvador.es\/index.php?rest_route=\/wp\/v2\/media\/2799"}],"wp:attachment":[{"href":"https:\/\/www.iescarlessalvador.es\/index.php?rest_route=%2Fwp%2Fv2%2Fmedia&parent=2798"}],"wp:term":[{"taxonomy":"category","embeddable":true,"href":"https:\/\/www.iescarlessalvador.es\/index.php?rest_route=%2Fwp%2Fv2%2Fcategories&post=2798"},{"taxonomy":"post_tag","embeddable":true,"href":"https:\/\/www.iescarlessalvador.es\/index.php?rest_route=%2Fwp%2Fv2%2Ftags&post=2798"}],"curies":[{"name":"wp","href":"https:\/\/api.w.org\/{rel}","templated":true}]}}