{"id":2816,"date":"2022-05-10T21:51:34","date_gmt":"2022-05-10T21:51:34","guid":{"rendered":"http:\/\/www.iescarlessalvador.es\/?p=2816"},"modified":"2022-05-21T06:03:31","modified_gmt":"2022-05-21T06:03:31","slug":"ii-trobada-de-joves-ambaixadors-per-als-ods-en-la-base-de-lonu-a-quart-de-poblet","status":"publish","type":"post","link":"https:\/\/www.iescarlessalvador.es\/?p=2816","title":{"rendered":"II TROBADA DE JOVES AMBAIXADORS PER ALS ODS EN LA BASE DE L&#8217;ONU A QUART DE POBLET"},"content":{"rendered":"\n<p>El passat dia 29 d&#8217;Abril de 2022, l&#8217;alumnat del nostre centre que forma part del programa de Joves Ambaixadors de l&#8217;ONU per al desenvolupament dels Objectius de Desenvolupament Sostenible (ODS), juntament amb el professorat coordinador del programa, Luc\u00eda Botella i Fco Javier Vel\u00e1zquez, es van despla\u00e7ar a la seu que t\u00e9 l&#8217;ONU en la base de Quart de Poblet amb motiu de la II Trobada de Joves Ambaixadors.<\/p>\n\n\n\n<figure class=\"wp-block-image size-large\"><img fetchpriority=\"high\" decoding=\"async\" width=\"1024\" height=\"831\" src=\"https:\/\/www.iescarlessalvador.es\/wp-content\/uploads\/2022\/05\/Foto-2-1024x831.jpg\" alt=\"\" class=\"wp-image-2820\" srcset=\"https:\/\/www.iescarlessalvador.es\/wp-content\/uploads\/2022\/05\/Foto-2-1024x831.jpg 1024w, https:\/\/www.iescarlessalvador.es\/wp-content\/uploads\/2022\/05\/Foto-2-300x243.jpg 300w, https:\/\/www.iescarlessalvador.es\/wp-content\/uploads\/2022\/05\/Foto-2-768x623.jpg 768w, https:\/\/www.iescarlessalvador.es\/wp-content\/uploads\/2022\/05\/Foto-2-1536x1246.jpg 1536w, https:\/\/www.iescarlessalvador.es\/wp-content\/uploads\/2022\/05\/Foto-2-2048x1662.jpg 2048w\" sizes=\"(max-width: 1024px) 100vw, 1024px\" \/><\/figure>\n\n\n\n<p>En aquesta trobada, en el qual van ser presents la Senyora Secret\u00e0ria General Adjunta de Nacions Unides, Catherine Pollard, el director de la Base, Michel Bergeron, i el responsable de protocol i relacions externes de la Base, Lino Puertas, es va reunir alumnat de 9 centres educatius pertanyents a la xarxa de Joves Ambaixadors, originada a partir de la implicaci\u00f3 inicial de nostre centre en aquest programa, i es van compartir els projectes en els quals cada centre ha participat, posant-se en com\u00fa les diferents inquietuds de l&#8217;alumnat participant.<\/p>\n\n\n\n<figure class=\"wp-block-image size-large\"><img decoding=\"async\" width=\"1024\" height=\"740\" src=\"https:\/\/www.iescarlessalvador.es\/wp-content\/uploads\/2022\/05\/Foto-8-1024x740.jpg\" alt=\"\" class=\"wp-image-2819\" srcset=\"https:\/\/www.iescarlessalvador.es\/wp-content\/uploads\/2022\/05\/Foto-8-1024x740.jpg 1024w, https:\/\/www.iescarlessalvador.es\/wp-content\/uploads\/2022\/05\/Foto-8-300x217.jpg 300w, https:\/\/www.iescarlessalvador.es\/wp-content\/uploads\/2022\/05\/Foto-8-768x555.jpg 768w, https:\/\/www.iescarlessalvador.es\/wp-content\/uploads\/2022\/05\/Foto-8-1536x1110.jpg 1536w, https:\/\/www.iescarlessalvador.es\/wp-content\/uploads\/2022\/05\/Foto-8-2048x1479.jpg 2048w\" sizes=\"(max-width: 1024px) 100vw, 1024px\" \/><\/figure>\n\n\n\n<p>Tamb\u00e9 es van crear 17 grups de treball en els quals l&#8217;alumnat i coordinadors d&#8217;aquests centres educatius van participar i van compartir idees sobre cadascun dels 17 ODS, per a traure conclusions sobre all\u00f2 que podem fer el conjunt de la ciutadania i el que se li pot demandar a les administracions amb la finalitat de desenvolupar de forma m\u00e9s efectiva dits ODS.<\/p>\n\n\n\n<figure class=\"wp-block-image size-large\"><img decoding=\"async\" width=\"1024\" height=\"411\" src=\"https:\/\/www.iescarlessalvador.es\/wp-content\/uploads\/2022\/05\/Foto-6-1024x411.jpg\" alt=\"\" class=\"wp-image-2818\" srcset=\"https:\/\/www.iescarlessalvador.es\/wp-content\/uploads\/2022\/05\/Foto-6-1024x411.jpg 1024w, https:\/\/www.iescarlessalvador.es\/wp-content\/uploads\/2022\/05\/Foto-6-300x120.jpg 300w, https:\/\/www.iescarlessalvador.es\/wp-content\/uploads\/2022\/05\/Foto-6-768x308.jpg 768w, https:\/\/www.iescarlessalvador.es\/wp-content\/uploads\/2022\/05\/Foto-6-1536x616.jpg 1536w, https:\/\/www.iescarlessalvador.es\/wp-content\/uploads\/2022\/05\/Foto-6-2048x821.jpg 2048w\" sizes=\"(max-width: 1024px) 100vw, 1024px\" \/><\/figure>\n\n\n\n<p>Va ser una jornada profitosa, entretinguda i enriquidora, en la qual l&#8217;alumnat de l&#8217;IES Carles Salvador va ser molt participatiu i actiu, i d\u2019on van eixir molt content@s i entusiasmad@s per tot el que all\u00ed van poder compartir i transmetre, a m\u00e9s de refor\u00e7ar els vincles amb la gent de la resta de centres participants.<\/p>\n\n\n\n<figure class=\"wp-block-image size-large\"><img loading=\"lazy\" decoding=\"async\" width=\"1024\" height=\"481\" src=\"https:\/\/www.iescarlessalvador.es\/wp-content\/uploads\/2022\/05\/Foto-5bis-1024x481.jpg\" alt=\"\" class=\"wp-image-2817\" srcset=\"https:\/\/www.iescarlessalvador.es\/wp-content\/uploads\/2022\/05\/Foto-5bis-1024x481.jpg 1024w, https:\/\/www.iescarlessalvador.es\/wp-content\/uploads\/2022\/05\/Foto-5bis-300x141.jpg 300w, https:\/\/www.iescarlessalvador.es\/wp-content\/uploads\/2022\/05\/Foto-5bis-768x360.jpg 768w, https:\/\/www.iescarlessalvador.es\/wp-content\/uploads\/2022\/05\/Foto-5bis-1536x721.jpg 1536w, https:\/\/www.iescarlessalvador.es\/wp-content\/uploads\/2022\/05\/Foto-5bis-2048x961.jpg 2048w\" sizes=\"(max-width: 1024px) 100vw, 1024px\" \/><\/figure>\n\n\n\n<figure class=\"wp-block-image size-large\"><img loading=\"lazy\" decoding=\"async\" width=\"1024\" height=\"718\" src=\"https:\/\/www.iescarlessalvador.es\/wp-content\/uploads\/2022\/05\/encuentro-jovenes-embajadores_diploma-1024x718.jpg\" alt=\"\" class=\"wp-image-2834\" srcset=\"https:\/\/www.iescarlessalvador.es\/wp-content\/uploads\/2022\/05\/encuentro-jovenes-embajadores_diploma-1024x718.jpg 1024w, https:\/\/www.iescarlessalvador.es\/wp-content\/uploads\/2022\/05\/encuentro-jovenes-embajadores_diploma-300x210.jpg 300w, https:\/\/www.iescarlessalvador.es\/wp-content\/uploads\/2022\/05\/encuentro-jovenes-embajadores_diploma-768x538.jpg 768w, https:\/\/www.iescarlessalvador.es\/wp-content\/uploads\/2022\/05\/encuentro-jovenes-embajadores_diploma-1536x1076.jpg 1536w, https:\/\/www.iescarlessalvador.es\/wp-content\/uploads\/2022\/05\/encuentro-jovenes-embajadores_diploma-2048x1435.jpg 2048w\" sizes=\"(max-width: 1024px) 100vw, 1024px\" \/><\/figure>\n","protected":false},"excerpt":{"rendered":"<p>El passat dia 29 d&#8217;Abril de 2022, l&#8217;alumnat del nostre centre que forma part del programa de Joves Ambaixadors de l&#8217;ONU per al desenvolupament dels Objectius de Desenvolupament Sostenible (ODS), juntament amb el professorat coordinador del programa, Luc\u00eda Botella i Fco Javier Vel\u00e1zquez, es van despla\u00e7ar a la seu que t\u00e9 l&#8217;ONU en la base&hellip;&nbsp;<a href=\"https:\/\/www.iescarlessalvador.es\/?p=2816\" class=\"\" rel=\"bookmark\">Leer m\u00e1s &raquo;<span class=\"screen-reader-text\">II TROBADA DE JOVES AMBAIXADORS PER ALS ODS EN LA BASE DE L&#8217;ONU A QUART DE POBLET<\/span><\/a><\/p>\n","protected":false},"author":1,"featured_media":2821,"comment_status":"closed","ping_status":"closed","sticky":false,"template":"","format":"standard","meta":{"rop_custom_images_group":[],"rop_custom_messages_group":[],"rop_publish_now":"initial","rop_publish_now_accounts":[],"rop_publish_now_history":[],"rop_publish_now_status":"pending","neve_meta_sidebar":"","neve_meta_container":"","neve_meta_enable_content_width":"off","neve_meta_content_width":0,"neve_meta_title_alignment":"","neve_meta_author_avatar":"","neve_post_elements_order":"","neve_meta_disable_header":"","neve_meta_disable_footer":"","neve_meta_disable_title":"","footnotes":""},"categories":[13],"tags":[],"class_list":["post-2816","post","type-post","status-publish","format-standard","has-post-thumbnail","hentry","category-sin-categoria-ca"],"_links":{"self":[{"href":"https:\/\/www.iescarlessalvador.es\/index.php?rest_route=\/wp\/v2\/posts\/2816","targetHints":{"allow":["GET"]}}],"collection":[{"href":"https:\/\/www.iescarlessalvador.es\/index.php?rest_route=\/wp\/v2\/posts"}],"about":[{"href":"https:\/\/www.iescarlessalvador.es\/index.php?rest_route=\/wp\/v2\/types\/post"}],"author":[{"embeddable":true,"href":"https:\/\/www.iescarlessalvador.es\/index.php?rest_route=\/wp\/v2\/users\/1"}],"replies":[{"embeddable":true,"href":"https:\/\/www.iescarlessalvador.es\/index.php?rest_route=%2Fwp%2Fv2%2Fcomments&post=2816"}],"version-history":[{"count":2,"href":"https:\/\/www.iescarlessalvador.es\/index.php?rest_route=\/wp\/v2\/posts\/2816\/revisions"}],"predecessor-version":[{"id":2838,"href":"https:\/\/www.iescarlessalvador.es\/index.php?rest_route=\/wp\/v2\/posts\/2816\/revisions\/2838"}],"wp:featuredmedia":[{"embeddable":true,"href":"https:\/\/www.iescarlessalvador.es\/index.php?rest_route=\/wp\/v2\/media\/2821"}],"wp:attachment":[{"href":"https:\/\/www.iescarlessalvador.es\/index.php?rest_route=%2Fwp%2Fv2%2Fmedia&parent=2816"}],"wp:term":[{"taxonomy":"category","embeddable":true,"href":"https:\/\/www.iescarlessalvador.es\/index.php?rest_route=%2Fwp%2Fv2%2Fcategories&post=2816"},{"taxonomy":"post_tag","embeddable":true,"href":"https:\/\/www.iescarlessalvador.es\/index.php?rest_route=%2Fwp%2Fv2%2Ftags&post=2816"}],"curies":[{"name":"wp","href":"https:\/\/api.w.org\/{rel}","templated":true}]}}