{"id":2823,"date":"2022-05-10T21:54:05","date_gmt":"2022-05-10T21:54:05","guid":{"rendered":"http:\/\/www.iescarlessalvador.es\/?p=2823"},"modified":"2022-05-21T06:03:03","modified_gmt":"2022-05-21T06:03:03","slug":"ii-encuentro-de-jovenes-embajadores-para-los-ods-en-la-base-de-la-onu-en-quart-de-poblet","status":"publish","type":"post","link":"https:\/\/www.iescarlessalvador.es\/?p=2823&lang=es","title":{"rendered":"II ENCUENTRO DE J\u00d3VENES EMBAJADORES PARA LOS ODS EN LA BASE DE LA ONU EN QUART DE POBLET"},"content":{"rendered":"\n<p>El pasado d\u00eda 29 de Abril de 2022, el alumnado de nuestro centro que forma parte del programa de J\u00f3venes Embajadores de la ONU para el desarrollo de los Objetivos de Desarrollo Sostenible (ODS), junto con el profesorado coordinador del programa, Luc\u00eda Botella y Fco Javier Vel\u00e1zquez, se desplazaron a la sede que tiene la ONU en la base de Quart de Poblet con motivo del II Encuentro de J\u00f3venes Embajadores.<\/p>\n\n\n\n<figure class=\"wp-block-image size-large\"><img fetchpriority=\"high\" decoding=\"async\" width=\"1024\" height=\"831\" src=\"https:\/\/www.iescarlessalvador.es\/wp-content\/uploads\/2022\/05\/Foto-2-1024x831.jpg\" alt=\"\" class=\"wp-image-2820\" srcset=\"https:\/\/www.iescarlessalvador.es\/wp-content\/uploads\/2022\/05\/Foto-2-1024x831.jpg 1024w, https:\/\/www.iescarlessalvador.es\/wp-content\/uploads\/2022\/05\/Foto-2-300x243.jpg 300w, https:\/\/www.iescarlessalvador.es\/wp-content\/uploads\/2022\/05\/Foto-2-768x623.jpg 768w, https:\/\/www.iescarlessalvador.es\/wp-content\/uploads\/2022\/05\/Foto-2-1536x1246.jpg 1536w, https:\/\/www.iescarlessalvador.es\/wp-content\/uploads\/2022\/05\/Foto-2-2048x1662.jpg 2048w\" sizes=\"(max-width: 1024px) 100vw, 1024px\" \/><\/figure>\n\n\n\n<p>En dicho encuentro, en el que estuvieron presentes la Se\u00f1ora Secretaria General Adjunta de Naciones Unidas, Catherine Pollard, el director de la Base, Michel Bergeron, y el responsable de protocolo y relaciones externas de la Base, Lino Puertas, se reuni\u00f3 alumnado de 9 centros educativos pertenecientes a la red de J\u00f3venes Embajadores, originada a partir de la implicaci\u00f3n inicial de nuestro centro en dicho programa, y se compartieron los proyectos en los que cada centro ha participado, poni\u00e9ndose en com\u00fan las diferentes inquietudes del alumnado participante.<\/p>\n\n\n\n<figure class=\"wp-block-image size-large\"><img decoding=\"async\" width=\"1024\" height=\"740\" src=\"https:\/\/www.iescarlessalvador.es\/wp-content\/uploads\/2022\/05\/Foto-8-1024x740.jpg\" alt=\"\" class=\"wp-image-2819\" srcset=\"https:\/\/www.iescarlessalvador.es\/wp-content\/uploads\/2022\/05\/Foto-8-1024x740.jpg 1024w, https:\/\/www.iescarlessalvador.es\/wp-content\/uploads\/2022\/05\/Foto-8-300x217.jpg 300w, https:\/\/www.iescarlessalvador.es\/wp-content\/uploads\/2022\/05\/Foto-8-768x555.jpg 768w, https:\/\/www.iescarlessalvador.es\/wp-content\/uploads\/2022\/05\/Foto-8-1536x1110.jpg 1536w, https:\/\/www.iescarlessalvador.es\/wp-content\/uploads\/2022\/05\/Foto-8-2048x1479.jpg 2048w\" sizes=\"(max-width: 1024px) 100vw, 1024px\" \/><\/figure>\n\n\n\n<p>Tambi\u00e9n se crearon 17 grupos de trabajo en los que el alumnado y coordinadores de dichos centros educativos participaron y compartieron ideas sobre cada uno de los 17 ODS, para sacar conclusiones sobre lo que podemos hacer el conjunto de la ciudadan\u00eda y lo que se le puede demandar a las administraciones con el fin de desarrollar de forma m\u00e1s efectiva dichos ODS.<\/p>\n\n\n\n<figure class=\"wp-block-image size-large\"><img decoding=\"async\" width=\"1024\" height=\"411\" src=\"https:\/\/www.iescarlessalvador.es\/wp-content\/uploads\/2022\/05\/Foto-6-1024x411.jpg\" alt=\"\" class=\"wp-image-2818\" srcset=\"https:\/\/www.iescarlessalvador.es\/wp-content\/uploads\/2022\/05\/Foto-6-1024x411.jpg 1024w, https:\/\/www.iescarlessalvador.es\/wp-content\/uploads\/2022\/05\/Foto-6-300x120.jpg 300w, https:\/\/www.iescarlessalvador.es\/wp-content\/uploads\/2022\/05\/Foto-6-768x308.jpg 768w, https:\/\/www.iescarlessalvador.es\/wp-content\/uploads\/2022\/05\/Foto-6-1536x616.jpg 1536w, https:\/\/www.iescarlessalvador.es\/wp-content\/uploads\/2022\/05\/Foto-6-2048x821.jpg 2048w\" sizes=\"(max-width: 1024px) 100vw, 1024px\" \/><\/figure>\n\n\n\n<p>Fue una jornada provechosa, entretenida y enriquecedora, en la que el alumnado del IES Carles Salvador fue muy participativo y activo, y de donde salieron muy content@s y entusiasmad@s por todo lo que all\u00ed pudieron compartir y transmitir, adem\u00e1s de reforzar los v\u00ednculos con la gente del resto de centros participantes.<\/p>\n\n\n\n<figure class=\"wp-block-image size-large\"><img loading=\"lazy\" decoding=\"async\" width=\"1024\" height=\"481\" src=\"https:\/\/www.iescarlessalvador.es\/wp-content\/uploads\/2022\/05\/Foto-5bis-1024x481.jpg\" alt=\"\" class=\"wp-image-2817\" srcset=\"https:\/\/www.iescarlessalvador.es\/wp-content\/uploads\/2022\/05\/Foto-5bis-1024x481.jpg 1024w, https:\/\/www.iescarlessalvador.es\/wp-content\/uploads\/2022\/05\/Foto-5bis-300x141.jpg 300w, https:\/\/www.iescarlessalvador.es\/wp-content\/uploads\/2022\/05\/Foto-5bis-768x360.jpg 768w, https:\/\/www.iescarlessalvador.es\/wp-content\/uploads\/2022\/05\/Foto-5bis-1536x721.jpg 1536w, https:\/\/www.iescarlessalvador.es\/wp-content\/uploads\/2022\/05\/Foto-5bis-2048x961.jpg 2048w\" sizes=\"(max-width: 1024px) 100vw, 1024px\" \/><\/figure>\n\n\n\n<figure class=\"wp-block-image size-large\"><img loading=\"lazy\" decoding=\"async\" width=\"1024\" height=\"718\" src=\"https:\/\/www.iescarlessalvador.es\/wp-content\/uploads\/2022\/05\/encuentro-jovenes-embajadores_diploma-1024x718.jpg\" alt=\"\" class=\"wp-image-2834\" srcset=\"https:\/\/www.iescarlessalvador.es\/wp-content\/uploads\/2022\/05\/encuentro-jovenes-embajadores_diploma-1024x718.jpg 1024w, https:\/\/www.iescarlessalvador.es\/wp-content\/uploads\/2022\/05\/encuentro-jovenes-embajadores_diploma-300x210.jpg 300w, https:\/\/www.iescarlessalvador.es\/wp-content\/uploads\/2022\/05\/encuentro-jovenes-embajadores_diploma-768x538.jpg 768w, https:\/\/www.iescarlessalvador.es\/wp-content\/uploads\/2022\/05\/encuentro-jovenes-embajadores_diploma-1536x1076.jpg 1536w, https:\/\/www.iescarlessalvador.es\/wp-content\/uploads\/2022\/05\/encuentro-jovenes-embajadores_diploma-2048x1435.jpg 2048w\" sizes=\"(max-width: 1024px) 100vw, 1024px\" \/><\/figure>\n","protected":false},"excerpt":{"rendered":"<p>El pasado d\u00eda 29 de Abril de 2022, el alumnado de nuestro centro que forma parte del programa de J\u00f3venes Embajadores de la ONU para el desarrollo de los Objetivos de Desarrollo Sostenible (ODS), junto con el profesorado coordinador del programa, Luc\u00eda Botella y Fco Javier Vel\u00e1zquez, se desplazaron a la sede que tiene la&hellip;&nbsp;<a href=\"https:\/\/www.iescarlessalvador.es\/?p=2823&#038;lang=es\" class=\"\" rel=\"bookmark\">Leer m\u00e1s &raquo;<span class=\"screen-reader-text\">II ENCUENTRO DE J\u00d3VENES EMBAJADORES PARA LOS ODS EN LA BASE DE LA ONU EN QUART DE POBLET<\/span><\/a><\/p>\n","protected":false},"author":1,"featured_media":2821,"comment_status":"closed","ping_status":"closed","sticky":false,"template":"","format":"standard","meta":{"rop_custom_images_group":[],"rop_custom_messages_group":[],"rop_publish_now":"initial","rop_publish_now_accounts":[],"rop_publish_now_history":[],"rop_publish_now_status":"pending","neve_meta_sidebar":"","neve_meta_container":"","neve_meta_enable_content_width":"off","neve_meta_content_width":0,"neve_meta_title_alignment":"","neve_meta_author_avatar":"","neve_post_elements_order":"","neve_meta_disable_header":"","neve_meta_disable_footer":"","neve_meta_disable_title":"","footnotes":""},"categories":[34],"tags":[],"class_list":["post-2823","post","type-post","status-publish","format-standard","has-post-thumbnail","hentry","category-noticias"],"_links":{"self":[{"href":"https:\/\/www.iescarlessalvador.es\/index.php?rest_route=\/wp\/v2\/posts\/2823","targetHints":{"allow":["GET"]}}],"collection":[{"href":"https:\/\/www.iescarlessalvador.es\/index.php?rest_route=\/wp\/v2\/posts"}],"about":[{"href":"https:\/\/www.iescarlessalvador.es\/index.php?rest_route=\/wp\/v2\/types\/post"}],"author":[{"embeddable":true,"href":"https:\/\/www.iescarlessalvador.es\/index.php?rest_route=\/wp\/v2\/users\/1"}],"replies":[{"embeddable":true,"href":"https:\/\/www.iescarlessalvador.es\/index.php?rest_route=%2Fwp%2Fv2%2Fcomments&post=2823"}],"version-history":[{"count":2,"href":"https:\/\/www.iescarlessalvador.es\/index.php?rest_route=\/wp\/v2\/posts\/2823\/revisions"}],"predecessor-version":[{"id":2837,"href":"https:\/\/www.iescarlessalvador.es\/index.php?rest_route=\/wp\/v2\/posts\/2823\/revisions\/2837"}],"wp:featuredmedia":[{"embeddable":true,"href":"https:\/\/www.iescarlessalvador.es\/index.php?rest_route=\/wp\/v2\/media\/2821"}],"wp:attachment":[{"href":"https:\/\/www.iescarlessalvador.es\/index.php?rest_route=%2Fwp%2Fv2%2Fmedia&parent=2823"}],"wp:term":[{"taxonomy":"category","embeddable":true,"href":"https:\/\/www.iescarlessalvador.es\/index.php?rest_route=%2Fwp%2Fv2%2Fcategories&post=2823"},{"taxonomy":"post_tag","embeddable":true,"href":"https:\/\/www.iescarlessalvador.es\/index.php?rest_route=%2Fwp%2Fv2%2Ftags&post=2823"}],"curies":[{"name":"wp","href":"https:\/\/api.w.org\/{rel}","templated":true}]}}