{"id":2852,"date":"2022-05-26T14:20:28","date_gmt":"2022-05-26T14:20:28","guid":{"rendered":"http:\/\/www.iescarlessalvador.es\/?p=2852"},"modified":"2022-05-26T14:25:31","modified_gmt":"2022-05-26T14:25:31","slug":"acreditacio-erasmus","status":"publish","type":"post","link":"https:\/\/www.iescarlessalvador.es\/?p=2852","title":{"rendered":"Acreditaci\u00f3 Erasmus+ 2021-27"},"content":{"rendered":"\n<p>Hem rebut la placa amb el reconeixement \u00abAcreditaci\u00f3 Erasmus\u00bb per al per\u00edode 2021-27 del SEPIE.<\/p>\n\n\n\n<p>Amb aquest diploma i placa ens reconeixen el nostre esfor\u00e7 i dedicaci\u00f3 per impulsar el sentiment de ciutadania europea, la promoci\u00f3 dels valors comuns europeus, la educaci\u00f3 inclusiva i, en definitiva, la internacionalitzaci\u00f3 de l&#8217;educaci\u00f3. <\/p>\n\n\n\n<figure class=\"wp-block-image size-large\"><img fetchpriority=\"high\" decoding=\"async\" width=\"1024\" height=\"730\" src=\"https:\/\/www.iescarlessalvador.es\/wp-content\/uploads\/2022\/05\/Placa_acreditacion_Erasmus_21-27-1024x730.jpg\" alt=\"\" class=\"wp-image-2857\" srcset=\"https:\/\/www.iescarlessalvador.es\/wp-content\/uploads\/2022\/05\/Placa_acreditacion_Erasmus_21-27-1024x730.jpg 1024w, https:\/\/www.iescarlessalvador.es\/wp-content\/uploads\/2022\/05\/Placa_acreditacion_Erasmus_21-27-300x214.jpg 300w, https:\/\/www.iescarlessalvador.es\/wp-content\/uploads\/2022\/05\/Placa_acreditacion_Erasmus_21-27-768x547.jpg 768w, https:\/\/www.iescarlessalvador.es\/wp-content\/uploads\/2022\/05\/Placa_acreditacion_Erasmus_21-27-1536x1094.jpg 1536w, https:\/\/www.iescarlessalvador.es\/wp-content\/uploads\/2022\/05\/Placa_acreditacion_Erasmus_21-27-2048x1459.jpg 2048w\" sizes=\"(max-width: 1024px) 100vw, 1024px\" \/><\/figure>\n\n\n\n<p>Tamb\u00e9 hem rebut el diploma:<\/p>\n\n\n\n<figure class=\"wp-block-image size-large\"><img decoding=\"async\" width=\"1024\" height=\"724\" src=\"https:\/\/www.iescarlessalvador.es\/wp-content\/uploads\/2022\/05\/Diploma_acreditacion_21-27-1024x724.jpg\" alt=\"\" class=\"wp-image-2856\" srcset=\"https:\/\/www.iescarlessalvador.es\/wp-content\/uploads\/2022\/05\/Diploma_acreditacion_21-27-1024x724.jpg 1024w, https:\/\/www.iescarlessalvador.es\/wp-content\/uploads\/2022\/05\/Diploma_acreditacion_21-27-300x212.jpg 300w, https:\/\/www.iescarlessalvador.es\/wp-content\/uploads\/2022\/05\/Diploma_acreditacion_21-27-768x543.jpg 768w, https:\/\/www.iescarlessalvador.es\/wp-content\/uploads\/2022\/05\/Diploma_acreditacion_21-27-1536x1086.jpg 1536w, https:\/\/www.iescarlessalvador.es\/wp-content\/uploads\/2022\/05\/Diploma_acreditacion_21-27-2048x1448.jpg 2048w\" sizes=\"(max-width: 1024px) 100vw, 1024px\" \/><\/figure>\n\n\n\n<p>Enhorabona a totes i tots els membres de la comunitat educativa de l&#8217;IES Carles Salvador per la vostra implicaci\u00f3.<\/p>\n\n\n\n<p><\/p>\n","protected":false},"excerpt":{"rendered":"<p>Hem rebut la placa amb el reconeixement \u00abAcreditaci\u00f3 Erasmus\u00bb per al per\u00edode 2021-27 del SEPIE. Amb aquest diploma i placa ens reconeixen el nostre esfor\u00e7 i dedicaci\u00f3 per impulsar el sentiment de ciutadania europea, la promoci\u00f3 dels valors comuns europeus, la educaci\u00f3 inclusiva i, en definitiva, la internacionalitzaci\u00f3 de l&#8217;educaci\u00f3. Tamb\u00e9 hem rebut el diploma:&hellip;&nbsp;<a href=\"https:\/\/www.iescarlessalvador.es\/?p=2852\" class=\"\" rel=\"bookmark\">Leer m\u00e1s &raquo;<span class=\"screen-reader-text\">Acreditaci\u00f3 Erasmus+ 2021-27<\/span><\/a><\/p>\n","protected":false},"author":1,"featured_media":2857,"comment_status":"closed","ping_status":"closed","sticky":false,"template":"","format":"standard","meta":{"rop_custom_images_group":[],"rop_custom_messages_group":[],"rop_publish_now":"initial","rop_publish_now_accounts":[],"rop_publish_now_history":[],"rop_publish_now_status":"pending","neve_meta_sidebar":"","neve_meta_container":"","neve_meta_enable_content_width":"off","neve_meta_content_width":0,"neve_meta_title_alignment":"","neve_meta_author_avatar":"","neve_post_elements_order":"","neve_meta_disable_header":"","neve_meta_disable_footer":"","neve_meta_disable_title":"","footnotes":""},"categories":[13],"tags":[],"class_list":["post-2852","post","type-post","status-publish","format-standard","has-post-thumbnail","hentry","category-sin-categoria-ca"],"_links":{"self":[{"href":"https:\/\/www.iescarlessalvador.es\/index.php?rest_route=\/wp\/v2\/posts\/2852","targetHints":{"allow":["GET"]}}],"collection":[{"href":"https:\/\/www.iescarlessalvador.es\/index.php?rest_route=\/wp\/v2\/posts"}],"about":[{"href":"https:\/\/www.iescarlessalvador.es\/index.php?rest_route=\/wp\/v2\/types\/post"}],"author":[{"embeddable":true,"href":"https:\/\/www.iescarlessalvador.es\/index.php?rest_route=\/wp\/v2\/users\/1"}],"replies":[{"embeddable":true,"href":"https:\/\/www.iescarlessalvador.es\/index.php?rest_route=%2Fwp%2Fv2%2Fcomments&post=2852"}],"version-history":[{"count":3,"href":"https:\/\/www.iescarlessalvador.es\/index.php?rest_route=\/wp\/v2\/posts\/2852\/revisions"}],"predecessor-version":[{"id":2862,"href":"https:\/\/www.iescarlessalvador.es\/index.php?rest_route=\/wp\/v2\/posts\/2852\/revisions\/2862"}],"wp:featuredmedia":[{"embeddable":true,"href":"https:\/\/www.iescarlessalvador.es\/index.php?rest_route=\/wp\/v2\/media\/2857"}],"wp:attachment":[{"href":"https:\/\/www.iescarlessalvador.es\/index.php?rest_route=%2Fwp%2Fv2%2Fmedia&parent=2852"}],"wp:term":[{"taxonomy":"category","embeddable":true,"href":"https:\/\/www.iescarlessalvador.es\/index.php?rest_route=%2Fwp%2Fv2%2Fcategories&post=2852"},{"taxonomy":"post_tag","embeddable":true,"href":"https:\/\/www.iescarlessalvador.es\/index.php?rest_route=%2Fwp%2Fv2%2Ftags&post=2852"}],"curies":[{"name":"wp","href":"https:\/\/api.w.org\/{rel}","templated":true}]}}