{"id":2859,"date":"2022-05-26T14:24:22","date_gmt":"2022-05-26T14:24:22","guid":{"rendered":"http:\/\/www.iescarlessalvador.es\/?p=2859"},"modified":"2022-05-26T14:24:43","modified_gmt":"2022-05-26T14:24:43","slug":"acreditacion-erasmus-2021-27","status":"publish","type":"post","link":"https:\/\/www.iescarlessalvador.es\/?p=2859&lang=es","title":{"rendered":"Acreditaci\u00f3n Erasmus 2021-27"},"content":{"rendered":"\n<p id=\"block-498a0650-4216-4075-acee-f6cacd32618e\"><br>Hemos recibido la placa con el reconocimiento \u00abAcreditaci\u00f3n Erasmus\u00bb para el per\u00edodo 2021-27 del SEPIE.<\/p>\n\n\n\n<p id=\"block-5f69196f-5260-4636-ae9b-f0ddcb4ffd35\">Estos distintivos reconocen nuestro esfuerzo y dedicaci\u00f3n por impulsar el sentimiento de ciudadan\u00eda europea, la promoci\u00f3n de los valores comunes europeus, la educaci\u00f3n inclusiva y, en definitiva, la internacionalizaci\u00f3n de la educaci\u00f3n.<\/p>\n\n\n\n<figure class=\"wp-block-image\" id=\"block-0d8da3ba-c94e-495e-ad28-006963a3e0cd\"><img decoding=\"async\" src=\"https:\/\/www.iescarlessalvador.es\/wp-content\/uploads\/2022\/05\/Placa_acreditacion_Erasmus_21-27-1024x730.jpg\" alt=\"La imagen tiene un atributo ALT vac\u00edo; su nombre de archivo es Placa_acreditacion_Erasmus_21-27-1024x730.jpg\"\/><\/figure>\n\n\n\n<p id=\"block-8c976f9f-f7ac-4ef8-aae8-4a6157f6885c\">Tambi\u00e9n hemos recibido el diploma:<\/p>\n\n\n\n<figure class=\"wp-block-image\" id=\"block-52464cc8-e4e7-4b56-affa-200c1bbfa9a3\"><img decoding=\"async\" src=\"https:\/\/www.iescarlessalvador.es\/wp-content\/uploads\/2022\/05\/Diploma_acreditacion_21-27-1024x724.jpg\" alt=\"La imagen tiene un atributo ALT vac\u00edo; su nombre de archivo es Diploma_acreditacion_21-27-1024x724.jpg\"\/><\/figure>\n\n\n\n<p id=\"block-5955e880-07cb-4d44-88b3-4bdef8b8edda\">Enhorabuena a todas y todos los miembros de la Comunidad Educativa del IES Carles Salvador por vuestra implicaci\u00f3n.<\/p>\n\n\n\n<p id=\"block-aa6003f1-4a52-4015-91ca-58f8cfbfa2d5\">\ufeff<\/p>\n","protected":false},"excerpt":{"rendered":"<p>Hemos recibido la placa con el reconocimiento \u00abAcreditaci\u00f3n Erasmus\u00bb para el per\u00edodo 2021-27 del SEPIE. Estos distintivos reconocen nuestro esfuerzo y dedicaci\u00f3n por impulsar el sentimiento de ciudadan\u00eda europea, la promoci\u00f3n de los valores comunes europeus, la educaci\u00f3n inclusiva y, en definitiva, la internacionalizaci\u00f3n de la educaci\u00f3n. Tambi\u00e9n hemos recibido el diploma: Enhorabuena a todas&hellip;&nbsp;<a href=\"https:\/\/www.iescarlessalvador.es\/?p=2859&#038;lang=es\" class=\"\" rel=\"bookmark\">Leer m\u00e1s &raquo;<span class=\"screen-reader-text\">Acreditaci\u00f3n Erasmus 2021-27<\/span><\/a><\/p>\n","protected":false},"author":1,"featured_media":2857,"comment_status":"closed","ping_status":"closed","sticky":false,"template":"","format":"standard","meta":{"rop_custom_images_group":[],"rop_custom_messages_group":[],"rop_publish_now":"initial","rop_publish_now_accounts":[],"rop_publish_now_history":[],"rop_publish_now_status":"pending","neve_meta_sidebar":"","neve_meta_container":"","neve_meta_enable_content_width":"off","neve_meta_content_width":0,"neve_meta_title_alignment":"","neve_meta_author_avatar":"","neve_post_elements_order":"","neve_meta_disable_header":"","neve_meta_disable_footer":"","neve_meta_disable_title":"","footnotes":""},"categories":[34],"tags":[],"class_list":["post-2859","post","type-post","status-publish","format-standard","has-post-thumbnail","hentry","category-noticias"],"_links":{"self":[{"href":"https:\/\/www.iescarlessalvador.es\/index.php?rest_route=\/wp\/v2\/posts\/2859","targetHints":{"allow":["GET"]}}],"collection":[{"href":"https:\/\/www.iescarlessalvador.es\/index.php?rest_route=\/wp\/v2\/posts"}],"about":[{"href":"https:\/\/www.iescarlessalvador.es\/index.php?rest_route=\/wp\/v2\/types\/post"}],"author":[{"embeddable":true,"href":"https:\/\/www.iescarlessalvador.es\/index.php?rest_route=\/wp\/v2\/users\/1"}],"replies":[{"embeddable":true,"href":"https:\/\/www.iescarlessalvador.es\/index.php?rest_route=%2Fwp%2Fv2%2Fcomments&post=2859"}],"version-history":[{"count":1,"href":"https:\/\/www.iescarlessalvador.es\/index.php?rest_route=\/wp\/v2\/posts\/2859\/revisions"}],"predecessor-version":[{"id":2860,"href":"https:\/\/www.iescarlessalvador.es\/index.php?rest_route=\/wp\/v2\/posts\/2859\/revisions\/2860"}],"wp:featuredmedia":[{"embeddable":true,"href":"https:\/\/www.iescarlessalvador.es\/index.php?rest_route=\/wp\/v2\/media\/2857"}],"wp:attachment":[{"href":"https:\/\/www.iescarlessalvador.es\/index.php?rest_route=%2Fwp%2Fv2%2Fmedia&parent=2859"}],"wp:term":[{"taxonomy":"category","embeddable":true,"href":"https:\/\/www.iescarlessalvador.es\/index.php?rest_route=%2Fwp%2Fv2%2Fcategories&post=2859"},{"taxonomy":"post_tag","embeddable":true,"href":"https:\/\/www.iescarlessalvador.es\/index.php?rest_route=%2Fwp%2Fv2%2Ftags&post=2859"}],"curies":[{"name":"wp","href":"https:\/\/api.w.org\/{rel}","templated":true}]}}