{"id":2872,"date":"2022-05-27T13:54:38","date_gmt":"2022-05-27T13:54:38","guid":{"rendered":"http:\/\/www.iescarlessalvador.es\/?p=2872"},"modified":"2022-05-27T13:56:18","modified_gmt":"2022-05-27T13:56:18","slug":"graduacio-2021-22","status":"publish","type":"post","link":"https:\/\/www.iescarlessalvador.es\/?p=2872","title":{"rendered":"Graduaci\u00f3 2021-22"},"content":{"rendered":"\n<p>El proper divendres 10 de juny de 2022, tindr\u00e0 lloc l&#8217;acte de Graduaci\u00f3 2021-22 de l&#8217;IES Carles Salvador, al pati del centre, amb el programa seg\u00fcent :<\/p>\n\n\n\n<p>19.00: Presentaci\u00f3 de l&#8217;acte a c\u00e0rrec del director del centre.<\/p>\n\n\n\n<p>19.15: Graduaci\u00f3 de l\u2019alumnat de 4t ESO i 2n FPB.<\/p>\n\n\n\n<p>20.00: Graduaci\u00f3 de l\u2019alumnat de 2n Batxillerat.<\/p>\n\n\n\n<p><\/p>\n\n\n\n<p>En acabar l\u2019acte s\u2019oferir\u00e0 un vi d\u2019honor a tots els assistents.<\/p>\n\n\n\n<p>Amb la col\u00b7laboraci\u00f3 del claustre de professorat, l\u2019Ampa de l\u2019IES Carles Salvador i l\u2019Ajuntament d\u2019Aldaia.<\/p>\n\n\n\n<p><\/p>\n\n\n\n<figure class=\"wp-block-image size-large\"><img fetchpriority=\"high\" decoding=\"async\" width=\"723\" height=\"1024\" src=\"https:\/\/www.iescarlessalvador.es\/wp-content\/uploads\/2022\/05\/Saluda-Invitacion-familias_A5_DEF_001-723x1024.png\" alt=\"\" class=\"wp-image-2873\" srcset=\"https:\/\/www.iescarlessalvador.es\/wp-content\/uploads\/2022\/05\/Saluda-Invitacion-familias_A5_DEF_001-723x1024.png 723w, https:\/\/www.iescarlessalvador.es\/wp-content\/uploads\/2022\/05\/Saluda-Invitacion-familias_A5_DEF_001-212x300.png 212w, https:\/\/www.iescarlessalvador.es\/wp-content\/uploads\/2022\/05\/Saluda-Invitacion-familias_A5_DEF_001-768x1088.png 768w, https:\/\/www.iescarlessalvador.es\/wp-content\/uploads\/2022\/05\/Saluda-Invitacion-familias_A5_DEF_001-1084x1536.png 1084w, https:\/\/www.iescarlessalvador.es\/wp-content\/uploads\/2022\/05\/Saluda-Invitacion-familias_A5_DEF_001-1446x2048.png 1446w, https:\/\/www.iescarlessalvador.es\/wp-content\/uploads\/2022\/05\/Saluda-Invitacion-familias_A5_DEF_001.png 1750w\" sizes=\"(max-width: 723px) 100vw, 723px\" \/><\/figure>\n","protected":false},"excerpt":{"rendered":"<p>El proper divendres 10 de juny de 2022, tindr\u00e0 lloc l&#8217;acte de Graduaci\u00f3 2021-22 de l&#8217;IES Carles Salvador, al pati del centre, amb el programa seg\u00fcent : 19.00: Presentaci\u00f3 de l&#8217;acte a c\u00e0rrec del director del centre. 19.15: Graduaci\u00f3 de l\u2019alumnat de 4t ESO i 2n FPB. 20.00: Graduaci\u00f3 de l\u2019alumnat de 2n Batxillerat. En&hellip;&nbsp;<a href=\"https:\/\/www.iescarlessalvador.es\/?p=2872\" class=\"\" rel=\"bookmark\">Leer m\u00e1s &raquo;<span class=\"screen-reader-text\">Graduaci\u00f3 2021-22<\/span><\/a><\/p>\n","protected":false},"author":1,"featured_media":2873,"comment_status":"closed","ping_status":"closed","sticky":false,"template":"","format":"standard","meta":{"rop_custom_images_group":[],"rop_custom_messages_group":[],"rop_publish_now":"initial","rop_publish_now_accounts":[],"rop_publish_now_history":[],"rop_publish_now_status":"pending","neve_meta_sidebar":"","neve_meta_container":"","neve_meta_enable_content_width":"off","neve_meta_content_width":0,"neve_meta_title_alignment":"","neve_meta_author_avatar":"","neve_post_elements_order":"","neve_meta_disable_header":"","neve_meta_disable_footer":"","neve_meta_disable_title":"","footnotes":""},"categories":[13],"tags":[],"class_list":["post-2872","post","type-post","status-publish","format-standard","has-post-thumbnail","hentry","category-sin-categoria-ca"],"_links":{"self":[{"href":"https:\/\/www.iescarlessalvador.es\/index.php?rest_route=\/wp\/v2\/posts\/2872","targetHints":{"allow":["GET"]}}],"collection":[{"href":"https:\/\/www.iescarlessalvador.es\/index.php?rest_route=\/wp\/v2\/posts"}],"about":[{"href":"https:\/\/www.iescarlessalvador.es\/index.php?rest_route=\/wp\/v2\/types\/post"}],"author":[{"embeddable":true,"href":"https:\/\/www.iescarlessalvador.es\/index.php?rest_route=\/wp\/v2\/users\/1"}],"replies":[{"embeddable":true,"href":"https:\/\/www.iescarlessalvador.es\/index.php?rest_route=%2Fwp%2Fv2%2Fcomments&post=2872"}],"version-history":[{"count":1,"href":"https:\/\/www.iescarlessalvador.es\/index.php?rest_route=\/wp\/v2\/posts\/2872\/revisions"}],"predecessor-version":[{"id":2874,"href":"https:\/\/www.iescarlessalvador.es\/index.php?rest_route=\/wp\/v2\/posts\/2872\/revisions\/2874"}],"wp:featuredmedia":[{"embeddable":true,"href":"https:\/\/www.iescarlessalvador.es\/index.php?rest_route=\/wp\/v2\/media\/2873"}],"wp:attachment":[{"href":"https:\/\/www.iescarlessalvador.es\/index.php?rest_route=%2Fwp%2Fv2%2Fmedia&parent=2872"}],"wp:term":[{"taxonomy":"category","embeddable":true,"href":"https:\/\/www.iescarlessalvador.es\/index.php?rest_route=%2Fwp%2Fv2%2Fcategories&post=2872"},{"taxonomy":"post_tag","embeddable":true,"href":"https:\/\/www.iescarlessalvador.es\/index.php?rest_route=%2Fwp%2Fv2%2Ftags&post=2872"}],"curies":[{"name":"wp","href":"https:\/\/api.w.org\/{rel}","templated":true}]}}