{"id":2875,"date":"2022-05-27T13:59:48","date_gmt":"2022-05-27T13:59:48","guid":{"rendered":"http:\/\/www.iescarlessalvador.es\/?p=2875"},"modified":"2022-05-27T14:00:38","modified_gmt":"2022-05-27T14:00:38","slug":"graduacion-2021-22","status":"publish","type":"post","link":"https:\/\/www.iescarlessalvador.es\/?p=2875&lang=es","title":{"rendered":"Graduaci\u00f3n 2021-22"},"content":{"rendered":"\n<p>El pr\u00f3ximo viernes 10 de junio de 2022, realizaremos el acto de Graduaci\u00f3n 2021-22 del IES Carles Salvador, en el patio del centro, con el siguiente programa:<\/p>\n\n\n\n<p>19.00: Presentaci\u00f3n del acto a cargo del director del centro.<\/p>\n\n\n\n<p>19.15: Graduaci\u00f3n del alumnado de 4\u00ba de ESO y 2\u00ba FPB.<\/p>\n\n\n\n<p>20.00: Graduaci\u00f3n del alumnado de 2\u00ba Bachillerato.<\/p>\n\n\n\n<p><\/p>\n\n\n\n<p>Al finalizar el acto, se ofrecer\u00e1 un vino de honor a todos los asistentes.<\/p>\n\n\n\n<p>Con la colaboraci\u00f3n del Claustro de profesorado, el AMPA del IES Carles Salvador y el Ayuntamiento de Aldaia.<\/p>\n\n\n\n<p><\/p>\n\n\n\n<figure class=\"wp-block-image size-large\"><img fetchpriority=\"high\" decoding=\"async\" width=\"723\" height=\"1024\" src=\"https:\/\/www.iescarlessalvador.es\/wp-content\/uploads\/2022\/05\/Saluda-Invitacion-familias_A5_DEF_001-723x1024.png\" alt=\"\" class=\"wp-image-2873\" srcset=\"https:\/\/www.iescarlessalvador.es\/wp-content\/uploads\/2022\/05\/Saluda-Invitacion-familias_A5_DEF_001-723x1024.png 723w, https:\/\/www.iescarlessalvador.es\/wp-content\/uploads\/2022\/05\/Saluda-Invitacion-familias_A5_DEF_001-212x300.png 212w, https:\/\/www.iescarlessalvador.es\/wp-content\/uploads\/2022\/05\/Saluda-Invitacion-familias_A5_DEF_001-768x1088.png 768w, https:\/\/www.iescarlessalvador.es\/wp-content\/uploads\/2022\/05\/Saluda-Invitacion-familias_A5_DEF_001-1084x1536.png 1084w, https:\/\/www.iescarlessalvador.es\/wp-content\/uploads\/2022\/05\/Saluda-Invitacion-familias_A5_DEF_001-1446x2048.png 1446w, https:\/\/www.iescarlessalvador.es\/wp-content\/uploads\/2022\/05\/Saluda-Invitacion-familias_A5_DEF_001.png 1750w\" sizes=\"(max-width: 723px) 100vw, 723px\" \/><\/figure>\n","protected":false},"excerpt":{"rendered":"<p>El pr\u00f3ximo viernes 10 de junio de 2022, realizaremos el acto de Graduaci\u00f3n 2021-22 del IES Carles Salvador, en el patio del centro, con el siguiente programa: 19.00: Presentaci\u00f3n del acto a cargo del director del centro. 19.15: Graduaci\u00f3n del alumnado de 4\u00ba de ESO y 2\u00ba FPB. 20.00: Graduaci\u00f3n del alumnado de 2\u00ba Bachillerato.&hellip;&nbsp;<a href=\"https:\/\/www.iescarlessalvador.es\/?p=2875&#038;lang=es\" class=\"\" rel=\"bookmark\">Leer m\u00e1s &raquo;<span class=\"screen-reader-text\">Graduaci\u00f3n 2021-22<\/span><\/a><\/p>\n","protected":false},"author":1,"featured_media":2873,"comment_status":"closed","ping_status":"closed","sticky":false,"template":"","format":"standard","meta":{"rop_custom_images_group":[],"rop_custom_messages_group":[],"rop_publish_now":"initial","rop_publish_now_accounts":[],"rop_publish_now_history":[],"rop_publish_now_status":"pending","neve_meta_sidebar":"","neve_meta_container":"","neve_meta_enable_content_width":"off","neve_meta_content_width":0,"neve_meta_title_alignment":"","neve_meta_author_avatar":"","neve_post_elements_order":"","neve_meta_disable_header":"","neve_meta_disable_footer":"","neve_meta_disable_title":"","footnotes":""},"categories":[34],"tags":[],"class_list":["post-2875","post","type-post","status-publish","format-standard","has-post-thumbnail","hentry","category-noticias"],"_links":{"self":[{"href":"https:\/\/www.iescarlessalvador.es\/index.php?rest_route=\/wp\/v2\/posts\/2875","targetHints":{"allow":["GET"]}}],"collection":[{"href":"https:\/\/www.iescarlessalvador.es\/index.php?rest_route=\/wp\/v2\/posts"}],"about":[{"href":"https:\/\/www.iescarlessalvador.es\/index.php?rest_route=\/wp\/v2\/types\/post"}],"author":[{"embeddable":true,"href":"https:\/\/www.iescarlessalvador.es\/index.php?rest_route=\/wp\/v2\/users\/1"}],"replies":[{"embeddable":true,"href":"https:\/\/www.iescarlessalvador.es\/index.php?rest_route=%2Fwp%2Fv2%2Fcomments&post=2875"}],"version-history":[{"count":1,"href":"https:\/\/www.iescarlessalvador.es\/index.php?rest_route=\/wp\/v2\/posts\/2875\/revisions"}],"predecessor-version":[{"id":2876,"href":"https:\/\/www.iescarlessalvador.es\/index.php?rest_route=\/wp\/v2\/posts\/2875\/revisions\/2876"}],"wp:featuredmedia":[{"embeddable":true,"href":"https:\/\/www.iescarlessalvador.es\/index.php?rest_route=\/wp\/v2\/media\/2873"}],"wp:attachment":[{"href":"https:\/\/www.iescarlessalvador.es\/index.php?rest_route=%2Fwp%2Fv2%2Fmedia&parent=2875"}],"wp:term":[{"taxonomy":"category","embeddable":true,"href":"https:\/\/www.iescarlessalvador.es\/index.php?rest_route=%2Fwp%2Fv2%2Fcategories&post=2875"},{"taxonomy":"post_tag","embeddable":true,"href":"https:\/\/www.iescarlessalvador.es\/index.php?rest_route=%2Fwp%2Fv2%2Ftags&post=2875"}],"curies":[{"name":"wp","href":"https:\/\/api.w.org\/{rel}","templated":true}]}}