{"id":2877,"date":"2022-05-31T21:53:30","date_gmt":"2022-05-31T21:53:30","guid":{"rendered":"http:\/\/www.iescarlessalvador.es\/?p=2877"},"modified":"2022-05-31T22:00:18","modified_gmt":"2022-05-31T22:00:18","slug":"la-musica-es-lobjectiu","status":"publish","type":"post","link":"https:\/\/www.iescarlessalvador.es\/?p=2877","title":{"rendered":"La M\u00fasica \u00e9s l&#8217;Objectiu"},"content":{"rendered":"\n<p>El <strong>dimarts 7 de juny de 2022<\/strong>, a les <strong>19.00 hores<\/strong> realitzarem l&#8217;espectacle musical \u00ab<strong>La M\u00fasica en l&#8217;Objectiu<\/strong>\u00ab, que tindr\u00e0 lloc al <strong>TAMA d\u2019Aldaia<\/strong>. <\/p>\n\n\n\n<p>Aquest concert est\u00e0 emmarcat dins d&#8217;un projecte de col\u00b7laboraci\u00f3 entre el departament de m\u00fasica i els Joves Ambaixadors de l&#8217;ONU per al compliment dels Objectius de Desenvolupament Sostenible (ODS).<\/p>\n\n\n\n<p><strong>La solidaritat<\/strong>, com a senyal d&#8217;identitat del nostre centre, tamb\u00e9 estar\u00e0 present al concert, per aix\u00f2 els <strong>demanem una aportaci\u00f3 econ\u00f2mica volunt\u00e0ria a l&#8217;entrada al Tama<\/strong>. La recaptaci\u00f3 anir\u00e0 destinada a l&#8217;ONG \u00abSave the Children\u00bb, dins del projecte \u00ab#NoALaGuerraContraLaInfancia\u201d, que recapta fons econ\u00f2mics per a donar suport al treball dels voluntaris en els camps de refugiats originats per la guerra contra Ucra\u00efna. En el seu nom, moltes gr\u00e0cies per endavant.<\/p>\n\n\n\n<figure class=\"wp-block-image size-large\"><img fetchpriority=\"high\" decoding=\"async\" width=\"724\" height=\"1024\" src=\"https:\/\/www.iescarlessalvador.es\/wp-content\/uploads\/2022\/05\/Saluda-Invitacion-familias_concierto_21_22_001-724x1024.png\" alt=\"\" class=\"wp-image-2878\" srcset=\"https:\/\/www.iescarlessalvador.es\/wp-content\/uploads\/2022\/05\/Saluda-Invitacion-familias_concierto_21_22_001-724x1024.png 724w, https:\/\/www.iescarlessalvador.es\/wp-content\/uploads\/2022\/05\/Saluda-Invitacion-familias_concierto_21_22_001-212x300.png 212w, https:\/\/www.iescarlessalvador.es\/wp-content\/uploads\/2022\/05\/Saluda-Invitacion-familias_concierto_21_22_001-768x1087.png 768w, https:\/\/www.iescarlessalvador.es\/wp-content\/uploads\/2022\/05\/Saluda-Invitacion-familias_concierto_21_22_001-1085x1536.png 1085w, https:\/\/www.iescarlessalvador.es\/wp-content\/uploads\/2022\/05\/Saluda-Invitacion-familias_concierto_21_22_001-1447x2048.png 1447w\" sizes=\"(max-width: 724px) 100vw, 724px\" \/><\/figure>\n\n\n\n<p><br><\/p>\n\n\n\n<figure class=\"wp-block-image size-large\"><img decoding=\"async\" width=\"717\" height=\"1024\" src=\"https:\/\/www.iescarlessalvador.es\/wp-content\/uploads\/2022\/05\/cartell-717x1024.jpg\" alt=\"\" class=\"wp-image-2879\" srcset=\"https:\/\/www.iescarlessalvador.es\/wp-content\/uploads\/2022\/05\/cartell-717x1024.jpg 717w, https:\/\/www.iescarlessalvador.es\/wp-content\/uploads\/2022\/05\/cartell-210x300.jpg 210w, https:\/\/www.iescarlessalvador.es\/wp-content\/uploads\/2022\/05\/cartell-768x1097.jpg 768w, https:\/\/www.iescarlessalvador.es\/wp-content\/uploads\/2022\/05\/cartell-1075x1536.jpg 1075w, https:\/\/www.iescarlessalvador.es\/wp-content\/uploads\/2022\/05\/cartell-1434x2048.jpg 1434w, https:\/\/www.iescarlessalvador.es\/wp-content\/uploads\/2022\/05\/cartell-scaled.jpg 1792w\" sizes=\"(max-width: 717px) 100vw, 717px\" \/><\/figure>\n","protected":false},"excerpt":{"rendered":"<p>El dimarts 7 de juny de 2022, a les 19.00 hores realitzarem l&#8217;espectacle musical \u00abLa M\u00fasica en l&#8217;Objectiu\u00ab, que tindr\u00e0 lloc al TAMA d\u2019Aldaia. Aquest concert est\u00e0 emmarcat dins d&#8217;un projecte de col\u00b7laboraci\u00f3 entre el departament de m\u00fasica i els Joves Ambaixadors de l&#8217;ONU per al compliment dels Objectius de Desenvolupament Sostenible (ODS). La solidaritat,&hellip;&nbsp;<a href=\"https:\/\/www.iescarlessalvador.es\/?p=2877\" class=\"\" rel=\"bookmark\">Leer m\u00e1s &raquo;<span class=\"screen-reader-text\">La M\u00fasica \u00e9s l&#8217;Objectiu<\/span><\/a><\/p>\n","protected":false},"author":1,"featured_media":2879,"comment_status":"closed","ping_status":"closed","sticky":false,"template":"","format":"standard","meta":{"rop_custom_images_group":[],"rop_custom_messages_group":[],"rop_publish_now":"initial","rop_publish_now_accounts":[],"rop_publish_now_history":[],"rop_publish_now_status":"pending","neve_meta_sidebar":"","neve_meta_container":"","neve_meta_enable_content_width":"off","neve_meta_content_width":0,"neve_meta_title_alignment":"","neve_meta_author_avatar":"","neve_post_elements_order":"","neve_meta_disable_header":"","neve_meta_disable_footer":"","neve_meta_disable_title":"","footnotes":""},"categories":[13],"tags":[],"class_list":["post-2877","post","type-post","status-publish","format-standard","has-post-thumbnail","hentry","category-sin-categoria-ca"],"_links":{"self":[{"href":"https:\/\/www.iescarlessalvador.es\/index.php?rest_route=\/wp\/v2\/posts\/2877","targetHints":{"allow":["GET"]}}],"collection":[{"href":"https:\/\/www.iescarlessalvador.es\/index.php?rest_route=\/wp\/v2\/posts"}],"about":[{"href":"https:\/\/www.iescarlessalvador.es\/index.php?rest_route=\/wp\/v2\/types\/post"}],"author":[{"embeddable":true,"href":"https:\/\/www.iescarlessalvador.es\/index.php?rest_route=\/wp\/v2\/users\/1"}],"replies":[{"embeddable":true,"href":"https:\/\/www.iescarlessalvador.es\/index.php?rest_route=%2Fwp%2Fv2%2Fcomments&post=2877"}],"version-history":[{"count":3,"href":"https:\/\/www.iescarlessalvador.es\/index.php?rest_route=\/wp\/v2\/posts\/2877\/revisions"}],"predecessor-version":[{"id":2884,"href":"https:\/\/www.iescarlessalvador.es\/index.php?rest_route=\/wp\/v2\/posts\/2877\/revisions\/2884"}],"wp:featuredmedia":[{"embeddable":true,"href":"https:\/\/www.iescarlessalvador.es\/index.php?rest_route=\/wp\/v2\/media\/2879"}],"wp:attachment":[{"href":"https:\/\/www.iescarlessalvador.es\/index.php?rest_route=%2Fwp%2Fv2%2Fmedia&parent=2877"}],"wp:term":[{"taxonomy":"category","embeddable":true,"href":"https:\/\/www.iescarlessalvador.es\/index.php?rest_route=%2Fwp%2Fv2%2Fcategories&post=2877"},{"taxonomy":"post_tag","embeddable":true,"href":"https:\/\/www.iescarlessalvador.es\/index.php?rest_route=%2Fwp%2Fv2%2Ftags&post=2877"}],"curies":[{"name":"wp","href":"https:\/\/api.w.org\/{rel}","templated":true}]}}