{"id":2881,"date":"2022-05-31T21:57:58","date_gmt":"2022-05-31T21:57:58","guid":{"rendered":"http:\/\/www.iescarlessalvador.es\/?p=2881"},"modified":"2022-05-31T22:00:42","modified_gmt":"2022-05-31T22:00:42","slug":"la-musica-es-el-objetivo","status":"publish","type":"post","link":"https:\/\/www.iescarlessalvador.es\/?p=2881&lang=es","title":{"rendered":"La M\u00fasica es el objetivo"},"content":{"rendered":"\n<p>El <strong>martes 7 de junio de 2022<\/strong>, a las <strong>19.00 horas<\/strong> realizaremos el espect\u00e1culo musical \u00ab<strong>La M\u00fasica en el Objetivo<\/strong>\u00ab, que tendr\u00e1 lugar al <em><strong>TAMA de Aldaia<\/strong>. Este concierto est\u00e1 enmarcado dentro de un proyecto de colaboraci\u00f3n entre el departamento de m\u00fasica y los J\u00f3venes Embajadores de la ONU para el cumplimiento de los Objetivos de Desarrollo Sostenible (<\/em>ODS).<\/p>\n\n\n\n<p><strong>La solidaridad<\/strong>, como se\u00f1al de identidad de nuestro centro, tambi\u00e9n estar\u00e1 presente al concierto, por eso les <strong>pedimos una aportaci\u00f3n econ\u00f3mica voluntaria en la entrada al <em>Tama<\/em><\/strong><em>. La recaudaci\u00f3n ir\u00e1 destinada en la ONG \u00ab<\/em>Save the Children\u00bb, dentro del proyecto \u00ab#NoALaGuerraContraLaInfancia\u201d, que recauda fondos econ\u00f3micos para apoyar al trabajo de los voluntarios en los campos de refugiados originados por la guerra contra Ucrania. En su nombre, muchas gracias por adelantado.<\/p>\n\n\n\n<figure class=\"wp-block-image size-large\"><img fetchpriority=\"high\" decoding=\"async\" width=\"724\" height=\"1024\" src=\"https:\/\/www.iescarlessalvador.es\/wp-content\/uploads\/2022\/05\/Saluda-Invitacion-familias_concierto_21_22_001-724x1024.png\" alt=\"\" class=\"wp-image-2878\" srcset=\"https:\/\/www.iescarlessalvador.es\/wp-content\/uploads\/2022\/05\/Saluda-Invitacion-familias_concierto_21_22_001-724x1024.png 724w, https:\/\/www.iescarlessalvador.es\/wp-content\/uploads\/2022\/05\/Saluda-Invitacion-familias_concierto_21_22_001-212x300.png 212w, https:\/\/www.iescarlessalvador.es\/wp-content\/uploads\/2022\/05\/Saluda-Invitacion-familias_concierto_21_22_001-768x1087.png 768w, https:\/\/www.iescarlessalvador.es\/wp-content\/uploads\/2022\/05\/Saluda-Invitacion-familias_concierto_21_22_001-1085x1536.png 1085w, https:\/\/www.iescarlessalvador.es\/wp-content\/uploads\/2022\/05\/Saluda-Invitacion-familias_concierto_21_22_001-1447x2048.png 1447w\" sizes=\"(max-width: 724px) 100vw, 724px\" \/><\/figure>\n\n\n\n<figure class=\"wp-block-image size-large\"><img decoding=\"async\" width=\"717\" height=\"1024\" src=\"https:\/\/www.iescarlessalvador.es\/wp-content\/uploads\/2022\/05\/cartell-717x1024.jpg\" alt=\"\" class=\"wp-image-2879\" srcset=\"https:\/\/www.iescarlessalvador.es\/wp-content\/uploads\/2022\/05\/cartell-717x1024.jpg 717w, https:\/\/www.iescarlessalvador.es\/wp-content\/uploads\/2022\/05\/cartell-210x300.jpg 210w, https:\/\/www.iescarlessalvador.es\/wp-content\/uploads\/2022\/05\/cartell-768x1097.jpg 768w, https:\/\/www.iescarlessalvador.es\/wp-content\/uploads\/2022\/05\/cartell-1075x1536.jpg 1075w, https:\/\/www.iescarlessalvador.es\/wp-content\/uploads\/2022\/05\/cartell-1434x2048.jpg 1434w, https:\/\/www.iescarlessalvador.es\/wp-content\/uploads\/2022\/05\/cartell-scaled.jpg 1792w\" sizes=\"(max-width: 717px) 100vw, 717px\" \/><\/figure>\n","protected":false},"excerpt":{"rendered":"<p>El martes 7 de junio de 2022, a las 19.00 horas realizaremos el espect\u00e1culo musical \u00abLa M\u00fasica en el Objetivo\u00ab, que tendr\u00e1 lugar al TAMA de Aldaia. Este concierto est\u00e1 enmarcado dentro de un proyecto de colaboraci\u00f3n entre el departamento de m\u00fasica y los J\u00f3venes Embajadores de la ONU para el cumplimiento de los Objetivos&hellip;&nbsp;<a href=\"https:\/\/www.iescarlessalvador.es\/?p=2881&#038;lang=es\" class=\"\" rel=\"bookmark\">Leer m\u00e1s &raquo;<span class=\"screen-reader-text\">La M\u00fasica es el objetivo<\/span><\/a><\/p>\n","protected":false},"author":1,"featured_media":2879,"comment_status":"closed","ping_status":"closed","sticky":false,"template":"","format":"standard","meta":{"rop_custom_images_group":[],"rop_custom_messages_group":[],"rop_publish_now":"initial","rop_publish_now_accounts":[],"rop_publish_now_history":[],"rop_publish_now_status":"pending","neve_meta_sidebar":"","neve_meta_container":"","neve_meta_enable_content_width":"off","neve_meta_content_width":0,"neve_meta_title_alignment":"","neve_meta_author_avatar":"","neve_post_elements_order":"","neve_meta_disable_header":"","neve_meta_disable_footer":"","neve_meta_disable_title":"","footnotes":""},"categories":[34],"tags":[],"class_list":["post-2881","post","type-post","status-publish","format-standard","has-post-thumbnail","hentry","category-noticias"],"_links":{"self":[{"href":"https:\/\/www.iescarlessalvador.es\/index.php?rest_route=\/wp\/v2\/posts\/2881","targetHints":{"allow":["GET"]}}],"collection":[{"href":"https:\/\/www.iescarlessalvador.es\/index.php?rest_route=\/wp\/v2\/posts"}],"about":[{"href":"https:\/\/www.iescarlessalvador.es\/index.php?rest_route=\/wp\/v2\/types\/post"}],"author":[{"embeddable":true,"href":"https:\/\/www.iescarlessalvador.es\/index.php?rest_route=\/wp\/v2\/users\/1"}],"replies":[{"embeddable":true,"href":"https:\/\/www.iescarlessalvador.es\/index.php?rest_route=%2Fwp%2Fv2%2Fcomments&post=2881"}],"version-history":[{"count":2,"href":"https:\/\/www.iescarlessalvador.es\/index.php?rest_route=\/wp\/v2\/posts\/2881\/revisions"}],"predecessor-version":[{"id":2885,"href":"https:\/\/www.iescarlessalvador.es\/index.php?rest_route=\/wp\/v2\/posts\/2881\/revisions\/2885"}],"wp:featuredmedia":[{"embeddable":true,"href":"https:\/\/www.iescarlessalvador.es\/index.php?rest_route=\/wp\/v2\/media\/2879"}],"wp:attachment":[{"href":"https:\/\/www.iescarlessalvador.es\/index.php?rest_route=%2Fwp%2Fv2%2Fmedia&parent=2881"}],"wp:term":[{"taxonomy":"category","embeddable":true,"href":"https:\/\/www.iescarlessalvador.es\/index.php?rest_route=%2Fwp%2Fv2%2Fcategories&post=2881"},{"taxonomy":"post_tag","embeddable":true,"href":"https:\/\/www.iescarlessalvador.es\/index.php?rest_route=%2Fwp%2Fv2%2Ftags&post=2881"}],"curies":[{"name":"wp","href":"https:\/\/api.w.org\/{rel}","templated":true}]}}