{"id":2970,"date":"2022-06-17T15:28:14","date_gmt":"2022-06-17T15:28:14","guid":{"rendered":"http:\/\/www.iescarlessalvador.es\/?p=2970"},"modified":"2022-06-17T15:32:50","modified_gmt":"2022-06-17T15:32:50","slug":"lalumnat-de-cultura-cientifica-4t-eso-col%c2%b7labora-amb-farmamundi-i-presenta-el-video-del-projecte","status":"publish","type":"post","link":"https:\/\/www.iescarlessalvador.es\/?p=2970","title":{"rendered":"L\u2019alumnat de cultura cient\u00edfica 4t ESO col\u00b7labora amb Farmamundi i presenta el v\u00eddeo del projecte ."},"content":{"rendered":"\n<p>Ac\u00ed vos presentem el v\u00eddeo final que hem realitzat l&#8217;alumnat de cultura cient\u00edfica de 4t durant aquest curs, emmarcat en el projecte \u00ab<strong>Del reconeixement a la mobilitzaci\u00f3 transformadora per a la promoci\u00f3 del dret a la salut en l&#8217;Horta Oest, Val\u00e8ncia<\/strong>\u00ab. <\/p>\n\n\n\n<p>Aquest projecte ha estat organitzat i coordinat en col\u00b7laboraci\u00f3 amb <strong>Farmamundi<\/strong>. En ell hem participat dos instituts, mitjan\u00e7ant els Aprenentatges per a l&#8217;acci\u00f3 que podeu vore plasmats en aquest v\u00eddeo resum.<\/p>\n\n\n\n<figure class=\"wp-block-embed is-type-video is-provider-youtube wp-block-embed-youtube wp-embed-aspect-16-9 wp-has-aspect-ratio\"><div class=\"wp-block-embed__wrapper\">\n<div class=\"nv-iframe-embed\"><iframe title=\"Los Objetivos de Desarrollo Sostenible (ODS) en l&#039;Horta Oest de Val\u00e8ncia\" width=\"1200\" height=\"675\" src=\"https:\/\/www.youtube.com\/embed\/pElJpgtUCL0?feature=oembed\" frameborder=\"0\" allow=\"accelerometer; autoplay; clipboard-write; encrypted-media; gyroscope; picture-in-picture\" allowfullscreen><\/iframe><\/div>\n<\/div><\/figure>\n","protected":false},"excerpt":{"rendered":"<p>Ac\u00ed vos presentem el v\u00eddeo final que hem realitzat l&#8217;alumnat de cultura cient\u00edfica de 4t durant aquest curs, emmarcat en el projecte \u00abDel reconeixement a la mobilitzaci\u00f3 transformadora per a la promoci\u00f3 del dret a la salut en l&#8217;Horta Oest, Val\u00e8ncia\u00ab. Aquest projecte ha estat organitzat i coordinat en col\u00b7laboraci\u00f3 amb Farmamundi. En ell hem&hellip;&nbsp;<a href=\"https:\/\/www.iescarlessalvador.es\/?p=2970\" class=\"\" rel=\"bookmark\">Leer m\u00e1s &raquo;<span class=\"screen-reader-text\">L\u2019alumnat de cultura cient\u00edfica 4t ESO col\u00b7labora amb Farmamundi i presenta el v\u00eddeo del projecte .<\/span><\/a><\/p>\n","protected":false},"author":1,"featured_media":0,"comment_status":"closed","ping_status":"closed","sticky":false,"template":"","format":"standard","meta":{"rop_custom_images_group":[],"rop_custom_messages_group":[],"rop_publish_now":"initial","rop_publish_now_accounts":[],"rop_publish_now_history":[],"rop_publish_now_status":"pending","neve_meta_sidebar":"","neve_meta_container":"","neve_meta_enable_content_width":"off","neve_meta_content_width":0,"neve_meta_title_alignment":"","neve_meta_author_avatar":"","neve_post_elements_order":"","neve_meta_disable_header":"","neve_meta_disable_footer":"","neve_meta_disable_title":"","footnotes":""},"categories":[13],"tags":[],"class_list":["post-2970","post","type-post","status-publish","format-standard","hentry","category-sin-categoria-ca"],"_links":{"self":[{"href":"https:\/\/www.iescarlessalvador.es\/index.php?rest_route=\/wp\/v2\/posts\/2970","targetHints":{"allow":["GET"]}}],"collection":[{"href":"https:\/\/www.iescarlessalvador.es\/index.php?rest_route=\/wp\/v2\/posts"}],"about":[{"href":"https:\/\/www.iescarlessalvador.es\/index.php?rest_route=\/wp\/v2\/types\/post"}],"author":[{"embeddable":true,"href":"https:\/\/www.iescarlessalvador.es\/index.php?rest_route=\/wp\/v2\/users\/1"}],"replies":[{"embeddable":true,"href":"https:\/\/www.iescarlessalvador.es\/index.php?rest_route=%2Fwp%2Fv2%2Fcomments&post=2970"}],"version-history":[{"count":2,"href":"https:\/\/www.iescarlessalvador.es\/index.php?rest_route=\/wp\/v2\/posts\/2970\/revisions"}],"predecessor-version":[{"id":2975,"href":"https:\/\/www.iescarlessalvador.es\/index.php?rest_route=\/wp\/v2\/posts\/2970\/revisions\/2975"}],"wp:attachment":[{"href":"https:\/\/www.iescarlessalvador.es\/index.php?rest_route=%2Fwp%2Fv2%2Fmedia&parent=2970"}],"wp:term":[{"taxonomy":"category","embeddable":true,"href":"https:\/\/www.iescarlessalvador.es\/index.php?rest_route=%2Fwp%2Fv2%2Fcategories&post=2970"},{"taxonomy":"post_tag","embeddable":true,"href":"https:\/\/www.iescarlessalvador.es\/index.php?rest_route=%2Fwp%2Fv2%2Ftags&post=2970"}],"curies":[{"name":"wp","href":"https:\/\/api.w.org\/{rel}","templated":true}]}}