{"id":2981,"date":"2022-06-28T14:04:40","date_gmt":"2022-06-28T14:04:40","guid":{"rendered":"http:\/\/www.iescarlessalvador.es\/?p=2981"},"modified":"2022-06-28T14:04:42","modified_gmt":"2022-06-28T14:04:42","slug":"comunicat-ampa-28-06-2022","status":"publish","type":"post","link":"https:\/\/www.iescarlessalvador.es\/?p=2981","title":{"rendered":"Comunicat AMPA &#8211; 28\/06\/2022"},"content":{"rendered":"\n<p class=\"has-text-align-right\">                 Aldaia , 28 de juny de 2022<br><\/p>\n\n\n\n<p class=\"has-text-align-left\">ESTIMADES FAMILIES:<br><\/p>\n\n\n\n<p class=\"has-text-align-left\">Com ja vos hem anant comunicant durant l\u00b4any, l\u00b4associaci\u00f3 est\u00e0 en vies de desapar\u00e8ixer. \u00c9s important que la representaci\u00f3 dels pares\/mares dels i les alumnes estiga present en tots els \u00e0mbits del proc\u00e9s educatiu dels nostres fills\/filles, ja que formem part de la COMUNITAT EDUCATIVA.<br><\/p>\n\n\n\n<p class=\"has-text-align-left\">La pres\u00e8ncia de l&#8217;AMPA \u00e9s necessaria dins del centre educatiu (Consell escolar de centre) per\u00f2 tamb\u00e9 en les institucions d&#8217;\u00e0mbit local (Consell escolar municipal). <br><\/p>\n\n\n\n<p class=\"has-text-align-left\">Si esteu interessats en formar part de l&#8217;Ampa, no sols com a socis\/es, si no, en la directiva, no dubteu en enviar-nos un correu electr\u00f3nic a<\/p>\n\n\n\n<p class=\"has-text-align-center\"> <a href=\"mailto:ampa@iescarlessalvador.es\" data-type=\"mailto\" data-id=\"mailto:ampa@iescarlessalvador.es\">ampa@iescarlessalvador.es<\/a><br> <\/p>\n\n\n\n<p class=\"has-text-align-left\">Ja hi ha alguna persona interesada. ANIMEU-VOS!!! Vos posarem en contacte.<br><\/p>\n\n\n\n<p class=\"has-text-align-center\">LA DIRECTIVA<\/p>\n","protected":false},"excerpt":{"rendered":"<p>Aldaia , 28 de juny de 2022 ESTIMADES FAMILIES: Com ja vos hem anant comunicant durant l\u00b4any, l\u00b4associaci\u00f3 est\u00e0 en vies de desapar\u00e8ixer. \u00c9s important que la representaci\u00f3 dels pares\/mares dels i les alumnes estiga present en tots els \u00e0mbits del proc\u00e9s educatiu dels nostres fills\/filles, ja que formem part de la COMUNITAT EDUCATIVA. La&hellip;&nbsp;<a href=\"https:\/\/www.iescarlessalvador.es\/?p=2981\" class=\"\" rel=\"bookmark\">Leer m\u00e1s &raquo;<span class=\"screen-reader-text\">Comunicat AMPA &#8211; 28\/06\/2022<\/span><\/a><\/p>\n","protected":false},"author":1,"featured_media":2982,"comment_status":"closed","ping_status":"closed","sticky":false,"template":"","format":"standard","meta":{"rop_custom_images_group":[],"rop_custom_messages_group":[],"rop_publish_now":"initial","rop_publish_now_accounts":[],"rop_publish_now_history":[],"rop_publish_now_status":"pending","neve_meta_sidebar":"","neve_meta_container":"","neve_meta_enable_content_width":"off","neve_meta_content_width":0,"neve_meta_title_alignment":"","neve_meta_author_avatar":"","neve_post_elements_order":"","neve_meta_disable_header":"","neve_meta_disable_footer":"","neve_meta_disable_title":"","footnotes":""},"categories":[13],"tags":[],"class_list":["post-2981","post","type-post","status-publish","format-standard","has-post-thumbnail","hentry","category-sin-categoria-ca"],"_links":{"self":[{"href":"https:\/\/www.iescarlessalvador.es\/index.php?rest_route=\/wp\/v2\/posts\/2981","targetHints":{"allow":["GET"]}}],"collection":[{"href":"https:\/\/www.iescarlessalvador.es\/index.php?rest_route=\/wp\/v2\/posts"}],"about":[{"href":"https:\/\/www.iescarlessalvador.es\/index.php?rest_route=\/wp\/v2\/types\/post"}],"author":[{"embeddable":true,"href":"https:\/\/www.iescarlessalvador.es\/index.php?rest_route=\/wp\/v2\/users\/1"}],"replies":[{"embeddable":true,"href":"https:\/\/www.iescarlessalvador.es\/index.php?rest_route=%2Fwp%2Fv2%2Fcomments&post=2981"}],"version-history":[{"count":1,"href":"https:\/\/www.iescarlessalvador.es\/index.php?rest_route=\/wp\/v2\/posts\/2981\/revisions"}],"predecessor-version":[{"id":2983,"href":"https:\/\/www.iescarlessalvador.es\/index.php?rest_route=\/wp\/v2\/posts\/2981\/revisions\/2983"}],"wp:featuredmedia":[{"embeddable":true,"href":"https:\/\/www.iescarlessalvador.es\/index.php?rest_route=\/wp\/v2\/media\/2982"}],"wp:attachment":[{"href":"https:\/\/www.iescarlessalvador.es\/index.php?rest_route=%2Fwp%2Fv2%2Fmedia&parent=2981"}],"wp:term":[{"taxonomy":"category","embeddable":true,"href":"https:\/\/www.iescarlessalvador.es\/index.php?rest_route=%2Fwp%2Fv2%2Fcategories&post=2981"},{"taxonomy":"post_tag","embeddable":true,"href":"https:\/\/www.iescarlessalvador.es\/index.php?rest_route=%2Fwp%2Fv2%2Ftags&post=2981"}],"curies":[{"name":"wp","href":"https:\/\/api.w.org\/{rel}","templated":true}]}}