{"id":2989,"date":"2023-07-04T14:40:51","date_gmt":"2023-07-04T14:40:51","guid":{"rendered":"http:\/\/www.iescarlessalvador.es\/?p=2989"},"modified":"2023-07-04T14:43:13","modified_gmt":"2023-07-04T14:43:13","slug":"video-de-graduacion-2021-22","status":"publish","type":"post","link":"https:\/\/www.iescarlessalvador.es\/?p=2989&lang=es","title":{"rendered":"V\u00eddeo de graduaci\u00f3n 2022-23"},"content":{"rendered":"\n<p>Ya tenemos aqu\u00ed el v\u00eddeo de la graduaci\u00f3n del curso escolar 2022-23 realizada en el IES Carles Salvador<\/p>\n\n\n\n<figure class=\"wp-block-embed is-type-video is-provider-youtube wp-block-embed-youtube wp-embed-aspect-16-9 wp-has-aspect-ratio\"><div class=\"wp-block-embed__wrapper\">\n<div class=\"nv-iframe-embed\"><iframe title=\"IES CARLOS SALVADOR GRADUACIO 2022-23\" width=\"1200\" height=\"675\" src=\"https:\/\/www.youtube.com\/embed\/zbATZgYMTpM?feature=oembed\" frameborder=\"0\" allow=\"accelerometer; autoplay; clipboard-write; encrypted-media; gyroscope; picture-in-picture; web-share\" allowfullscreen><\/iframe><\/div>\n<\/div><\/figure>\n\n\n\n<p class=\"has-text-align-center\">Pod\u00e9is descargar el archivo de este enlace: <a href=\"https:\/\/drive.google.com\/file\/d\/1fJ1RKx3QaOZ3Z9sefGQW2MrrnOrAeZDB\/view?usp=sharing\">V\u00cdDEO<\/a><\/p>\n","protected":false},"excerpt":{"rendered":"<p>Ya tenemos aqu\u00ed el v\u00eddeo de la graduaci\u00f3n del curso escolar 2022-23 realizada en el IES Carles Salvador Pod\u00e9is descargar el archivo de este enlace: V\u00cdDEO<\/p>\n","protected":false},"author":1,"featured_media":4206,"comment_status":"closed","ping_status":"closed","sticky":false,"template":"","format":"standard","meta":{"rop_custom_images_group":[],"rop_custom_messages_group":[],"rop_publish_now":"initial","rop_publish_now_accounts":[],"rop_publish_now_history":[],"rop_publish_now_status":"pending","neve_meta_sidebar":"","neve_meta_container":"","neve_meta_enable_content_width":"off","neve_meta_content_width":0,"neve_meta_title_alignment":"","neve_meta_author_avatar":"","neve_post_elements_order":"","neve_meta_disable_header":"","neve_meta_disable_footer":"","neve_meta_disable_title":"","footnotes":""},"categories":[1],"tags":[],"class_list":["post-2989","post","type-post","status-publish","format-standard","has-post-thumbnail","hentry","category-sin-categoria"],"_links":{"self":[{"href":"https:\/\/www.iescarlessalvador.es\/index.php?rest_route=\/wp\/v2\/posts\/2989","targetHints":{"allow":["GET"]}}],"collection":[{"href":"https:\/\/www.iescarlessalvador.es\/index.php?rest_route=\/wp\/v2\/posts"}],"about":[{"href":"https:\/\/www.iescarlessalvador.es\/index.php?rest_route=\/wp\/v2\/types\/post"}],"author":[{"embeddable":true,"href":"https:\/\/www.iescarlessalvador.es\/index.php?rest_route=\/wp\/v2\/users\/1"}],"replies":[{"embeddable":true,"href":"https:\/\/www.iescarlessalvador.es\/index.php?rest_route=%2Fwp%2Fv2%2Fcomments&post=2989"}],"version-history":[{"count":2,"href":"https:\/\/www.iescarlessalvador.es\/index.php?rest_route=\/wp\/v2\/posts\/2989\/revisions"}],"predecessor-version":[{"id":4205,"href":"https:\/\/www.iescarlessalvador.es\/index.php?rest_route=\/wp\/v2\/posts\/2989\/revisions\/4205"}],"wp:featuredmedia":[{"embeddable":true,"href":"https:\/\/www.iescarlessalvador.es\/index.php?rest_route=\/wp\/v2\/media\/4206"}],"wp:attachment":[{"href":"https:\/\/www.iescarlessalvador.es\/index.php?rest_route=%2Fwp%2Fv2%2Fmedia&parent=2989"}],"wp:term":[{"taxonomy":"category","embeddable":true,"href":"https:\/\/www.iescarlessalvador.es\/index.php?rest_route=%2Fwp%2Fv2%2Fcategories&post=2989"},{"taxonomy":"post_tag","embeddable":true,"href":"https:\/\/www.iescarlessalvador.es\/index.php?rest_route=%2Fwp%2Fv2%2Ftags&post=2989"}],"curies":[{"name":"wp","href":"https:\/\/api.w.org\/{rel}","templated":true}]}}