{"id":3045,"date":"2023-09-01T07:12:00","date_gmt":"2023-09-01T07:12:00","guid":{"rendered":"http:\/\/www.iescarlessalvador.es\/?p=3045"},"modified":"2023-09-01T19:37:09","modified_gmt":"2023-09-01T19:37:09","slug":"inici-curs-escolar-2022-23","status":"publish","type":"post","link":"https:\/\/www.iescarlessalvador.es\/?p=3045","title":{"rendered":"inici curs escolar 2023-24"},"content":{"rendered":"\t\t<div data-elementor-type=\"wp-post\" data-elementor-id=\"3045\" class=\"elementor elementor-3045\">\n\t\t\t\t\t\t<section class=\"elementor-section elementor-top-section elementor-element elementor-element-227f233f elementor-section-boxed elementor-section-height-default elementor-section-height-default\" data-id=\"227f233f\" data-element_type=\"section\" data-e-type=\"section\">\n\t\t\t\t\t\t<div class=\"elementor-container elementor-column-gap-default\">\n\t\t\t\t\t<div class=\"elementor-column elementor-col-100 elementor-top-column elementor-element elementor-element-7acd4665\" data-id=\"7acd4665\" data-element_type=\"column\" data-e-type=\"column\">\n\t\t\t<div class=\"elementor-widget-wrap elementor-element-populated\">\n\t\t\t\t\t\t<div class=\"elementor-element elementor-element-6371563c elementor-widget elementor-widget-text-editor\" data-id=\"6371563c\" data-element_type=\"widget\" data-e-type=\"widget\" data-widget_type=\"text-editor.default\">\n\t\t\t\t<div class=\"elementor-widget-container\">\n\t\t\t\t\t\t\t\t\t<p><\/p>\n<p><strong><em>Aquest es el calendari d&#8217;inici del curs escolar 2023-24 de l&#8217;IES Carles Salvador<\/em><\/strong><\/p>\n<p style=\"margin-right: 70.85pt; text-align: justify;\"><b><i>DIJOUS<span style=\"letter-spacing: .05pt;\"> 7<\/span>\u00a0DE SETEMBRE<\/i><\/b><\/p>\n<p style=\"text-align: justify;\"><span style=\"color: windowtext; mso-ansi-language: ES; mso-fareast-language: AR-SA;\">19:00 h Reuni\u00f3 informativa al sal\u00f3 d&#8217;actes del centre, dirigida a les fam\u00edlies de l&#8217;alumnat de 1r ESO o que se incorpora per primera vegada al centre, per donar les darreres\u00a0 indicacions i resoldre els dubtes.<\/span><b><i><\/i><\/b><\/p>\n<p style=\"margin-right: 266.45pt; text-align: justify;\"><b><i>\u00a0<\/i><\/b><\/p>\n<p style=\"margin-right: 266.45pt; text-align: justify;\"><b><i>DILLUNS<span style=\"letter-spacing: .05pt;\"> 11\u00a0 <\/span>DE\u00a0 SETEMBRE<\/i><\/b><\/p>\n<p>L&#8217;alumnat acudir\u00e0 al centre en l&#8217;horari indicat en la graella adjunta per realitzar la sessi\u00f3 d&#8217;acollida amb els tutors. Han de portar material escolar per prendre nota (llibreta o quadern, material per escriure i una motxilla per poder emportar-se els llibres del banc de llibres).<\/p>\n<p><strong>AULES JORNADA D&#8217;ACOLLIDA<\/strong><\/p>\n<table border=\"1\" width=\"0\" cellspacing=\"2\" cellpadding=\"2\">\n<tbody>\n<tr>\n<td width=\"177\">\n<p>GRUP<\/p>\n<\/td>\n<td width=\"107\">\n<p>HORA<\/p>\n<\/td>\n<td width=\"151\">\n<p>AULA<\/p>\n<\/td>\n<\/tr>\n<tr>\n<td width=\"177\">\n<p>1r ESO A<\/p>\n<\/td>\n<td width=\"107\">\n<p>09:00<\/p>\n<\/td>\n<td width=\"151\">\n<p>0.1<\/p>\n<\/td>\n<\/tr>\n<tr>\n<td width=\"177\">\n<p>1r ESO B<\/p>\n<\/td>\n<td width=\"107\">\n<p>09:00<\/p>\n<\/td>\n<td width=\"151\">\n<p>0.2<\/p>\n<\/td>\n<\/tr>\n<tr>\n<td width=\"177\">\n<p>1r ESO C<\/p>\n<\/td>\n<td width=\"107\">\n<p>09:15<\/p>\n<\/td>\n<td width=\"151\">\n<p>0.3<\/p>\n<\/td>\n<\/tr>\n<tr>\n<td width=\"177\">\n<p>1r ESO D<\/p>\n<\/td>\n<td width=\"107\">\n<p>9:15<\/p>\n<\/td>\n<td width=\"151\">\n<p>Sala Multiusos<\/p>\n<\/td>\n<\/tr>\n<tr>\n<td width=\"177\">\n<p>2n ESO A<\/p>\n<\/td>\n<td width=\"107\">\n<p>12:30<\/p>\n<\/td>\n<td width=\"151\">\n<p>1.1<\/p>\n<\/td>\n<\/tr>\n<tr>\n<td width=\"177\">\n<p>2n ESO B<\/p>\n<\/td>\n<td width=\"107\">\n<p>12:30<\/p>\n<\/td>\n<td width=\"151\">\n<p>1.3<\/p>\n<\/td>\n<\/tr>\n<tr>\n<td width=\"177\">\n<p>2n ESO C<\/p>\n<\/td>\n<td width=\"107\">\n<p>12:45<\/p>\n<\/td>\n<td width=\"151\">\n<p>1.6<\/p>\n<\/td>\n<\/tr>\n<tr>\n<td width=\"177\">\n<p>2n ESO D<\/p>\n<\/td>\n<td width=\"107\">\n<p>12:45<\/p>\n<\/td>\n<td width=\"151\">\n<p>1.8<\/p>\n<\/td>\n<\/tr>\n<tr>\n<td width=\"177\">\n<p>PAC<\/p>\n<\/td>\n<td width=\"107\">\n<p>13:00<\/p>\n<\/td>\n<td width=\"151\">\n<p>1.12<\/p>\n<\/td>\n<\/tr>\n<tr>\n<td width=\"177\">\n<p>3r ESO A<\/p>\n<\/td>\n<td width=\"107\">\n<p>11:00<\/p>\n<\/td>\n<td width=\"151\">\n<p>1.10<\/p>\n<\/td>\n<\/tr>\n<tr>\n<td width=\"177\">\n<p>3r ESO B<\/p>\n<\/td>\n<td width=\"107\">\n<p>11:00<\/p>\n<\/td>\n<td width=\"151\">\n<p>1.11<\/p>\n<\/td>\n<\/tr>\n<tr>\n<td width=\"177\">\n<p>3r ESO C<\/p>\n<\/td>\n<td width=\"107\">\n<p>11:15<\/p>\n<\/td>\n<td width=\"151\">\n<p>1.13<\/p>\n<\/td>\n<\/tr>\n<tr>\n<td width=\"177\">\n<p>3r PDC<\/p>\n<\/td>\n<td width=\"107\">\n<p>11:15<\/p>\n<\/td>\n<td width=\"151\">\n<p>1.2<\/p>\n<\/td>\n<\/tr>\n<tr>\n<td width=\"177\">\n<p>4t ESO A<\/p>\n<\/td>\n<td width=\"107\">\n<p>12:00<\/p>\n<\/td>\n<td width=\"151\">\n<p>2.2<\/p>\n<\/td>\n<\/tr>\n<tr>\n<td width=\"177\">\n<p>4t ESO B<\/p>\n<\/td>\n<td width=\"107\">\n<p>12:00<\/p>\n<\/td>\n<td width=\"151\">\n<p>2.3<\/p>\n<\/td>\n<\/tr>\n<tr>\n<td width=\"177\">\n<p>4t ESO C<\/p>\n<\/td>\n<td width=\"107\">\n<p>12:15<\/p>\n<\/td>\n<td width=\"151\">\n<p>2.4<\/p>\n<\/td>\n<\/tr>\n<tr>\n<td width=\"177\">\n<p>4PDC<\/p>\n<\/td>\n<td width=\"107\">\n<p>12:15<\/p>\n<\/td>\n<td width=\"151\">\n<p>2.5<\/p>\n<\/td>\n<\/tr>\n<tr>\n<td width=\"177\">\n<p>1r BATX \u2013 C<\/p>\n<\/td>\n<td width=\"107\">\n<p>09:45<\/p>\n<\/td>\n<td width=\"151\">\n<p>Sal\u00f3 d&#8217;actes<\/p>\n<\/td>\n<\/tr>\n<tr>\n<td width=\"177\">\n<p>1r BATX \u2013 H<\/p>\n<\/td>\n<td width=\"107\">\n<p>09:45<\/p>\n<\/td>\n<td width=\"151\">\n<p>2.7<\/p>\n<\/td>\n<\/tr>\n<tr>\n<td width=\"177\">\n<p>2n BATX \u2013 C<\/p>\n<\/td>\n<td width=\"107\">\n<p>10:15<\/p>\n<\/td>\n<td width=\"151\">\n<p>2.6<\/p>\n<\/td>\n<\/tr>\n<tr>\n<td width=\"177\">\n<p>2n BATX \u2013 H<\/p>\n<\/td>\n<td width=\"107\">\n<p>10:15<\/p>\n<\/td>\n<td width=\"151\">\n<p>2.8<\/p>\n<\/td>\n<\/tr>\n<tr>\n<td width=\"177\">\n<p>1r FPB<\/p>\n<\/td>\n<td width=\"107\">\n<p>13:00<\/p>\n<\/td>\n<td width=\"151\">\n<p>2.1 (INFO)<\/p>\n<\/td>\n<\/tr>\n<tr>\n<td width=\"177\">\n<p>2n FPB<\/p>\n<\/td>\n<td width=\"107\">\n<p>13:00<\/p>\n<\/td>\n<td width=\"151\">\n<p>1.4 (INFO)<\/p>\n<\/td>\n<\/tr>\n<tr>\n<td width=\"177\">\n<p>1r GM Farmacia<\/p>\n<\/td>\n<td width=\"107\">\n<p>17:00<\/p>\n<\/td>\n<td width=\"151\">\n<p>0.1<\/p>\n<\/td>\n<\/tr>\n<tr>\n<td width=\"177\">\n<p>1r GM Gesti\u00f3 Administrativa<\/p>\n<\/td>\n<td width=\"107\">\n<p>17:00<\/p>\n<\/td>\n<td width=\"151\">\n<p>1.6<\/p>\n<\/td>\n<\/tr>\n<tr>\n<td width=\"177\">\n<p>1r GS Adm. i Financ<\/p>\n<\/td>\n<td width=\"107\">\n<p>17:00<\/p>\n<\/td>\n<td width=\"151\">\n<p>1.3<\/p>\n<\/td>\n<\/tr>\n<tr>\n<td width=\"177\">\n<p>2n GM Farmacia<\/p>\n<\/td>\n<td width=\"107\">\n<p>17:00<\/p>\n<\/td>\n<td width=\"151\">\n<p>Sala multiusos<\/p>\n<\/td>\n<\/tr>\n<tr>\n<td width=\"177\">\n<p>2n GS Adm. i Financ<\/p>\n<\/td>\n<td width=\"107\">\n<p>17:00<\/p>\n<\/td>\n<td width=\"151\">\n<p>1.1<\/p>\n<\/td>\n<\/tr>\n<\/tbody>\n<\/table>\t\t\t\t\t\t\t\t<\/div>\n\t\t\t\t<\/div>\n\t\t\t\t\t<\/div>\n\t\t<\/div>\n\t\t\t\t\t<\/div>\n\t\t<\/section>\n\t\t\t\t<\/div>\n\t\t","protected":false},"excerpt":{"rendered":"<p>Aquest es el calendari d&#8217;inici del curs escolar 2023-24 de l&#8217;IES Carles Salvador DIJOUS 7\u00a0DE SETEMBRE 19:00 h Reuni\u00f3 informativa al sal\u00f3 d&#8217;actes del centre, dirigida a les fam\u00edlies de l&#8217;alumnat de 1r ESO o que se incorpora per primera vegada al centre, per donar les darreres\u00a0 indicacions i resoldre els dubtes. \u00a0 DILLUNS 11\u00a0&hellip;&nbsp;<a href=\"https:\/\/www.iescarlessalvador.es\/?p=3045\" class=\"\" rel=\"bookmark\">Leer m\u00e1s &raquo;<span class=\"screen-reader-text\">inici curs escolar 2023-24<\/span><\/a><\/p>\n","protected":false},"author":1,"featured_media":0,"comment_status":"closed","ping_status":"closed","sticky":false,"template":"","format":"standard","meta":{"rop_custom_images_group":[],"rop_custom_messages_group":[],"rop_publish_now":"initial","rop_publish_now_accounts":[],"rop_publish_now_history":[],"rop_publish_now_status":"pending","neve_meta_sidebar":"","neve_meta_container":"","neve_meta_enable_content_width":"off","neve_meta_content_width":0,"neve_meta_title_alignment":"","neve_meta_author_avatar":"","neve_post_elements_order":"","neve_meta_disable_header":"","neve_meta_disable_footer":"","neve_meta_disable_title":"","footnotes":""},"categories":[13],"tags":[],"class_list":["post-3045","post","type-post","status-publish","format-standard","hentry","category-sin-categoria-ca"],"_links":{"self":[{"href":"https:\/\/www.iescarlessalvador.es\/index.php?rest_route=\/wp\/v2\/posts\/3045","targetHints":{"allow":["GET"]}}],"collection":[{"href":"https:\/\/www.iescarlessalvador.es\/index.php?rest_route=\/wp\/v2\/posts"}],"about":[{"href":"https:\/\/www.iescarlessalvador.es\/index.php?rest_route=\/wp\/v2\/types\/post"}],"author":[{"embeddable":true,"href":"https:\/\/www.iescarlessalvador.es\/index.php?rest_route=\/wp\/v2\/users\/1"}],"replies":[{"embeddable":true,"href":"https:\/\/www.iescarlessalvador.es\/index.php?rest_route=%2Fwp%2Fv2%2Fcomments&post=3045"}],"version-history":[{"count":20,"href":"https:\/\/www.iescarlessalvador.es\/index.php?rest_route=\/wp\/v2\/posts\/3045\/revisions"}],"predecessor-version":[{"id":4250,"href":"https:\/\/www.iescarlessalvador.es\/index.php?rest_route=\/wp\/v2\/posts\/3045\/revisions\/4250"}],"wp:attachment":[{"href":"https:\/\/www.iescarlessalvador.es\/index.php?rest_route=%2Fwp%2Fv2%2Fmedia&parent=3045"}],"wp:term":[{"taxonomy":"category","embeddable":true,"href":"https:\/\/www.iescarlessalvador.es\/index.php?rest_route=%2Fwp%2Fv2%2Fcategories&post=3045"},{"taxonomy":"post_tag","embeddable":true,"href":"https:\/\/www.iescarlessalvador.es\/index.php?rest_route=%2Fwp%2Fv2%2Ftags&post=3045"}],"curies":[{"name":"wp","href":"https:\/\/api.w.org\/{rel}","templated":true}]}}