{"id":3077,"date":"2022-09-07T15:18:53","date_gmt":"2022-09-07T15:18:53","guid":{"rendered":"http:\/\/www.iescarlessalvador.es\/?p=3077"},"modified":"2022-09-07T15:20:43","modified_gmt":"2022-09-07T15:20:43","slug":"adjudicacion-vacantes-ciclos-formativos-septiembre-2022","status":"publish","type":"post","link":"https:\/\/www.iescarlessalvador.es\/?p=3077&lang=es","title":{"rendered":"Adjudicaci\u00f3n vacantes ciclos formativos &#8211; septiembre 2022"},"content":{"rendered":"\t\t<div data-elementor-type=\"wp-post\" data-elementor-id=\"3077\" class=\"elementor elementor-3077\">\n\t\t\t\t\t\t<section class=\"elementor-section elementor-top-section elementor-element elementor-element-429fa37 elementor-section-boxed elementor-section-height-default elementor-section-height-default\" data-id=\"429fa37\" data-element_type=\"section\" data-e-type=\"section\">\n\t\t\t\t\t\t<div class=\"elementor-container elementor-column-gap-default\">\n\t\t\t\t\t<div class=\"elementor-column elementor-col-100 elementor-top-column elementor-element elementor-element-acafcb4\" data-id=\"acafcb4\" data-element_type=\"column\" data-e-type=\"column\">\n\t\t\t<div class=\"elementor-widget-wrap\">\n\t\t\t\t\t\t\t<\/div>\n\t\t<\/div>\n\t\t\t\t\t<\/div>\n\t\t<\/section>\n\t\t\t\t<section class=\"elementor-section elementor-top-section elementor-element elementor-element-13ffe11 elementor-section-boxed elementor-section-height-default elementor-section-height-default\" data-id=\"13ffe11\" data-element_type=\"section\" data-e-type=\"section\">\n\t\t\t\t\t\t<div class=\"elementor-container elementor-column-gap-default\">\n\t\t\t\t\t<div class=\"elementor-column elementor-col-100 elementor-top-column elementor-element elementor-element-358054d\" data-id=\"358054d\" data-element_type=\"column\" data-e-type=\"column\">\n\t\t\t<div class=\"elementor-widget-wrap elementor-element-populated\">\n\t\t\t\t\t\t<div class=\"elementor-element elementor-element-1813773 elementor-widget elementor-widget-text-editor\" data-id=\"1813773\" data-element_type=\"widget\" data-e-type=\"widget\" data-widget_type=\"text-editor.default\">\n\t\t\t\t<div class=\"elementor-widget-container\">\n\t\t\t\t\t\t\t\t\t<p>ADJUDICACI\u00d3N DE VACANTES CICLOS IES CARLES SALVADOR ALDAIA \u2013 SEPTIEMBRE 2022<\/p><table border=\"2\" width=\"0\"><tbody><tr><td width=\"170\">CICLO<\/td><td width=\"151\">FECHA<\/td><td width=\"145\">LUGAR<\/td><td width=\"488\">FASES<\/td><\/tr><tr><td width=\"170\">CFGS (Adm y Finanzas)<\/td><td width=\"151\">12\/09\/2022\u00a0 16:30 h<\/td><td width=\"145\"><p>Sal\u00f3n de Actos<\/p><\/td><td rowspan=\"2\" width=\"488\"><p>Acto p\u00fablico \u00fanico de adjudicaci\u00f3n de vacantes , con el siguiente orden:<\/p><p>1.- Alumnado de ciclos en lista de espera.<\/p><p>2.- Alumnado que ha participado en el proceso de admisi\u00f3n (per nota media)<\/p><p>3.- Alumnado que NO ha participado en el proceso de admisi\u00f3n (por nota media)<\/p><\/td><\/tr><tr><td width=\"170\">CFGM (Farmacia)<\/td><td width=\"151\">12\/09\/2022\u00a0 17:30 h<\/td><td width=\"145\"><p>Sal\u00f3n de Actos<\/p><\/td><\/tr><\/tbody><\/table><p>REQUISITOS PARA EL ACTO DE ADJUDICACI\u00d3N:<\/p><p>1.- El alumnado deber\u00e1 acreditar su participaci\u00f3n presentando la solicitud del proceso de admisi\u00f3n.<\/p><p>2.- Aportar la certificaci\u00f3n acad\u00e9mica de acceso con la nota media<\/p><p>3.- DNI\/NIE en vigor<\/p>\t\t\t\t\t\t\t\t<\/div>\n\t\t\t\t<\/div>\n\t\t\t\t\t<\/div>\n\t\t<\/div>\n\t\t\t\t\t<\/div>\n\t\t<\/section>\n\t\t\t\t<\/div>\n\t\t","protected":false},"excerpt":{"rendered":"<p>ADJUDICACI\u00d3N DE VACANTES CICLOS IES CARLES SALVADOR ALDAIA \u2013 SEPTIEMBRE 2022 CICLO FECHA LUGAR FASES CFGS (Adm y Finanzas) 12\/09\/2022\u00a0 16:30 h Sal\u00f3n de Actos Acto p\u00fablico \u00fanico de adjudicaci\u00f3n de vacantes , con el siguiente orden: 1.- Alumnado de ciclos en lista de espera. 2.- Alumnado que ha participado en el proceso de admisi\u00f3n&hellip;&nbsp;<a href=\"https:\/\/www.iescarlessalvador.es\/?p=3077&#038;lang=es\" class=\"\" rel=\"bookmark\">Leer m\u00e1s &raquo;<span class=\"screen-reader-text\">Adjudicaci\u00f3n vacantes ciclos formativos &#8211; septiembre 2022<\/span><\/a><\/p>\n","protected":false},"author":1,"featured_media":0,"comment_status":"closed","ping_status":"closed","sticky":false,"template":"","format":"standard","meta":{"rop_custom_images_group":[],"rop_custom_messages_group":[],"rop_publish_now":"initial","rop_publish_now_accounts":[],"rop_publish_now_history":[],"rop_publish_now_status":"pending","neve_meta_sidebar":"","neve_meta_container":"","neve_meta_enable_content_width":"off","neve_meta_content_width":0,"neve_meta_title_alignment":"","neve_meta_author_avatar":"","neve_post_elements_order":"","neve_meta_disable_header":"","neve_meta_disable_footer":"","neve_meta_disable_title":"","footnotes":""},"categories":[1],"tags":[],"class_list":["post-3077","post","type-post","status-publish","format-standard","hentry","category-sin-categoria"],"_links":{"self":[{"href":"https:\/\/www.iescarlessalvador.es\/index.php?rest_route=\/wp\/v2\/posts\/3077","targetHints":{"allow":["GET"]}}],"collection":[{"href":"https:\/\/www.iescarlessalvador.es\/index.php?rest_route=\/wp\/v2\/posts"}],"about":[{"href":"https:\/\/www.iescarlessalvador.es\/index.php?rest_route=\/wp\/v2\/types\/post"}],"author":[{"embeddable":true,"href":"https:\/\/www.iescarlessalvador.es\/index.php?rest_route=\/wp\/v2\/users\/1"}],"replies":[{"embeddable":true,"href":"https:\/\/www.iescarlessalvador.es\/index.php?rest_route=%2Fwp%2Fv2%2Fcomments&post=3077"}],"version-history":[{"count":8,"href":"https:\/\/www.iescarlessalvador.es\/index.php?rest_route=\/wp\/v2\/posts\/3077\/revisions"}],"predecessor-version":[{"id":3085,"href":"https:\/\/www.iescarlessalvador.es\/index.php?rest_route=\/wp\/v2\/posts\/3077\/revisions\/3085"}],"wp:attachment":[{"href":"https:\/\/www.iescarlessalvador.es\/index.php?rest_route=%2Fwp%2Fv2%2Fmedia&parent=3077"}],"wp:term":[{"taxonomy":"category","embeddable":true,"href":"https:\/\/www.iescarlessalvador.es\/index.php?rest_route=%2Fwp%2Fv2%2Fcategories&post=3077"},{"taxonomy":"post_tag","embeddable":true,"href":"https:\/\/www.iescarlessalvador.es\/index.php?rest_route=%2Fwp%2Fv2%2Ftags&post=3077"}],"curies":[{"name":"wp","href":"https:\/\/api.w.org\/{rel}","templated":true}]}}