{"id":3091,"date":"2022-09-16T05:45:41","date_gmt":"2022-09-16T05:45:41","guid":{"rendered":"http:\/\/www.iescarlessalvador.es\/?p=3091"},"modified":"2022-09-16T05:45:44","modified_gmt":"2022-09-16T05:45:44","slug":"alumnat-del-carles-a-lucon","status":"publish","type":"post","link":"https:\/\/www.iescarlessalvador.es\/?p=3091","title":{"rendered":"Alumnat del Carles a Lu\u00e7on"},"content":{"rendered":"\n<p>Alumnat de 1r de Batxillerat que participa en el projecte Erasmus a Lu\u00e7on, Fran\u00e7a, ha realitzat diferents presentacions a grups d&#8217;estudiants del Lyc\u00e9e Atlantique. <\/p>\n\n\n\n<figure class=\"wp-block-gallery has-nested-images columns-default is-cropped wp-block-gallery-1 is-layout-flex wp-block-gallery-is-layout-flex\">\n<figure class=\"wp-block-image size-large\"><img fetchpriority=\"high\" decoding=\"async\" width=\"1600\" height=\"1200\" data-id=\"3098\" src=\"https:\/\/www.iescarlessalvador.es\/wp-content\/uploads\/2022\/09\/IMG-20220913-WA0007.jpg\" alt=\"\" class=\"wp-image-3098\" srcset=\"https:\/\/www.iescarlessalvador.es\/wp-content\/uploads\/2022\/09\/IMG-20220913-WA0007.jpg 1600w, https:\/\/www.iescarlessalvador.es\/wp-content\/uploads\/2022\/09\/IMG-20220913-WA0007-300x225.jpg 300w, https:\/\/www.iescarlessalvador.es\/wp-content\/uploads\/2022\/09\/IMG-20220913-WA0007-1024x768.jpg 1024w, https:\/\/www.iescarlessalvador.es\/wp-content\/uploads\/2022\/09\/IMG-20220913-WA0007-768x576.jpg 768w, https:\/\/www.iescarlessalvador.es\/wp-content\/uploads\/2022\/09\/IMG-20220913-WA0007-1536x1152.jpg 1536w\" sizes=\"(max-width: 1600px) 100vw, 1600px\" \/><\/figure>\n\n\n\n<figure class=\"wp-block-image size-large\"><img decoding=\"async\" width=\"1416\" height=\"1062\" data-id=\"3097\" src=\"https:\/\/www.iescarlessalvador.es\/wp-content\/uploads\/2022\/09\/IMG-20220913-WA0006.jpg\" alt=\"\" class=\"wp-image-3097\" srcset=\"https:\/\/www.iescarlessalvador.es\/wp-content\/uploads\/2022\/09\/IMG-20220913-WA0006.jpg 1416w, https:\/\/www.iescarlessalvador.es\/wp-content\/uploads\/2022\/09\/IMG-20220913-WA0006-300x225.jpg 300w, https:\/\/www.iescarlessalvador.es\/wp-content\/uploads\/2022\/09\/IMG-20220913-WA0006-1024x768.jpg 1024w, https:\/\/www.iescarlessalvador.es\/wp-content\/uploads\/2022\/09\/IMG-20220913-WA0006-768x576.jpg 768w\" sizes=\"(max-width: 1416px) 100vw, 1416px\" \/><\/figure>\n\n\n\n<figure class=\"wp-block-image size-large\"><img decoding=\"async\" width=\"1600\" height=\"1200\" data-id=\"3096\" src=\"https:\/\/www.iescarlessalvador.es\/wp-content\/uploads\/2022\/09\/IMG-20220913-WA0005.jpg\" alt=\"\" class=\"wp-image-3096\" srcset=\"https:\/\/www.iescarlessalvador.es\/wp-content\/uploads\/2022\/09\/IMG-20220913-WA0005.jpg 1600w, https:\/\/www.iescarlessalvador.es\/wp-content\/uploads\/2022\/09\/IMG-20220913-WA0005-300x225.jpg 300w, https:\/\/www.iescarlessalvador.es\/wp-content\/uploads\/2022\/09\/IMG-20220913-WA0005-1024x768.jpg 1024w, https:\/\/www.iescarlessalvador.es\/wp-content\/uploads\/2022\/09\/IMG-20220913-WA0005-768x576.jpg 768w, https:\/\/www.iescarlessalvador.es\/wp-content\/uploads\/2022\/09\/IMG-20220913-WA0005-1536x1152.jpg 1536w\" sizes=\"(max-width: 1600px) 100vw, 1600px\" \/><\/figure>\n\n\n\n<figure class=\"wp-block-image size-large\"><img loading=\"lazy\" decoding=\"async\" width=\"1024\" height=\"768\" data-id=\"3095\" src=\"https:\/\/www.iescarlessalvador.es\/wp-content\/uploads\/2022\/09\/IMG-20220913-WA0004.jpg\" alt=\"\" class=\"wp-image-3095\" srcset=\"https:\/\/www.iescarlessalvador.es\/wp-content\/uploads\/2022\/09\/IMG-20220913-WA0004.jpg 1024w, https:\/\/www.iescarlessalvador.es\/wp-content\/uploads\/2022\/09\/IMG-20220913-WA0004-300x225.jpg 300w, https:\/\/www.iescarlessalvador.es\/wp-content\/uploads\/2022\/09\/IMG-20220913-WA0004-768x576.jpg 768w\" sizes=\"(max-width: 1024px) 100vw, 1024px\" \/><\/figure>\n\n\n\n<figure class=\"wp-block-image size-large\"><img loading=\"lazy\" decoding=\"async\" width=\"1368\" height=\"1064\" data-id=\"3094\" src=\"https:\/\/www.iescarlessalvador.es\/wp-content\/uploads\/2022\/09\/IMG-20220913-WA0003.jpg\" alt=\"\" class=\"wp-image-3094\" srcset=\"https:\/\/www.iescarlessalvador.es\/wp-content\/uploads\/2022\/09\/IMG-20220913-WA0003.jpg 1368w, https:\/\/www.iescarlessalvador.es\/wp-content\/uploads\/2022\/09\/IMG-20220913-WA0003-300x233.jpg 300w, https:\/\/www.iescarlessalvador.es\/wp-content\/uploads\/2022\/09\/IMG-20220913-WA0003-1024x796.jpg 1024w, https:\/\/www.iescarlessalvador.es\/wp-content\/uploads\/2022\/09\/IMG-20220913-WA0003-768x597.jpg 768w\" sizes=\"(max-width: 1368px) 100vw, 1368px\" \/><\/figure>\n\n\n\n<figure class=\"wp-block-image size-large\"><img loading=\"lazy\" decoding=\"async\" width=\"1024\" height=\"768\" data-id=\"3093\" src=\"https:\/\/www.iescarlessalvador.es\/wp-content\/uploads\/2022\/09\/IMG-20220913-WA0002.jpg\" alt=\"\" class=\"wp-image-3093\" srcset=\"https:\/\/www.iescarlessalvador.es\/wp-content\/uploads\/2022\/09\/IMG-20220913-WA0002.jpg 1024w, https:\/\/www.iescarlessalvador.es\/wp-content\/uploads\/2022\/09\/IMG-20220913-WA0002-300x225.jpg 300w, https:\/\/www.iescarlessalvador.es\/wp-content\/uploads\/2022\/09\/IMG-20220913-WA0002-768x576.jpg 768w\" sizes=\"(max-width: 1024px) 100vw, 1024px\" \/><\/figure>\n<\/figure>\n\n\n\n<p>Els temes de les presentacions han estat: Valencia i Aldaia amb les seues tradicions, festes i gratronomia; Impressi\u00f3 3D; L&#8217;Albufera de Valencia i el programa Joves Ambaixadors dels ODS.<\/p>\n\n\n\n<p>Tamb\u00e9 s&#8217;han reunit amb els ecodelegats de l&#8217;Institut, per intercanviar idees sobre accions relacionades amb la cura del media ambient i la sostenibilitat.<\/p>\n\n\n\n<p><\/p>\n","protected":false},"excerpt":{"rendered":"<p>Alumnat de 1r de Batxillerat que participa en el projecte Erasmus a Lu\u00e7on, Fran\u00e7a, ha realitzat diferents presentacions a grups d&#8217;estudiants del Lyc\u00e9e Atlantique. Els temes de les presentacions han estat: Valencia i Aldaia amb les seues tradicions, festes i gratronomia; Impressi\u00f3 3D; L&#8217;Albufera de Valencia i el programa Joves Ambaixadors dels ODS. Tamb\u00e9 s&#8217;han&hellip;&nbsp;<a href=\"https:\/\/www.iescarlessalvador.es\/?p=3091\" class=\"\" rel=\"bookmark\">Leer m\u00e1s &raquo;<span class=\"screen-reader-text\">Alumnat del Carles a Lu\u00e7on<\/span><\/a><\/p>\n","protected":false},"author":1,"featured_media":3095,"comment_status":"closed","ping_status":"closed","sticky":false,"template":"","format":"standard","meta":{"rop_custom_images_group":[],"rop_custom_messages_group":[],"rop_publish_now":"initial","rop_publish_now_accounts":[],"rop_publish_now_history":[],"rop_publish_now_status":"pending","neve_meta_sidebar":"","neve_meta_container":"","neve_meta_enable_content_width":"off","neve_meta_content_width":0,"neve_meta_title_alignment":"","neve_meta_author_avatar":"","neve_post_elements_order":"","neve_meta_disable_header":"","neve_meta_disable_footer":"","neve_meta_disable_title":"","footnotes":""},"categories":[13],"tags":[],"class_list":["post-3091","post","type-post","status-publish","format-standard","has-post-thumbnail","hentry","category-sin-categoria-ca"],"_links":{"self":[{"href":"https:\/\/www.iescarlessalvador.es\/index.php?rest_route=\/wp\/v2\/posts\/3091","targetHints":{"allow":["GET"]}}],"collection":[{"href":"https:\/\/www.iescarlessalvador.es\/index.php?rest_route=\/wp\/v2\/posts"}],"about":[{"href":"https:\/\/www.iescarlessalvador.es\/index.php?rest_route=\/wp\/v2\/types\/post"}],"author":[{"embeddable":true,"href":"https:\/\/www.iescarlessalvador.es\/index.php?rest_route=\/wp\/v2\/users\/1"}],"replies":[{"embeddable":true,"href":"https:\/\/www.iescarlessalvador.es\/index.php?rest_route=%2Fwp%2Fv2%2Fcomments&post=3091"}],"version-history":[{"count":2,"href":"https:\/\/www.iescarlessalvador.es\/index.php?rest_route=\/wp\/v2\/posts\/3091\/revisions"}],"predecessor-version":[{"id":3099,"href":"https:\/\/www.iescarlessalvador.es\/index.php?rest_route=\/wp\/v2\/posts\/3091\/revisions\/3099"}],"wp:featuredmedia":[{"embeddable":true,"href":"https:\/\/www.iescarlessalvador.es\/index.php?rest_route=\/wp\/v2\/media\/3095"}],"wp:attachment":[{"href":"https:\/\/www.iescarlessalvador.es\/index.php?rest_route=%2Fwp%2Fv2%2Fmedia&parent=3091"}],"wp:term":[{"taxonomy":"category","embeddable":true,"href":"https:\/\/www.iescarlessalvador.es\/index.php?rest_route=%2Fwp%2Fv2%2Fcategories&post=3091"},{"taxonomy":"post_tag","embeddable":true,"href":"https:\/\/www.iescarlessalvador.es\/index.php?rest_route=%2Fwp%2Fv2%2Ftags&post=3091"}],"curies":[{"name":"wp","href":"https:\/\/api.w.org\/{rel}","templated":true}]}}