{"id":3109,"date":"2022-09-18T06:36:06","date_gmt":"2022-09-18T06:36:06","guid":{"rendered":"http:\/\/www.iescarlessalvador.es\/?p=3109"},"modified":"2022-09-18T06:36:08","modified_gmt":"2022-09-18T06:36:08","slug":"activitats-erasmus-a-lucon-franca","status":"publish","type":"post","link":"https:\/\/www.iescarlessalvador.es\/?p=3109","title":{"rendered":"Activitats Erasmus+ a Lu\u00e7on (fran\u00e7a)"},"content":{"rendered":"\n<p>El nostre alumnat continua fent activitats i presentacions al Lyc\u00e9e Atlantique en el marc del projecte Erasmus+ que estem desenvolupant.\u00a0<\/p>\n\n\n\n<figure class=\"wp-block-gallery has-nested-images columns-default is-cropped wp-block-gallery-1 is-layout-flex wp-block-gallery-is-layout-flex\">\n<figure class=\"wp-block-image size-large\"><img fetchpriority=\"high\" decoding=\"async\" width=\"1024\" height=\"768\" data-id=\"3108\" src=\"https:\/\/www.iescarlessalvador.es\/wp-content\/uploads\/2022\/09\/IMG-20220917-WA0008.jpg\" alt=\"\" class=\"wp-image-3108\" srcset=\"https:\/\/www.iescarlessalvador.es\/wp-content\/uploads\/2022\/09\/IMG-20220917-WA0008.jpg 1024w, https:\/\/www.iescarlessalvador.es\/wp-content\/uploads\/2022\/09\/IMG-20220917-WA0008-300x225.jpg 300w, https:\/\/www.iescarlessalvador.es\/wp-content\/uploads\/2022\/09\/IMG-20220917-WA0008-768x576.jpg 768w\" sizes=\"(max-width: 1024px) 100vw, 1024px\" \/><\/figure>\n\n\n\n<figure class=\"wp-block-image size-large\"><img decoding=\"async\" width=\"1600\" height=\"1160\" data-id=\"3107\" src=\"https:\/\/www.iescarlessalvador.es\/wp-content\/uploads\/2022\/09\/IMG-20220917-WA0007.jpg\" alt=\"\" class=\"wp-image-3107\" srcset=\"https:\/\/www.iescarlessalvador.es\/wp-content\/uploads\/2022\/09\/IMG-20220917-WA0007.jpg 1600w, https:\/\/www.iescarlessalvador.es\/wp-content\/uploads\/2022\/09\/IMG-20220917-WA0007-300x218.jpg 300w, https:\/\/www.iescarlessalvador.es\/wp-content\/uploads\/2022\/09\/IMG-20220917-WA0007-1024x742.jpg 1024w, https:\/\/www.iescarlessalvador.es\/wp-content\/uploads\/2022\/09\/IMG-20220917-WA0007-768x557.jpg 768w, https:\/\/www.iescarlessalvador.es\/wp-content\/uploads\/2022\/09\/IMG-20220917-WA0007-1536x1114.jpg 1536w\" sizes=\"(max-width: 1600px) 100vw, 1600px\" \/><\/figure>\n\n\n\n<figure class=\"wp-block-image size-large\"><img decoding=\"async\" width=\"1024\" height=\"768\" data-id=\"3106\" src=\"https:\/\/www.iescarlessalvador.es\/wp-content\/uploads\/2022\/09\/IMG-20220917-WA0006.jpg\" alt=\"\" class=\"wp-image-3106\" srcset=\"https:\/\/www.iescarlessalvador.es\/wp-content\/uploads\/2022\/09\/IMG-20220917-WA0006.jpg 1024w, https:\/\/www.iescarlessalvador.es\/wp-content\/uploads\/2022\/09\/IMG-20220917-WA0006-300x225.jpg 300w, https:\/\/www.iescarlessalvador.es\/wp-content\/uploads\/2022\/09\/IMG-20220917-WA0006-768x576.jpg 768w\" sizes=\"(max-width: 1024px) 100vw, 1024px\" \/><\/figure>\n\n\n\n<figure class=\"wp-block-image size-large\"><img loading=\"lazy\" decoding=\"async\" width=\"2048\" height=\"1150\" data-id=\"3105\" src=\"https:\/\/www.iescarlessalvador.es\/wp-content\/uploads\/2022\/09\/IMG-20220917-WA0005.jpg\" alt=\"\" class=\"wp-image-3105\" srcset=\"https:\/\/www.iescarlessalvador.es\/wp-content\/uploads\/2022\/09\/IMG-20220917-WA0005.jpg 2048w, https:\/\/www.iescarlessalvador.es\/wp-content\/uploads\/2022\/09\/IMG-20220917-WA0005-300x168.jpg 300w, https:\/\/www.iescarlessalvador.es\/wp-content\/uploads\/2022\/09\/IMG-20220917-WA0005-1024x575.jpg 1024w, https:\/\/www.iescarlessalvador.es\/wp-content\/uploads\/2022\/09\/IMG-20220917-WA0005-768x431.jpg 768w, https:\/\/www.iescarlessalvador.es\/wp-content\/uploads\/2022\/09\/IMG-20220917-WA0005-1536x863.jpg 1536w\" sizes=\"(max-width: 2048px) 100vw, 2048px\" \/><\/figure>\n\n\n\n<figure class=\"wp-block-image size-large\"><img loading=\"lazy\" decoding=\"async\" width=\"1200\" height=\"1600\" data-id=\"3104\" src=\"https:\/\/www.iescarlessalvador.es\/wp-content\/uploads\/2022\/09\/IMG-20220917-WA0004.jpg\" alt=\"\" class=\"wp-image-3104\" srcset=\"https:\/\/www.iescarlessalvador.es\/wp-content\/uploads\/2022\/09\/IMG-20220917-WA0004.jpg 1200w, https:\/\/www.iescarlessalvador.es\/wp-content\/uploads\/2022\/09\/IMG-20220917-WA0004-225x300.jpg 225w, https:\/\/www.iescarlessalvador.es\/wp-content\/uploads\/2022\/09\/IMG-20220917-WA0004-768x1024.jpg 768w, https:\/\/www.iescarlessalvador.es\/wp-content\/uploads\/2022\/09\/IMG-20220917-WA0004-1152x1536.jpg 1152w\" sizes=\"(max-width: 1200px) 100vw, 1200px\" \/><\/figure>\n\n\n\n<figure class=\"wp-block-image size-large\"><img loading=\"lazy\" decoding=\"async\" width=\"1416\" height=\"1062\" data-id=\"3103\" src=\"https:\/\/www.iescarlessalvador.es\/wp-content\/uploads\/2022\/09\/IMG-20220917-WA0003.jpg\" alt=\"\" class=\"wp-image-3103\" srcset=\"https:\/\/www.iescarlessalvador.es\/wp-content\/uploads\/2022\/09\/IMG-20220917-WA0003.jpg 1416w, https:\/\/www.iescarlessalvador.es\/wp-content\/uploads\/2022\/09\/IMG-20220917-WA0003-300x225.jpg 300w, https:\/\/www.iescarlessalvador.es\/wp-content\/uploads\/2022\/09\/IMG-20220917-WA0003-1024x768.jpg 1024w, https:\/\/www.iescarlessalvador.es\/wp-content\/uploads\/2022\/09\/IMG-20220917-WA0003-768x576.jpg 768w\" sizes=\"(max-width: 1416px) 100vw, 1416px\" \/><\/figure>\n\n\n\n<figure class=\"wp-block-image size-large\"><img loading=\"lazy\" decoding=\"async\" width=\"1024\" height=\"768\" data-id=\"3102\" src=\"https:\/\/www.iescarlessalvador.es\/wp-content\/uploads\/2022\/09\/IMG-20220917-WA0017.jpg\" alt=\"\" class=\"wp-image-3102\" srcset=\"https:\/\/www.iescarlessalvador.es\/wp-content\/uploads\/2022\/09\/IMG-20220917-WA0017.jpg 1024w, https:\/\/www.iescarlessalvador.es\/wp-content\/uploads\/2022\/09\/IMG-20220917-WA0017-300x225.jpg 300w, https:\/\/www.iescarlessalvador.es\/wp-content\/uploads\/2022\/09\/IMG-20220917-WA0017-768x576.jpg 768w\" sizes=\"(max-width: 1024px) 100vw, 1024px\" \/><\/figure>\n<\/figure>\n\n\n\n<p><br>A m\u00e9s a m\u00e9s, un grup d&#8217;alumnat franc\u00e9s els ha preparat una degustaci\u00f3 de productes t\u00edpics de la zona, i els ha guiat en una visita per Lu\u00e7on.<\/p>\n","protected":false},"excerpt":{"rendered":"<p>El nostre alumnat continua fent activitats i presentacions al Lyc\u00e9e Atlantique en el marc del projecte Erasmus+ que estem desenvolupant.\u00a0 A m\u00e9s a m\u00e9s, un grup d&#8217;alumnat franc\u00e9s els ha preparat una degustaci\u00f3 de productes t\u00edpics de la zona, i els ha guiat en una visita per Lu\u00e7on.<\/p>\n","protected":false},"author":1,"featured_media":3107,"comment_status":"closed","ping_status":"closed","sticky":false,"template":"","format":"standard","meta":{"rop_custom_images_group":[],"rop_custom_messages_group":[],"rop_publish_now":"initial","rop_publish_now_accounts":[],"rop_publish_now_history":[],"rop_publish_now_status":"pending","neve_meta_sidebar":"","neve_meta_container":"","neve_meta_enable_content_width":"off","neve_meta_content_width":0,"neve_meta_title_alignment":"","neve_meta_author_avatar":"","neve_post_elements_order":"","neve_meta_disable_header":"","neve_meta_disable_footer":"","neve_meta_disable_title":"","footnotes":""},"categories":[17],"tags":[],"class_list":["post-3109","post","type-post","status-publish","format-standard","has-post-thumbnail","hentry","category-sin-categoria-fr"],"_links":{"self":[{"href":"https:\/\/www.iescarlessalvador.es\/index.php?rest_route=\/wp\/v2\/posts\/3109","targetHints":{"allow":["GET"]}}],"collection":[{"href":"https:\/\/www.iescarlessalvador.es\/index.php?rest_route=\/wp\/v2\/posts"}],"about":[{"href":"https:\/\/www.iescarlessalvador.es\/index.php?rest_route=\/wp\/v2\/types\/post"}],"author":[{"embeddable":true,"href":"https:\/\/www.iescarlessalvador.es\/index.php?rest_route=\/wp\/v2\/users\/1"}],"replies":[{"embeddable":true,"href":"https:\/\/www.iescarlessalvador.es\/index.php?rest_route=%2Fwp%2Fv2%2Fcomments&post=3109"}],"version-history":[{"count":1,"href":"https:\/\/www.iescarlessalvador.es\/index.php?rest_route=\/wp\/v2\/posts\/3109\/revisions"}],"predecessor-version":[{"id":3110,"href":"https:\/\/www.iescarlessalvador.es\/index.php?rest_route=\/wp\/v2\/posts\/3109\/revisions\/3110"}],"wp:featuredmedia":[{"embeddable":true,"href":"https:\/\/www.iescarlessalvador.es\/index.php?rest_route=\/wp\/v2\/media\/3107"}],"wp:attachment":[{"href":"https:\/\/www.iescarlessalvador.es\/index.php?rest_route=%2Fwp%2Fv2%2Fmedia&parent=3109"}],"wp:term":[{"taxonomy":"category","embeddable":true,"href":"https:\/\/www.iescarlessalvador.es\/index.php?rest_route=%2Fwp%2Fv2%2Fcategories&post=3109"},{"taxonomy":"post_tag","embeddable":true,"href":"https:\/\/www.iescarlessalvador.es\/index.php?rest_route=%2Fwp%2Fv2%2Ftags&post=3109"}],"curies":[{"name":"wp","href":"https:\/\/api.w.org\/{rel}","templated":true}]}}