{"id":3286,"date":"2024-09-24T21:19:01","date_gmt":"2024-09-24T21:19:01","guid":{"rendered":"http:\/\/www.iescarlessalvador.es\/?p=3286"},"modified":"2024-09-24T21:19:32","modified_gmt":"2024-09-24T21:19:32","slug":"reunions-dinici-de-curs-amb-les-families","status":"publish","type":"post","link":"https:\/\/www.iescarlessalvador.es\/?p=3286","title":{"rendered":"Reunions d&#8217;inici de curs amb les fam\u00edlies"},"content":{"rendered":"\n<p>Els dies 1, 2 i 3 d&#8217;octubre realitzarem les reunions inicials dels tutors amb les fam\u00edlies de l&#8217;alumnat. Podeu consultar l&#8217;horari concret a l&#8217;enlla\u00e7 seg\u00fcent:<\/p>\n\n\n\n<p class=\"has-text-align-center\"><a href=\"https:\/\/www.iescarlessalvador.es\/wp-content\/uploads\/2024\/09\/Reunions-inici-curs-families-24-25.pdf\"><a href=\"https:\/\/www.iescarlessalvador.es\/wp-content\/uploads\/2024\/09\/Reunions-inici-curs-families-24-25.pdf\">HORARIO DE LAS REUNIONES<\/a><\/a><\/p>\n","protected":false},"excerpt":{"rendered":"<p>Els dies 1, 2 i 3 d&#8217;octubre realitzarem les reunions inicials dels tutors amb les fam\u00edlies de l&#8217;alumnat. Podeu consultar l&#8217;horari concret a l&#8217;enlla\u00e7 seg\u00fcent: HORARIO DE LAS REUNIONES<\/p>\n","protected":false},"author":1,"featured_media":0,"comment_status":"closed","ping_status":"closed","sticky":false,"template":"","format":"standard","meta":{"rop_custom_images_group":[],"rop_custom_messages_group":[],"rop_publish_now":"initial","rop_publish_now_accounts":[],"rop_publish_now_history":[],"rop_publish_now_status":"pending","neve_meta_sidebar":"","neve_meta_container":"","neve_meta_enable_content_width":"off","neve_meta_content_width":0,"neve_meta_title_alignment":"","neve_meta_author_avatar":"","neve_post_elements_order":"","neve_meta_disable_header":"","neve_meta_disable_footer":"","neve_meta_disable_title":"","footnotes":""},"categories":[238,13],"tags":[],"class_list":["post-3286","post","type-post","status-publish","format-standard","hentry","category-noticies-ca","category-sin-categoria-ca"],"_links":{"self":[{"href":"https:\/\/www.iescarlessalvador.es\/index.php?rest_route=\/wp\/v2\/posts\/3286","targetHints":{"allow":["GET"]}}],"collection":[{"href":"https:\/\/www.iescarlessalvador.es\/index.php?rest_route=\/wp\/v2\/posts"}],"about":[{"href":"https:\/\/www.iescarlessalvador.es\/index.php?rest_route=\/wp\/v2\/types\/post"}],"author":[{"embeddable":true,"href":"https:\/\/www.iescarlessalvador.es\/index.php?rest_route=\/wp\/v2\/users\/1"}],"replies":[{"embeddable":true,"href":"https:\/\/www.iescarlessalvador.es\/index.php?rest_route=%2Fwp%2Fv2%2Fcomments&post=3286"}],"version-history":[{"count":5,"href":"https:\/\/www.iescarlessalvador.es\/index.php?rest_route=\/wp\/v2\/posts\/3286\/revisions"}],"predecessor-version":[{"id":5162,"href":"https:\/\/www.iescarlessalvador.es\/index.php?rest_route=\/wp\/v2\/posts\/3286\/revisions\/5162"}],"wp:attachment":[{"href":"https:\/\/www.iescarlessalvador.es\/index.php?rest_route=%2Fwp%2Fv2%2Fmedia&parent=3286"}],"wp:term":[{"taxonomy":"category","embeddable":true,"href":"https:\/\/www.iescarlessalvador.es\/index.php?rest_route=%2Fwp%2Fv2%2Fcategories&post=3286"},{"taxonomy":"post_tag","embeddable":true,"href":"https:\/\/www.iescarlessalvador.es\/index.php?rest_route=%2Fwp%2Fv2%2Ftags&post=3286"}],"curies":[{"name":"wp","href":"https:\/\/api.w.org\/{rel}","templated":true}]}}