{"id":3303,"date":"2022-11-05T15:24:19","date_gmt":"2022-11-05T15:24:19","guid":{"rendered":"http:\/\/www.iescarlessalvador.es\/?p=3303"},"modified":"2022-11-13T19:00:38","modified_gmt":"2022-11-13T19:00:38","slug":"reconeixement-per-lacreditacio-erasmus","status":"publish","type":"post","link":"https:\/\/www.iescarlessalvador.es\/?p=3303","title":{"rendered":"Reconeixement per l&#8217;acreditaci\u00f3 erasmus+"},"content":{"rendered":"\n<p>El passat dijous, 3 de novembre de 2022, a la Sala d&#8217;Actes de la Conselleria d&#8217;Educaci\u00f3, Cultura i Esport (Av. Campanar, 32- Val\u00e8ncia),  l&#8217;IES Carles Salvador va rebre el reconeixement per l&#8217;Acreditaci\u00f3 Erasmus en l&#8217;\u00e0mbit de l&#8217;Educacio Escolar.<\/p>\n\n\n\n<figure class=\"wp-block-image size-large\"><img fetchpriority=\"high\" decoding=\"async\" width=\"1024\" height=\"724\" src=\"https:\/\/www.iescarlessalvador.es\/wp-content\/uploads\/2022\/11\/SKM_C364e22110408151-2-1024x724.jpg\" alt=\"\" class=\"wp-image-3304\" srcset=\"https:\/\/www.iescarlessalvador.es\/wp-content\/uploads\/2022\/11\/SKM_C364e22110408151-2-1024x724.jpg 1024w, https:\/\/www.iescarlessalvador.es\/wp-content\/uploads\/2022\/11\/SKM_C364e22110408151-2-300x212.jpg 300w, https:\/\/www.iescarlessalvador.es\/wp-content\/uploads\/2022\/11\/SKM_C364e22110408151-2-768x543.jpg 768w, https:\/\/www.iescarlessalvador.es\/wp-content\/uploads\/2022\/11\/SKM_C364e22110408151-2-1536x1086.jpg 1536w, https:\/\/www.iescarlessalvador.es\/wp-content\/uploads\/2022\/11\/SKM_C364e22110408151-2-2048x1448.jpg 2048w\" sizes=\"(max-width: 1024px) 100vw, 1024px\" \/><\/figure>\n\n\n\n<p>La coordinadora de projectes Erasmus del centre, Paqui Ruiz, va arreplegar aquesta placa que ens anima a continuar amb el nostre pla d&#8217;internacionalitzaci\u00f3 del centre. <\/p>\n\n\n\n<figure class=\"wp-block-image size-large\"><img decoding=\"async\" width=\"1024\" height=\"768\" src=\"https:\/\/www.iescarlessalvador.es\/wp-content\/uploads\/2022\/11\/20221103_102603-1024x768.jpg\" alt=\"\" class=\"wp-image-3319\" srcset=\"https:\/\/www.iescarlessalvador.es\/wp-content\/uploads\/2022\/11\/20221103_102603-1024x768.jpg 1024w, https:\/\/www.iescarlessalvador.es\/wp-content\/uploads\/2022\/11\/20221103_102603-300x225.jpg 300w, https:\/\/www.iescarlessalvador.es\/wp-content\/uploads\/2022\/11\/20221103_102603-768x576.jpg 768w, https:\/\/www.iescarlessalvador.es\/wp-content\/uploads\/2022\/11\/20221103_102603-1536x1152.jpg 1536w, https:\/\/www.iescarlessalvador.es\/wp-content\/uploads\/2022\/11\/20221103_102603-2048x1536.jpg 2048w\" sizes=\"(max-width: 1024px) 100vw, 1024px\" \/><\/figure>\n\n\n\n<p>Enhorabona a tot l&#8217;equip de projectes Erasmus del centre pel vostre treball i la vostra implicaci\u00f3.<\/p>\n","protected":false},"excerpt":{"rendered":"<p>El passat dijous, 3 de novembre de 2022, a la Sala d&#8217;Actes de la Conselleria d&#8217;Educaci\u00f3, Cultura i Esport (Av. Campanar, 32- Val\u00e8ncia), l&#8217;IES Carles Salvador va rebre el reconeixement per l&#8217;Acreditaci\u00f3 Erasmus en l&#8217;\u00e0mbit de l&#8217;Educacio Escolar. La coordinadora de projectes Erasmus del centre, Paqui Ruiz, va arreplegar aquesta placa que ens anima a&hellip;&nbsp;<a href=\"https:\/\/www.iescarlessalvador.es\/?p=3303\" class=\"\" rel=\"bookmark\">Leer m\u00e1s &raquo;<span class=\"screen-reader-text\">Reconeixement per l&#8217;acreditaci\u00f3 erasmus+<\/span><\/a><\/p>\n","protected":false},"author":1,"featured_media":3304,"comment_status":"closed","ping_status":"closed","sticky":false,"template":"","format":"standard","meta":{"rop_custom_images_group":[],"rop_custom_messages_group":[],"rop_publish_now":"initial","rop_publish_now_accounts":[],"rop_publish_now_history":[],"rop_publish_now_status":"pending","neve_meta_sidebar":"","neve_meta_container":"","neve_meta_enable_content_width":"off","neve_meta_content_width":0,"neve_meta_title_alignment":"","neve_meta_author_avatar":"","neve_post_elements_order":"","neve_meta_disable_header":"","neve_meta_disable_footer":"","neve_meta_disable_title":"","footnotes":""},"categories":[13],"tags":[],"class_list":["post-3303","post","type-post","status-publish","format-standard","has-post-thumbnail","hentry","category-sin-categoria-ca"],"_links":{"self":[{"href":"https:\/\/www.iescarlessalvador.es\/index.php?rest_route=\/wp\/v2\/posts\/3303","targetHints":{"allow":["GET"]}}],"collection":[{"href":"https:\/\/www.iescarlessalvador.es\/index.php?rest_route=\/wp\/v2\/posts"}],"about":[{"href":"https:\/\/www.iescarlessalvador.es\/index.php?rest_route=\/wp\/v2\/types\/post"}],"author":[{"embeddable":true,"href":"https:\/\/www.iescarlessalvador.es\/index.php?rest_route=\/wp\/v2\/users\/1"}],"replies":[{"embeddable":true,"href":"https:\/\/www.iescarlessalvador.es\/index.php?rest_route=%2Fwp%2Fv2%2Fcomments&post=3303"}],"version-history":[{"count":2,"href":"https:\/\/www.iescarlessalvador.es\/index.php?rest_route=\/wp\/v2\/posts\/3303\/revisions"}],"predecessor-version":[{"id":3321,"href":"https:\/\/www.iescarlessalvador.es\/index.php?rest_route=\/wp\/v2\/posts\/3303\/revisions\/3321"}],"wp:featuredmedia":[{"embeddable":true,"href":"https:\/\/www.iescarlessalvador.es\/index.php?rest_route=\/wp\/v2\/media\/3304"}],"wp:attachment":[{"href":"https:\/\/www.iescarlessalvador.es\/index.php?rest_route=%2Fwp%2Fv2%2Fmedia&parent=3303"}],"wp:term":[{"taxonomy":"category","embeddable":true,"href":"https:\/\/www.iescarlessalvador.es\/index.php?rest_route=%2Fwp%2Fv2%2Fcategories&post=3303"},{"taxonomy":"post_tag","embeddable":true,"href":"https:\/\/www.iescarlessalvador.es\/index.php?rest_route=%2Fwp%2Fv2%2Ftags&post=3303"}],"curies":[{"name":"wp","href":"https:\/\/api.w.org\/{rel}","templated":true}]}}