{"id":3325,"date":"2022-11-18T08:23:55","date_gmt":"2022-11-18T08:23:55","guid":{"rendered":"http:\/\/www.iescarlessalvador.es\/?p=3325"},"modified":"2022-11-18T08:42:20","modified_gmt":"2022-11-18T08:42:20","slug":"quilometres-de-solidaritat","status":"publish","type":"post","link":"https:\/\/www.iescarlessalvador.es\/?p=3325","title":{"rendered":"QUIL\u00d2METRES DE SOLIDARITAT"},"content":{"rendered":"\n<p>El proper divendres 9 de desembre celebrarem al nostre centre la XIX edici\u00f3 de la cursa Quil\u00f2metres de Solidaritat en col\u00b7laboraci\u00f3 amb Save the Children, i amb la participaci\u00f3 dels centres de prim\u00e0ria adscrits CEIP Platero y yo, Mariano Benlliure, i el el centre ACYPSA . <\/p>\n\n\n\n<p>Tota la informaci\u00f3 ac\u00ed: <\/p>\n\n\n\n<p><a href=\"https:\/\/www.iescarlessalvador.es\/wp-content\/uploads\/2022\/11\/carta-para-familias-Carrera-Solidaria_vl.pdf\">https:\/\/www.iescarlessalvador.es\/wp-content\/uploads\/2022\/11\/carta-para-familias-Carrera-Solidaria_vl.pdf<\/a><\/p>\n\n\n\n<p><\/p>\n","protected":false},"excerpt":{"rendered":"<p>El proper divendres 9 de desembre celebrarem al nostre centre la XIX edici\u00f3 de la cursa Quil\u00f2metres de Solidaritat en col\u00b7laboraci\u00f3 amb Save the Children, i amb la participaci\u00f3 dels centres de prim\u00e0ria adscrits CEIP Platero y yo, Mariano Benlliure, i el el centre ACYPSA . Tota la informaci\u00f3 ac\u00ed: https:\/\/www.iescarlessalvador.es\/wp-content\/uploads\/2022\/11\/carta-para-familias-Carrera-Solidaria_vl.pdf<\/p>\n","protected":false},"author":1,"featured_media":3331,"comment_status":"closed","ping_status":"closed","sticky":false,"template":"","format":"standard","meta":{"rop_custom_images_group":[],"rop_custom_messages_group":[],"rop_publish_now":"initial","rop_publish_now_accounts":[],"rop_publish_now_history":[],"rop_publish_now_status":"pending","neve_meta_sidebar":"","neve_meta_container":"","neve_meta_enable_content_width":"off","neve_meta_content_width":0,"neve_meta_title_alignment":"","neve_meta_author_avatar":"","neve_post_elements_order":"","neve_meta_disable_header":"","neve_meta_disable_footer":"","neve_meta_disable_title":"","footnotes":""},"categories":[13],"tags":[],"class_list":["post-3325","post","type-post","status-publish","format-standard","has-post-thumbnail","hentry","category-sin-categoria-ca"],"_links":{"self":[{"href":"https:\/\/www.iescarlessalvador.es\/index.php?rest_route=\/wp\/v2\/posts\/3325","targetHints":{"allow":["GET"]}}],"collection":[{"href":"https:\/\/www.iescarlessalvador.es\/index.php?rest_route=\/wp\/v2\/posts"}],"about":[{"href":"https:\/\/www.iescarlessalvador.es\/index.php?rest_route=\/wp\/v2\/types\/post"}],"author":[{"embeddable":true,"href":"https:\/\/www.iescarlessalvador.es\/index.php?rest_route=\/wp\/v2\/users\/1"}],"replies":[{"embeddable":true,"href":"https:\/\/www.iescarlessalvador.es\/index.php?rest_route=%2Fwp%2Fv2%2Fcomments&post=3325"}],"version-history":[{"count":1,"href":"https:\/\/www.iescarlessalvador.es\/index.php?rest_route=\/wp\/v2\/posts\/3325\/revisions"}],"predecessor-version":[{"id":3326,"href":"https:\/\/www.iescarlessalvador.es\/index.php?rest_route=\/wp\/v2\/posts\/3325\/revisions\/3326"}],"wp:featuredmedia":[{"embeddable":true,"href":"https:\/\/www.iescarlessalvador.es\/index.php?rest_route=\/wp\/v2\/media\/3331"}],"wp:attachment":[{"href":"https:\/\/www.iescarlessalvador.es\/index.php?rest_route=%2Fwp%2Fv2%2Fmedia&parent=3325"}],"wp:term":[{"taxonomy":"category","embeddable":true,"href":"https:\/\/www.iescarlessalvador.es\/index.php?rest_route=%2Fwp%2Fv2%2Fcategories&post=3325"},{"taxonomy":"post_tag","embeddable":true,"href":"https:\/\/www.iescarlessalvador.es\/index.php?rest_route=%2Fwp%2Fv2%2Ftags&post=3325"}],"curies":[{"name":"wp","href":"https:\/\/api.w.org\/{rel}","templated":true}]}}