{"id":3458,"date":"2022-11-30T22:48:56","date_gmt":"2022-11-30T22:48:56","guid":{"rendered":"http:\/\/www.iescarlessalvador.es\/?p=3458"},"modified":"2022-11-30T22:53:25","modified_gmt":"2022-11-30T22:53:25","slug":"joves-ambaixadors-del-ods-a-aldaia-radio","status":"publish","type":"post","link":"https:\/\/www.iescarlessalvador.es\/?p=3458","title":{"rendered":"Joves ambaixadors del ods A ALDAIA rADIO"},"content":{"rendered":"\n<p>Ricardo Aparicio i Aquilas Fern\u00e1ndez van participar a Aldaia R\u00e0dio com ambaixadors de l&#8217;IES Carles Salvador pels ODS, i van presentar la campanya de recollida de m\u00f2bils utilitzats que promou l&#8217;institut Jane Goodall. <\/p>\n\n\n\n<figure class=\"wp-block-image size-large\"><img fetchpriority=\"high\" decoding=\"async\" width=\"768\" height=\"1024\" src=\"https:\/\/www.iescarlessalvador.es\/wp-content\/uploads\/2022\/11\/IMG-20221129-WA0001-768x1024.jpg\" alt=\"\" class=\"wp-image-3459\" srcset=\"https:\/\/www.iescarlessalvador.es\/wp-content\/uploads\/2022\/11\/IMG-20221129-WA0001-768x1024.jpg 768w, https:\/\/www.iescarlessalvador.es\/wp-content\/uploads\/2022\/11\/IMG-20221129-WA0001-225x300.jpg 225w, https:\/\/www.iescarlessalvador.es\/wp-content\/uploads\/2022\/11\/IMG-20221129-WA0001.jpg 1062w\" sizes=\"(max-width: 768px) 100vw, 768px\" \/><\/figure>\n\n\n\n<p>Els ambaixadors del Carles Salvador i els corresponsals de Gent Jove treballen junts perqu\u00e8 aquesta campanya de recollida s&#8217;amplie a tota la poblaci\u00f3 d&#8217;Aldaia. <\/p>\n","protected":false},"excerpt":{"rendered":"<p>Ricardo Aparicio i Aquilas Fern\u00e1ndez van participar a Aldaia R\u00e0dio com ambaixadors de l&#8217;IES Carles Salvador pels ODS, i van presentar la campanya de recollida de m\u00f2bils utilitzats que promou l&#8217;institut Jane Goodall. Els ambaixadors del Carles Salvador i els corresponsals de Gent Jove treballen junts perqu\u00e8 aquesta campanya de recollida s&#8217;amplie a tota la&hellip;&nbsp;<a href=\"https:\/\/www.iescarlessalvador.es\/?p=3458\" class=\"\" rel=\"bookmark\">Leer m\u00e1s &raquo;<span class=\"screen-reader-text\">Joves ambaixadors del ods A ALDAIA rADIO<\/span><\/a><\/p>\n","protected":false},"author":1,"featured_media":3459,"comment_status":"closed","ping_status":"closed","sticky":false,"template":"","format":"standard","meta":{"rop_custom_images_group":[],"rop_custom_messages_group":[],"rop_publish_now":"initial","rop_publish_now_accounts":[],"rop_publish_now_history":[],"rop_publish_now_status":"pending","neve_meta_sidebar":"","neve_meta_container":"","neve_meta_enable_content_width":"off","neve_meta_content_width":0,"neve_meta_title_alignment":"","neve_meta_author_avatar":"","neve_post_elements_order":"","neve_meta_disable_header":"","neve_meta_disable_footer":"","neve_meta_disable_title":"","footnotes":""},"categories":[13],"tags":[190],"class_list":["post-3458","post","type-post","status-publish","format-standard","has-post-thumbnail","hentry","category-sin-categoria-ca","tag-ambaixadors"],"_links":{"self":[{"href":"https:\/\/www.iescarlessalvador.es\/index.php?rest_route=\/wp\/v2\/posts\/3458","targetHints":{"allow":["GET"]}}],"collection":[{"href":"https:\/\/www.iescarlessalvador.es\/index.php?rest_route=\/wp\/v2\/posts"}],"about":[{"href":"https:\/\/www.iescarlessalvador.es\/index.php?rest_route=\/wp\/v2\/types\/post"}],"author":[{"embeddable":true,"href":"https:\/\/www.iescarlessalvador.es\/index.php?rest_route=\/wp\/v2\/users\/1"}],"replies":[{"embeddable":true,"href":"https:\/\/www.iescarlessalvador.es\/index.php?rest_route=%2Fwp%2Fv2%2Fcomments&post=3458"}],"version-history":[{"count":2,"href":"https:\/\/www.iescarlessalvador.es\/index.php?rest_route=\/wp\/v2\/posts\/3458\/revisions"}],"predecessor-version":[{"id":3465,"href":"https:\/\/www.iescarlessalvador.es\/index.php?rest_route=\/wp\/v2\/posts\/3458\/revisions\/3465"}],"wp:featuredmedia":[{"embeddable":true,"href":"https:\/\/www.iescarlessalvador.es\/index.php?rest_route=\/wp\/v2\/media\/3459"}],"wp:attachment":[{"href":"https:\/\/www.iescarlessalvador.es\/index.php?rest_route=%2Fwp%2Fv2%2Fmedia&parent=3458"}],"wp:term":[{"taxonomy":"category","embeddable":true,"href":"https:\/\/www.iescarlessalvador.es\/index.php?rest_route=%2Fwp%2Fv2%2Fcategories&post=3458"},{"taxonomy":"post_tag","embeddable":true,"href":"https:\/\/www.iescarlessalvador.es\/index.php?rest_route=%2Fwp%2Fv2%2Ftags&post=3458"}],"curies":[{"name":"wp","href":"https:\/\/api.w.org\/{rel}","templated":true}]}}