{"id":3461,"date":"2022-11-30T22:49:41","date_gmt":"2022-11-30T22:49:41","guid":{"rendered":"http:\/\/www.iescarlessalvador.es\/?p=3461"},"modified":"2022-11-30T22:52:39","modified_gmt":"2022-11-30T22:52:39","slug":"nuestros-jovenes-embajadores-por-los-ods-en-aldaia-radio","status":"publish","type":"post","link":"https:\/\/www.iescarlessalvador.es\/?p=3461&lang=es","title":{"rendered":"Nuestros j\u00f3venes embajadores por los ods en aldaia radio"},"content":{"rendered":"\n<p>Ricardo Aparicio y Aquilas Fern\u00e1ndez participaron en Aldaia R\u00e0dio como embajadores del IES Carles Salvador por los ODS, y presentaron la campa\u00f1a de recogida de m\u00f3viles usados que promueve el Instituto Jane Goodall.<\/p>\n\n\n\n<figure class=\"wp-block-image size-large\"><img fetchpriority=\"high\" decoding=\"async\" width=\"768\" height=\"1024\" src=\"https:\/\/www.iescarlessalvador.es\/wp-content\/uploads\/2022\/11\/IMG-20221129-WA0001-768x1024.jpg\" alt=\"\" class=\"wp-image-3459\" srcset=\"https:\/\/www.iescarlessalvador.es\/wp-content\/uploads\/2022\/11\/IMG-20221129-WA0001-768x1024.jpg 768w, https:\/\/www.iescarlessalvador.es\/wp-content\/uploads\/2022\/11\/IMG-20221129-WA0001-225x300.jpg 225w, https:\/\/www.iescarlessalvador.es\/wp-content\/uploads\/2022\/11\/IMG-20221129-WA0001.jpg 1062w\" sizes=\"(max-width: 768px) 100vw, 768px\" \/><\/figure>\n\n\n\n<p>Los embajadores del Carles Salvador y los corresponsales de Gent Jove trabajan juntos para que esta campa\u00f1a de recogida se amplie a toda la poblaci\u00f3n de Aldaia.<\/p>\n","protected":false},"excerpt":{"rendered":"<p>Ricardo Aparicio y Aquilas Fern\u00e1ndez participaron en Aldaia R\u00e0dio como embajadores del IES Carles Salvador por los ODS, y presentaron la campa\u00f1a de recogida de m\u00f3viles usados que promueve el Instituto Jane Goodall. Los embajadores del Carles Salvador y los corresponsales de Gent Jove trabajan juntos para que esta campa\u00f1a de recogida se amplie a&hellip;&nbsp;<a href=\"https:\/\/www.iescarlessalvador.es\/?p=3461&#038;lang=es\" class=\"\" rel=\"bookmark\">Leer m\u00e1s &raquo;<span class=\"screen-reader-text\">Nuestros j\u00f3venes embajadores por los ods en aldaia radio<\/span><\/a><\/p>\n","protected":false},"author":1,"featured_media":3459,"comment_status":"closed","ping_status":"closed","sticky":false,"template":"","format":"standard","meta":{"rop_custom_images_group":[],"rop_custom_messages_group":[],"rop_publish_now":"initial","rop_publish_now_accounts":[],"rop_publish_now_history":[],"rop_publish_now_status":"pending","neve_meta_sidebar":"","neve_meta_container":"","neve_meta_enable_content_width":"off","neve_meta_content_width":0,"neve_meta_title_alignment":"","neve_meta_author_avatar":"","neve_post_elements_order":"","neve_meta_disable_header":"","neve_meta_disable_footer":"","neve_meta_disable_title":"","footnotes":""},"categories":[34],"tags":[],"class_list":["post-3461","post","type-post","status-publish","format-standard","has-post-thumbnail","hentry","category-noticias"],"_links":{"self":[{"href":"https:\/\/www.iescarlessalvador.es\/index.php?rest_route=\/wp\/v2\/posts\/3461","targetHints":{"allow":["GET"]}}],"collection":[{"href":"https:\/\/www.iescarlessalvador.es\/index.php?rest_route=\/wp\/v2\/posts"}],"about":[{"href":"https:\/\/www.iescarlessalvador.es\/index.php?rest_route=\/wp\/v2\/types\/post"}],"author":[{"embeddable":true,"href":"https:\/\/www.iescarlessalvador.es\/index.php?rest_route=\/wp\/v2\/users\/1"}],"replies":[{"embeddable":true,"href":"https:\/\/www.iescarlessalvador.es\/index.php?rest_route=%2Fwp%2Fv2%2Fcomments&post=3461"}],"version-history":[{"count":2,"href":"https:\/\/www.iescarlessalvador.es\/index.php?rest_route=\/wp\/v2\/posts\/3461\/revisions"}],"predecessor-version":[{"id":3464,"href":"https:\/\/www.iescarlessalvador.es\/index.php?rest_route=\/wp\/v2\/posts\/3461\/revisions\/3464"}],"wp:featuredmedia":[{"embeddable":true,"href":"https:\/\/www.iescarlessalvador.es\/index.php?rest_route=\/wp\/v2\/media\/3459"}],"wp:attachment":[{"href":"https:\/\/www.iescarlessalvador.es\/index.php?rest_route=%2Fwp%2Fv2%2Fmedia&parent=3461"}],"wp:term":[{"taxonomy":"category","embeddable":true,"href":"https:\/\/www.iescarlessalvador.es\/index.php?rest_route=%2Fwp%2Fv2%2Fcategories&post=3461"},{"taxonomy":"post_tag","embeddable":true,"href":"https:\/\/www.iescarlessalvador.es\/index.php?rest_route=%2Fwp%2Fv2%2Ftags&post=3461"}],"curies":[{"name":"wp","href":"https:\/\/api.w.org\/{rel}","templated":true}]}}