{"id":3467,"date":"2022-12-11T10:42:38","date_gmt":"2022-12-11T10:42:38","guid":{"rendered":"http:\/\/www.iescarlessalvador.es\/?p=3467"},"modified":"2022-12-11T10:42:40","modified_gmt":"2022-12-11T10:42:40","slug":"nuestros-jovenes-embajadores-de-los-ods-dialogan-con-el-secretario-general-de-la-onu","status":"publish","type":"post","link":"https:\/\/www.iescarlessalvador.es\/?p=3467&lang=es","title":{"rendered":"Nuestros J\u00d3VENES EMBAJADORES DE LOS ODS DIALOGAN CON EL SECRETARIO GENERAL DE LA ONU"},"content":{"rendered":"\n<p><\/p>\n\n\n\n<p>El pasado 5 de diciembre, nuestras embajadoras de los ODS Carla Saniuta, Lydia \u00c1lvarez y Alma Pardal, junto a otros embajador@s de ocho colegios e institutos que pertenecen a la Red, participaron en una mesa de di\u00e1logo con el Sr. Atul Khare, Secretario General Adjunto de ONU y la Sra. Giovanna Ceglie, directora del centro de servicios mundiales de ONU.<\/p>\n\n\n\n<figure class=\"wp-block-image size-full\"><img fetchpriority=\"high\" decoding=\"async\" width=\"1024\" height=\"682\" src=\"https:\/\/www.iescarlessalvador.es\/wp-content\/uploads\/2022\/12\/IMG-20221209-WA0004.jpg\" alt=\"\" class=\"wp-image-3469\" srcset=\"https:\/\/www.iescarlessalvador.es\/wp-content\/uploads\/2022\/12\/IMG-20221209-WA0004.jpg 1024w, https:\/\/www.iescarlessalvador.es\/wp-content\/uploads\/2022\/12\/IMG-20221209-WA0004-300x200.jpg 300w, https:\/\/www.iescarlessalvador.es\/wp-content\/uploads\/2022\/12\/IMG-20221209-WA0004-768x512.jpg 768w, https:\/\/www.iescarlessalvador.es\/wp-content\/uploads\/2022\/12\/IMG-20221209-WA0004-930x620.jpg 930w\" sizes=\"(max-width: 1024px) 100vw, 1024px\" \/><\/figure>\n\n\n\n<figure class=\"wp-block-image size-full\"><img decoding=\"async\" width=\"1024\" height=\"682\" src=\"https:\/\/www.iescarlessalvador.es\/wp-content\/uploads\/2022\/12\/IMG-20221209-WA0005.jpg\" alt=\"\" class=\"wp-image-3471\" srcset=\"https:\/\/www.iescarlessalvador.es\/wp-content\/uploads\/2022\/12\/IMG-20221209-WA0005.jpg 1024w, https:\/\/www.iescarlessalvador.es\/wp-content\/uploads\/2022\/12\/IMG-20221209-WA0005-300x200.jpg 300w, https:\/\/www.iescarlessalvador.es\/wp-content\/uploads\/2022\/12\/IMG-20221209-WA0005-768x512.jpg 768w, https:\/\/www.iescarlessalvador.es\/wp-content\/uploads\/2022\/12\/IMG-20221209-WA0005-930x620.jpg 930w\" sizes=\"(max-width: 1024px) 100vw, 1024px\" \/><\/figure>\n\n\n\n<p>Posteriormente estuvieron presentes en la inauguraci\u00f3n del nuevo edificio de UNICEF, en la base de Naciones Unidas de Quart de Poblet.<\/p>\n\n\n\n<figure class=\"wp-block-image size-full\"><img decoding=\"async\" width=\"1024\" height=\"682\" src=\"https:\/\/www.iescarlessalvador.es\/wp-content\/uploads\/2022\/12\/IMG-20221209-WA0006.jpg\" alt=\"\" class=\"wp-image-3470\" srcset=\"https:\/\/www.iescarlessalvador.es\/wp-content\/uploads\/2022\/12\/IMG-20221209-WA0006.jpg 1024w, https:\/\/www.iescarlessalvador.es\/wp-content\/uploads\/2022\/12\/IMG-20221209-WA0006-300x200.jpg 300w, https:\/\/www.iescarlessalvador.es\/wp-content\/uploads\/2022\/12\/IMG-20221209-WA0006-768x512.jpg 768w, https:\/\/www.iescarlessalvador.es\/wp-content\/uploads\/2022\/12\/IMG-20221209-WA0006-930x620.jpg 930w\" sizes=\"(max-width: 1024px) 100vw, 1024px\" \/><\/figure>\n\n\n\n<p>Los diecinueve j\u00f3venes, expusieron su preocupaci\u00f3n sobre temas sociales, econ\u00f3micos y medioambientales. Adem\u00e1s para concienciar sobre la desigualdad o el cambio clim\u00e1tico, indicaron la necesidad de apoyo por parte de los adultos, as\u00ed que aprovecharon la cita para pedir al subsecretario general, Atul Khare, m\u00e1s medios e inversi\u00f3n que les permita acudir a actividades, actos o reuniones.<\/p>\n\n\n\n<figure class=\"wp-block-gallery has-nested-images columns-default is-cropped wp-block-gallery-1 is-layout-flex wp-block-gallery-is-layout-flex\">\n<figure class=\"wp-block-image size-large\"><img loading=\"lazy\" decoding=\"async\" width=\"2560\" height=\"2560\" data-id=\"3496\" src=\"https:\/\/www.iescarlessalvador.es\/wp-content\/uploads\/2022\/12\/1670754321455-1-scaled.jpg\" alt=\"\" class=\"wp-image-3496\" srcset=\"https:\/\/www.iescarlessalvador.es\/wp-content\/uploads\/2022\/12\/1670754321455-1-scaled.jpg 2560w, https:\/\/www.iescarlessalvador.es\/wp-content\/uploads\/2022\/12\/1670754321455-1-300x300.jpg 300w, https:\/\/www.iescarlessalvador.es\/wp-content\/uploads\/2022\/12\/1670754321455-1-1024x1024.jpg 1024w, https:\/\/www.iescarlessalvador.es\/wp-content\/uploads\/2022\/12\/1670754321455-1-150x150.jpg 150w, https:\/\/www.iescarlessalvador.es\/wp-content\/uploads\/2022\/12\/1670754321455-1-768x768.jpg 768w, https:\/\/www.iescarlessalvador.es\/wp-content\/uploads\/2022\/12\/1670754321455-1-1536x1536.jpg 1536w, https:\/\/www.iescarlessalvador.es\/wp-content\/uploads\/2022\/12\/1670754321455-1-2048x2048.jpg 2048w\" sizes=\"(max-width: 2560px) 100vw, 2560px\" \/><\/figure>\n\n\n\n<figure class=\"wp-block-image size-large\"><img loading=\"lazy\" decoding=\"async\" width=\"2560\" height=\"2560\" data-id=\"3489\" src=\"https:\/\/www.iescarlessalvador.es\/wp-content\/uploads\/2022\/12\/1670754321336-1-scaled.jpg\" alt=\"\" class=\"wp-image-3489\" srcset=\"https:\/\/www.iescarlessalvador.es\/wp-content\/uploads\/2022\/12\/1670754321336-1-scaled.jpg 2560w, https:\/\/www.iescarlessalvador.es\/wp-content\/uploads\/2022\/12\/1670754321336-1-300x300.jpg 300w, https:\/\/www.iescarlessalvador.es\/wp-content\/uploads\/2022\/12\/1670754321336-1-1024x1024.jpg 1024w, https:\/\/www.iescarlessalvador.es\/wp-content\/uploads\/2022\/12\/1670754321336-1-150x150.jpg 150w, https:\/\/www.iescarlessalvador.es\/wp-content\/uploads\/2022\/12\/1670754321336-1-768x768.jpg 768w, https:\/\/www.iescarlessalvador.es\/wp-content\/uploads\/2022\/12\/1670754321336-1-1536x1536.jpg 1536w, https:\/\/www.iescarlessalvador.es\/wp-content\/uploads\/2022\/12\/1670754321336-1-2048x2048.jpg 2048w\" sizes=\"(max-width: 2560px) 100vw, 2560px\" \/><\/figure>\n\n\n\n<figure class=\"wp-block-image size-large\"><img loading=\"lazy\" decoding=\"async\" width=\"2560\" height=\"2560\" data-id=\"3475\" src=\"https:\/\/www.iescarlessalvador.es\/wp-content\/uploads\/2022\/12\/1670754321284-scaled.jpg\" alt=\"\" class=\"wp-image-3475\" srcset=\"https:\/\/www.iescarlessalvador.es\/wp-content\/uploads\/2022\/12\/1670754321284-scaled.jpg 2560w, https:\/\/www.iescarlessalvador.es\/wp-content\/uploads\/2022\/12\/1670754321284-300x300.jpg 300w, https:\/\/www.iescarlessalvador.es\/wp-content\/uploads\/2022\/12\/1670754321284-1024x1024.jpg 1024w, https:\/\/www.iescarlessalvador.es\/wp-content\/uploads\/2022\/12\/1670754321284-150x150.jpg 150w, https:\/\/www.iescarlessalvador.es\/wp-content\/uploads\/2022\/12\/1670754321284-768x768.jpg 768w, https:\/\/www.iescarlessalvador.es\/wp-content\/uploads\/2022\/12\/1670754321284-1536x1536.jpg 1536w, https:\/\/www.iescarlessalvador.es\/wp-content\/uploads\/2022\/12\/1670754321284-2048x2048.jpg 2048w\" sizes=\"(max-width: 2560px) 100vw, 2560px\" \/><\/figure>\n\n\n\n<figure class=\"wp-block-image size-large\"><img loading=\"lazy\" decoding=\"async\" width=\"2560\" height=\"2560\" data-id=\"3476\" src=\"https:\/\/www.iescarlessalvador.es\/wp-content\/uploads\/2022\/12\/1670754321528-scaled.jpg\" alt=\"\" class=\"wp-image-3476\" srcset=\"https:\/\/www.iescarlessalvador.es\/wp-content\/uploads\/2022\/12\/1670754321528-scaled.jpg 2560w, https:\/\/www.iescarlessalvador.es\/wp-content\/uploads\/2022\/12\/1670754321528-300x300.jpg 300w, https:\/\/www.iescarlessalvador.es\/wp-content\/uploads\/2022\/12\/1670754321528-1024x1024.jpg 1024w, https:\/\/www.iescarlessalvador.es\/wp-content\/uploads\/2022\/12\/1670754321528-150x150.jpg 150w, https:\/\/www.iescarlessalvador.es\/wp-content\/uploads\/2022\/12\/1670754321528-768x768.jpg 768w, https:\/\/www.iescarlessalvador.es\/wp-content\/uploads\/2022\/12\/1670754321528-1536x1536.jpg 1536w, https:\/\/www.iescarlessalvador.es\/wp-content\/uploads\/2022\/12\/1670754321528-2048x2048.jpg 2048w\" sizes=\"(max-width: 2560px) 100vw, 2560px\" \/><\/figure>\n\n\n\n<figure class=\"wp-block-image size-large\"><img loading=\"lazy\" decoding=\"async\" width=\"2560\" height=\"2560\" data-id=\"3477\" src=\"https:\/\/www.iescarlessalvador.es\/wp-content\/uploads\/2022\/12\/1670754321491-scaled.jpg\" alt=\"\" class=\"wp-image-3477\" srcset=\"https:\/\/www.iescarlessalvador.es\/wp-content\/uploads\/2022\/12\/1670754321491-scaled.jpg 2560w, https:\/\/www.iescarlessalvador.es\/wp-content\/uploads\/2022\/12\/1670754321491-300x300.jpg 300w, https:\/\/www.iescarlessalvador.es\/wp-content\/uploads\/2022\/12\/1670754321491-1024x1024.jpg 1024w, https:\/\/www.iescarlessalvador.es\/wp-content\/uploads\/2022\/12\/1670754321491-150x150.jpg 150w, https:\/\/www.iescarlessalvador.es\/wp-content\/uploads\/2022\/12\/1670754321491-768x768.jpg 768w, https:\/\/www.iescarlessalvador.es\/wp-content\/uploads\/2022\/12\/1670754321491-1536x1536.jpg 1536w, https:\/\/www.iescarlessalvador.es\/wp-content\/uploads\/2022\/12\/1670754321491-2048x2048.jpg 2048w\" sizes=\"(max-width: 2560px) 100vw, 2560px\" \/><\/figure>\n\n\n\n<figure class=\"wp-block-image size-large\"><img loading=\"lazy\" decoding=\"async\" width=\"2560\" height=\"2560\" data-id=\"3487\" src=\"https:\/\/www.iescarlessalvador.es\/wp-content\/uploads\/2022\/12\/1670754321418-scaled.jpg\" alt=\"\" class=\"wp-image-3487\" srcset=\"https:\/\/www.iescarlessalvador.es\/wp-content\/uploads\/2022\/12\/1670754321418-scaled.jpg 2560w, https:\/\/www.iescarlessalvador.es\/wp-content\/uploads\/2022\/12\/1670754321418-300x300.jpg 300w, https:\/\/www.iescarlessalvador.es\/wp-content\/uploads\/2022\/12\/1670754321418-1024x1024.jpg 1024w, https:\/\/www.iescarlessalvador.es\/wp-content\/uploads\/2022\/12\/1670754321418-150x150.jpg 150w, https:\/\/www.iescarlessalvador.es\/wp-content\/uploads\/2022\/12\/1670754321418-768x768.jpg 768w, https:\/\/www.iescarlessalvador.es\/wp-content\/uploads\/2022\/12\/1670754321418-1536x1536.jpg 1536w, https:\/\/www.iescarlessalvador.es\/wp-content\/uploads\/2022\/12\/1670754321418-2048x2048.jpg 2048w\" sizes=\"(max-width: 2560px) 100vw, 2560px\" \/><\/figure>\n<\/figure>\n","protected":false},"excerpt":{"rendered":"<p>El pasado 5 de diciembre, nuestras embajadoras de los ODS Carla Saniuta, Lydia \u00c1lvarez y Alma Pardal, junto a otros embajador@s de ocho colegios e institutos que pertenecen a la Red, participaron en una mesa de di\u00e1logo con el Sr. Atul Khare, Secretario General Adjunto de ONU y la Sra. Giovanna Ceglie, directora del centro&hellip;&nbsp;<a href=\"https:\/\/www.iescarlessalvador.es\/?p=3467&#038;lang=es\" class=\"\" rel=\"bookmark\">Leer m\u00e1s &raquo;<span class=\"screen-reader-text\">Nuestros J\u00d3VENES EMBAJADORES DE LOS ODS DIALOGAN CON EL SECRETARIO GENERAL DE LA ONU<\/span><\/a><\/p>\n","protected":false},"author":1,"featured_media":3471,"comment_status":"closed","ping_status":"closed","sticky":false,"template":"","format":"standard","meta":{"rop_custom_images_group":[],"rop_custom_messages_group":[],"rop_publish_now":"initial","rop_publish_now_accounts":[],"rop_publish_now_history":[],"rop_publish_now_status":"pending","neve_meta_sidebar":"","neve_meta_container":"","neve_meta_enable_content_width":"off","neve_meta_content_width":0,"neve_meta_title_alignment":"","neve_meta_author_avatar":"","neve_post_elements_order":"","neve_meta_disable_header":"","neve_meta_disable_footer":"","neve_meta_disable_title":"","footnotes":""},"categories":[34],"tags":[],"class_list":["post-3467","post","type-post","status-publish","format-standard","has-post-thumbnail","hentry","category-noticias"],"_links":{"self":[{"href":"https:\/\/www.iescarlessalvador.es\/index.php?rest_route=\/wp\/v2\/posts\/3467","targetHints":{"allow":["GET"]}}],"collection":[{"href":"https:\/\/www.iescarlessalvador.es\/index.php?rest_route=\/wp\/v2\/posts"}],"about":[{"href":"https:\/\/www.iescarlessalvador.es\/index.php?rest_route=\/wp\/v2\/types\/post"}],"author":[{"embeddable":true,"href":"https:\/\/www.iescarlessalvador.es\/index.php?rest_route=\/wp\/v2\/users\/1"}],"replies":[{"embeddable":true,"href":"https:\/\/www.iescarlessalvador.es\/index.php?rest_route=%2Fwp%2Fv2%2Fcomments&post=3467"}],"version-history":[{"count":2,"href":"https:\/\/www.iescarlessalvador.es\/index.php?rest_route=\/wp\/v2\/posts\/3467\/revisions"}],"predecessor-version":[{"id":3499,"href":"https:\/\/www.iescarlessalvador.es\/index.php?rest_route=\/wp\/v2\/posts\/3467\/revisions\/3499"}],"wp:featuredmedia":[{"embeddable":true,"href":"https:\/\/www.iescarlessalvador.es\/index.php?rest_route=\/wp\/v2\/media\/3471"}],"wp:attachment":[{"href":"https:\/\/www.iescarlessalvador.es\/index.php?rest_route=%2Fwp%2Fv2%2Fmedia&parent=3467"}],"wp:term":[{"taxonomy":"category","embeddable":true,"href":"https:\/\/www.iescarlessalvador.es\/index.php?rest_route=%2Fwp%2Fv2%2Fcategories&post=3467"},{"taxonomy":"post_tag","embeddable":true,"href":"https:\/\/www.iescarlessalvador.es\/index.php?rest_route=%2Fwp%2Fv2%2Ftags&post=3467"}],"curies":[{"name":"wp","href":"https:\/\/api.w.org\/{rel}","templated":true}]}}