{"id":3502,"date":"2022-12-11T11:32:34","date_gmt":"2022-12-11T11:32:34","guid":{"rendered":"http:\/\/www.iescarlessalvador.es\/?p=3502"},"modified":"2022-12-11T11:39:55","modified_gmt":"2022-12-11T11:39:55","slug":"cursa-solidaria","status":"publish","type":"post","link":"https:\/\/www.iescarlessalvador.es\/?p=3502","title":{"rendered":"Cursa solid\u00e0ria"},"content":{"rendered":"\n<p>Un any m\u00e9s hem celebrat la cursa solid\u00e0ria amb la col\u00b7laboraci\u00f3 dels centres adscrits CEIP Mariano Benlliure, CEIP Platero y yo i els amics del centre ve\u00ed d&#8217;ACYPSA. <\/p>\n\n\n\n<figure class=\"wp-block-image size-large\"><img fetchpriority=\"high\" decoding=\"async\" width=\"2560\" height=\"1441\" src=\"https:\/\/www.iescarlessalvador.es\/wp-content\/uploads\/2022\/12\/DSCN8874-edited-scaled.jpg\" alt=\"\" class=\"wp-image-3504\" srcset=\"https:\/\/www.iescarlessalvador.es\/wp-content\/uploads\/2022\/12\/DSCN8874-edited-scaled.jpg 2560w, https:\/\/www.iescarlessalvador.es\/wp-content\/uploads\/2022\/12\/DSCN8874-edited-300x169.jpg 300w, https:\/\/www.iescarlessalvador.es\/wp-content\/uploads\/2022\/12\/DSCN8874-edited-1024x576.jpg 1024w, https:\/\/www.iescarlessalvador.es\/wp-content\/uploads\/2022\/12\/DSCN8874-edited-768x432.jpg 768w, https:\/\/www.iescarlessalvador.es\/wp-content\/uploads\/2022\/12\/DSCN8874-edited-1536x864.jpg 1536w, https:\/\/www.iescarlessalvador.es\/wp-content\/uploads\/2022\/12\/DSCN8874-edited-2048x1153.jpg 2048w\" sizes=\"(max-width: 2560px) 100vw, 2560px\" \/><\/figure>\n\n\n\n<p>Hem recorregut molts quil\u00f2metres per ajudar l&#8217;ONG Save The Children en la seua tasca.<\/p>\n\n\n\n<figure class=\"wp-block-image size-large\"><img decoding=\"async\" width=\"1024\" height=\"768\" src=\"https:\/\/www.iescarlessalvador.es\/wp-content\/uploads\/2022\/12\/DSCN8873-1024x768.jpg\" alt=\"\" class=\"wp-image-3505\" srcset=\"https:\/\/www.iescarlessalvador.es\/wp-content\/uploads\/2022\/12\/DSCN8873-1024x768.jpg 1024w, https:\/\/www.iescarlessalvador.es\/wp-content\/uploads\/2022\/12\/DSCN8873-300x225.jpg 300w, https:\/\/www.iescarlessalvador.es\/wp-content\/uploads\/2022\/12\/DSCN8873-768x576.jpg 768w, https:\/\/www.iescarlessalvador.es\/wp-content\/uploads\/2022\/12\/DSCN8873-1536x1152.jpg 1536w, https:\/\/www.iescarlessalvador.es\/wp-content\/uploads\/2022\/12\/DSCN8873-2048x1536.jpg 2048w\" sizes=\"(max-width: 1024px) 100vw, 1024px\" \/><\/figure>\n\n\n\n<figure class=\"wp-block-image size-large\"><img decoding=\"async\" width=\"1024\" height=\"768\" src=\"https:\/\/www.iescarlessalvador.es\/wp-content\/uploads\/2022\/12\/DSCN8872-1024x768.jpg\" alt=\"\" class=\"wp-image-3506\" srcset=\"https:\/\/www.iescarlessalvador.es\/wp-content\/uploads\/2022\/12\/DSCN8872-1024x768.jpg 1024w, https:\/\/www.iescarlessalvador.es\/wp-content\/uploads\/2022\/12\/DSCN8872-300x225.jpg 300w, https:\/\/www.iescarlessalvador.es\/wp-content\/uploads\/2022\/12\/DSCN8872-768x576.jpg 768w, https:\/\/www.iescarlessalvador.es\/wp-content\/uploads\/2022\/12\/DSCN8872-1536x1152.jpg 1536w, https:\/\/www.iescarlessalvador.es\/wp-content\/uploads\/2022\/12\/DSCN8872-2048x1536.jpg 2048w\" sizes=\"(max-width: 1024px) 100vw, 1024px\" \/><\/figure>\n\n\n\n<figure class=\"wp-block-image size-large\"><img loading=\"lazy\" decoding=\"async\" width=\"1024\" height=\"768\" src=\"https:\/\/www.iescarlessalvador.es\/wp-content\/uploads\/2022\/12\/DSCN8870-1024x768.jpg\" alt=\"\" class=\"wp-image-3507\" srcset=\"https:\/\/www.iescarlessalvador.es\/wp-content\/uploads\/2022\/12\/DSCN8870-1024x768.jpg 1024w, https:\/\/www.iescarlessalvador.es\/wp-content\/uploads\/2022\/12\/DSCN8870-300x225.jpg 300w, https:\/\/www.iescarlessalvador.es\/wp-content\/uploads\/2022\/12\/DSCN8870-768x576.jpg 768w, https:\/\/www.iescarlessalvador.es\/wp-content\/uploads\/2022\/12\/DSCN8870-1536x1152.jpg 1536w, https:\/\/www.iescarlessalvador.es\/wp-content\/uploads\/2022\/12\/DSCN8870-2048x1536.jpg 2048w\" sizes=\"(max-width: 1024px) 100vw, 1024px\" \/><\/figure>\n\n\n\n<figure class=\"wp-block-image size-large\"><img loading=\"lazy\" decoding=\"async\" width=\"1024\" height=\"768\" src=\"https:\/\/www.iescarlessalvador.es\/wp-content\/uploads\/2022\/12\/DSCN8946-1024x768.jpg\" alt=\"\" class=\"wp-image-3508\" srcset=\"https:\/\/www.iescarlessalvador.es\/wp-content\/uploads\/2022\/12\/DSCN8946-1024x768.jpg 1024w, https:\/\/www.iescarlessalvador.es\/wp-content\/uploads\/2022\/12\/DSCN8946-300x225.jpg 300w, https:\/\/www.iescarlessalvador.es\/wp-content\/uploads\/2022\/12\/DSCN8946-768x576.jpg 768w, https:\/\/www.iescarlessalvador.es\/wp-content\/uploads\/2022\/12\/DSCN8946-1536x1152.jpg 1536w, https:\/\/www.iescarlessalvador.es\/wp-content\/uploads\/2022\/12\/DSCN8946-2048x1536.jpg 2048w\" sizes=\"(max-width: 1024px) 100vw, 1024px\" \/><\/figure>\n\n\n\n<figure class=\"wp-block-image size-large\"><img loading=\"lazy\" decoding=\"async\" width=\"1024\" height=\"768\" src=\"https:\/\/www.iescarlessalvador.es\/wp-content\/uploads\/2022\/12\/DSCN8942-1024x768.jpg\" alt=\"\" class=\"wp-image-3509\" srcset=\"https:\/\/www.iescarlessalvador.es\/wp-content\/uploads\/2022\/12\/DSCN8942-1024x768.jpg 1024w, https:\/\/www.iescarlessalvador.es\/wp-content\/uploads\/2022\/12\/DSCN8942-300x225.jpg 300w, https:\/\/www.iescarlessalvador.es\/wp-content\/uploads\/2022\/12\/DSCN8942-768x576.jpg 768w, https:\/\/www.iescarlessalvador.es\/wp-content\/uploads\/2022\/12\/DSCN8942-1536x1152.jpg 1536w, https:\/\/www.iescarlessalvador.es\/wp-content\/uploads\/2022\/12\/DSCN8942-2048x1536.jpg 2048w\" sizes=\"(max-width: 1024px) 100vw, 1024px\" \/><\/figure>\n\n\n\n<p>Moltes gr\u00e0cies a totes i tots els que heu participat, en especial la implicaci\u00f3 del departament d&#8217;educaci\u00f3 f\u00edsica. Us esperem en les properes edicions.<\/p>\n\n\n\n<p>Podeu trobar totes les fotos al seg\u00fcent enlla\u00e7:<\/p>\n\n\n\n<p> <a href=\"https:\/\/photos.google.com\/share\/AF1QipMsA-zGn_ymkk2Y-fajVYqKvLW2R5tWedrzx1mKzJ7l6hNb1gY6K0yZtP1N24M4qQ\/photo\/AF1QipP8YKhmldpLuWZxJfVpJz88vJOn9I5odxE3EeQe?key=WHo2OFZUeFZpd21pT2dIOUItS0RYS1A2U1hjaC1B\" target=\"_blank\" rel=\"noreferrer noopener\">https:\/\/photos.google.com\/share\/AF1QipMsA-zGn_ymkk2Y-fajVYqKvLW2R5tWedrzx1mKzJ7l6hNb1gY6K0yZtP1N24M4qQ\/photo\/AF1QipP8YKhmldpLuWZxJfVpJz88vJOn9I5odxE3EeQe?key=WHo2OFZUeFZpd21pT2dIOUItS0RYS1A2U1hjaC1B<\/a><\/p>\n","protected":false},"excerpt":{"rendered":"<p>Un any m\u00e9s hem celebrat la cursa solid\u00e0ria amb la col\u00b7laboraci\u00f3 dels centres adscrits CEIP Mariano Benlliure, CEIP Platero y yo i els amics del centre ve\u00ed d&#8217;ACYPSA. Hem recorregut molts quil\u00f2metres per ajudar l&#8217;ONG Save The Children en la seua tasca. Moltes gr\u00e0cies a totes i tots els que heu participat, en especial la&hellip;&nbsp;<a href=\"https:\/\/www.iescarlessalvador.es\/?p=3502\" class=\"\" rel=\"bookmark\">Leer m\u00e1s &raquo;<span class=\"screen-reader-text\">Cursa solid\u00e0ria<\/span><\/a><\/p>\n","protected":false},"author":1,"featured_media":3506,"comment_status":"closed","ping_status":"closed","sticky":false,"template":"","format":"standard","meta":{"rop_custom_images_group":[],"rop_custom_messages_group":[],"rop_publish_now":"initial","rop_publish_now_accounts":[],"rop_publish_now_history":[],"rop_publish_now_status":"pending","neve_meta_sidebar":"","neve_meta_container":"","neve_meta_enable_content_width":"off","neve_meta_content_width":0,"neve_meta_title_alignment":"","neve_meta_author_avatar":"","neve_post_elements_order":"","neve_meta_disable_header":"","neve_meta_disable_footer":"","neve_meta_disable_title":"","footnotes":""},"categories":[13],"tags":[],"class_list":["post-3502","post","type-post","status-publish","format-standard","has-post-thumbnail","hentry","category-sin-categoria-ca"],"_links":{"self":[{"href":"https:\/\/www.iescarlessalvador.es\/index.php?rest_route=\/wp\/v2\/posts\/3502","targetHints":{"allow":["GET"]}}],"collection":[{"href":"https:\/\/www.iescarlessalvador.es\/index.php?rest_route=\/wp\/v2\/posts"}],"about":[{"href":"https:\/\/www.iescarlessalvador.es\/index.php?rest_route=\/wp\/v2\/types\/post"}],"author":[{"embeddable":true,"href":"https:\/\/www.iescarlessalvador.es\/index.php?rest_route=\/wp\/v2\/users\/1"}],"replies":[{"embeddable":true,"href":"https:\/\/www.iescarlessalvador.es\/index.php?rest_route=%2Fwp%2Fv2%2Fcomments&post=3502"}],"version-history":[{"count":2,"href":"https:\/\/www.iescarlessalvador.es\/index.php?rest_route=\/wp\/v2\/posts\/3502\/revisions"}],"predecessor-version":[{"id":3517,"href":"https:\/\/www.iescarlessalvador.es\/index.php?rest_route=\/wp\/v2\/posts\/3502\/revisions\/3517"}],"wp:featuredmedia":[{"embeddable":true,"href":"https:\/\/www.iescarlessalvador.es\/index.php?rest_route=\/wp\/v2\/media\/3506"}],"wp:attachment":[{"href":"https:\/\/www.iescarlessalvador.es\/index.php?rest_route=%2Fwp%2Fv2%2Fmedia&parent=3502"}],"wp:term":[{"taxonomy":"category","embeddable":true,"href":"https:\/\/www.iescarlessalvador.es\/index.php?rest_route=%2Fwp%2Fv2%2Fcategories&post=3502"},{"taxonomy":"post_tag","embeddable":true,"href":"https:\/\/www.iescarlessalvador.es\/index.php?rest_route=%2Fwp%2Fv2%2Ftags&post=3502"}],"curies":[{"name":"wp","href":"https:\/\/api.w.org\/{rel}","templated":true}]}}