{"id":3518,"date":"2022-12-13T22:03:46","date_gmt":"2022-12-13T22:03:46","guid":{"rendered":"http:\/\/www.iescarlessalvador.es\/?p=3518"},"modified":"2022-12-13T22:09:56","modified_gmt":"2022-12-13T22:09:56","slug":"alumnat-de-lies-carles-salvador-ha-realitzat-accions-de-sensibilitzacio-per-la-salut-planetaria","status":"publish","type":"post","link":"https:\/\/www.iescarlessalvador.es\/?p=3518","title":{"rendered":"Alumnat de l&#8217;IES Carles Salvador ha realitzat accions de sensibilitzaci\u00f3 per la salut planet\u00e0ria"},"content":{"rendered":"\n<p>Durant el projecte, l&#8217;alumnat ha participat en les diverses activitats que s&#8217;han realitzat en el marc del projecte finan\u00e7at per l&#8217;Excma. Diputaci\u00f3 de Val\u00e8ncia i organitzat per Farmamundi. Primer, l&#8217;alumnat ha pogut ampliar els seus coneixements a trav\u00e9s de tallers de formaci\u00f3 i reflexi\u00f3 al voltant de tem\u00e0tiques com han sigut la salut, els drets humans, les desigualtats socials, la salut planet\u00e0ria i ODS.<br><\/p>\n\n\n\n<p>A trav\u00e9s de din\u00e0miques participatives, innovadores i experiencials, l&#8217;alumnat del 3r de l&#8217;ESO ha pogut apropiar-se de conceptes que, posteriorment ha pogut posar en pr\u00e0ctica en el marc de l&#8217;Aprenentatge per a l&#8217;Acci\u00f3.<br><\/p>\n\n\n\n<p>Els alumnes i alumnes han creat escultures amb els residus que han recollit en el Cintur\u00f3 Verd d&#8217;Aldaia. Una de les escultures, representa el s\u00edmbol del reciclatge, acompanyada de diversos missatges sobre la import\u00e0ncia de no sols reciclar, sin\u00f3 tamb\u00e9 reutilitzar i reduir. Una altra, representa una persona tirant el planeta al fem. Totes dues escultures manifesten un mateix missatge  <\/p>\n\n\n\n<p>#PlanetasHayMuchosPeroParaVivirSoloUn \ud83c\udf0e.<\/p>\n\n\n\n<p><\/p>\n\n\n\n<p>Finalment, l&#8217;alumnat, va protagonitzar el tancament del proc\u00e9s a trav\u00e9s d&#8217;una jornada de socialitzaci\u00f3, a trav\u00e9s d&#8217;ella, es va crear un espai de di\u00e0leg i intercanvi d&#8217;experi\u00e8ncies entre l&#8217;alumnat, podent aix\u00ed, consolidar els seus aprenentatges.<br><\/p>\n\n\n\n<p>\u2018\u2018L&#8217;Aprenentatge per a l&#8217;Acci\u00f3 ha suposat treballar d&#8217;una manera diferent, posar en marxa un projecte, que era el projecte interdisciplinari. Tamb\u00e9, ha suposat posar en marxa din\u00e0miques de treball diferents a les que utilitzava fins ara.\u2019\u2019  Professora de l&#8217;IES Carles Salvador.<\/p>\n\n\n\n<p>Podeu veure el v\u00eddeo del projecte ac\u00ed: <\/p>\n\n\n\n<figure class=\"wp-block-embed is-type-video is-provider-youtube wp-block-embed-youtube wp-embed-aspect-16-9 wp-has-aspect-ratio\"><div class=\"wp-block-embed__wrapper\">\n<div class=\"nv-iframe-embed\"><iframe title=\"Los ODS en l\u00b4Horta Oest de Val\u00e8ncia\" width=\"1200\" height=\"675\" src=\"https:\/\/www.youtube.com\/embed\/aFESlLOr2XU?feature=oembed\" frameborder=\"0\" allow=\"accelerometer; autoplay; clipboard-write; encrypted-media; gyroscope; picture-in-picture\" allowfullscreen><\/iframe><\/div>\n<\/div><\/figure>\n","protected":false},"excerpt":{"rendered":"<p>Durant el projecte, l&#8217;alumnat ha participat en les diverses activitats que s&#8217;han realitzat en el marc del projecte finan\u00e7at per l&#8217;Excma. Diputaci\u00f3 de Val\u00e8ncia i organitzat per Farmamundi. Primer, l&#8217;alumnat ha pogut ampliar els seus coneixements a trav\u00e9s de tallers de formaci\u00f3 i reflexi\u00f3 al voltant de tem\u00e0tiques com han sigut la salut, els drets&hellip;&nbsp;<a href=\"https:\/\/www.iescarlessalvador.es\/?p=3518\" class=\"\" rel=\"bookmark\">Leer m\u00e1s &raquo;<span class=\"screen-reader-text\">Alumnat de l&#8217;IES Carles Salvador ha realitzat accions de sensibilitzaci\u00f3 per la salut planet\u00e0ria<\/span><\/a><\/p>\n","protected":false},"author":1,"featured_media":0,"comment_status":"closed","ping_status":"closed","sticky":false,"template":"","format":"standard","meta":{"rop_custom_images_group":[],"rop_custom_messages_group":[],"rop_publish_now":"initial","rop_publish_now_accounts":[],"rop_publish_now_history":[],"rop_publish_now_status":"pending","neve_meta_sidebar":"","neve_meta_container":"","neve_meta_enable_content_width":"off","neve_meta_content_width":0,"neve_meta_title_alignment":"","neve_meta_author_avatar":"","neve_post_elements_order":"","neve_meta_disable_header":"","neve_meta_disable_footer":"","neve_meta_disable_title":"","footnotes":""},"categories":[13],"tags":[],"class_list":["post-3518","post","type-post","status-publish","format-standard","hentry","category-sin-categoria-ca"],"_links":{"self":[{"href":"https:\/\/www.iescarlessalvador.es\/index.php?rest_route=\/wp\/v2\/posts\/3518","targetHints":{"allow":["GET"]}}],"collection":[{"href":"https:\/\/www.iescarlessalvador.es\/index.php?rest_route=\/wp\/v2\/posts"}],"about":[{"href":"https:\/\/www.iescarlessalvador.es\/index.php?rest_route=\/wp\/v2\/types\/post"}],"author":[{"embeddable":true,"href":"https:\/\/www.iescarlessalvador.es\/index.php?rest_route=\/wp\/v2\/users\/1"}],"replies":[{"embeddable":true,"href":"https:\/\/www.iescarlessalvador.es\/index.php?rest_route=%2Fwp%2Fv2%2Fcomments&post=3518"}],"version-history":[{"count":3,"href":"https:\/\/www.iescarlessalvador.es\/index.php?rest_route=\/wp\/v2\/posts\/3518\/revisions"}],"predecessor-version":[{"id":3525,"href":"https:\/\/www.iescarlessalvador.es\/index.php?rest_route=\/wp\/v2\/posts\/3518\/revisions\/3525"}],"wp:attachment":[{"href":"https:\/\/www.iescarlessalvador.es\/index.php?rest_route=%2Fwp%2Fv2%2Fmedia&parent=3518"}],"wp:term":[{"taxonomy":"category","embeddable":true,"href":"https:\/\/www.iescarlessalvador.es\/index.php?rest_route=%2Fwp%2Fv2%2Fcategories&post=3518"},{"taxonomy":"post_tag","embeddable":true,"href":"https:\/\/www.iescarlessalvador.es\/index.php?rest_route=%2Fwp%2Fv2%2Ftags&post=3518"}],"curies":[{"name":"wp","href":"https:\/\/api.w.org\/{rel}","templated":true}]}}