{"id":3520,"date":"2022-12-13T22:05:52","date_gmt":"2022-12-13T22:05:52","guid":{"rendered":"http:\/\/www.iescarlessalvador.es\/?p=3520"},"modified":"2022-12-13T22:06:15","modified_gmt":"2022-12-13T22:06:15","slug":"alumnado-de-3o-de-la-eso-del-ies-carles-salvador-ha-llevado-a-cabo-acciones-de-sensibilizacion-por-la-salud-planetaria","status":"publish","type":"post","link":"https:\/\/www.iescarlessalvador.es\/?p=3520&lang=es","title":{"rendered":"Alumnado de 3\u00ba de ESO del IES Carles Salvador ha llevado a cabo acciones de sensibilizaci\u00f3n por la salud planetaria"},"content":{"rendered":"\n<p>Durante el proyecto, el alumnado ha participado en las diversas actividades que se han realizado en el marco del proyecto financiado por la Excma. Diputaci\u00f3n de Val\u00e8ncia y organizado por Farmamundi. Primero, el alumnado ha podido ampliar sus conocimientos a trav\u00e9s de talleres de formaci\u00f3n y reflexi\u00f3n alrededor de tem\u00e1ticas como han sido la salud, los derechos humanos, las desigualdades sociales, la salud planetaria y ODS.<\/p>\n\n\n\n<p>A trav\u00e9s de din\u00e1micas participativas, innovadoras y experienciales, el alumnado del 3\u00ba de la ESO ha podido apropiarse de conceptos que, posteriormente ha podido poner en pr\u00e1ctica en el marco del <em>Aprendizaje para la Acci\u00f3n.<\/em><\/p>\n\n\n\n<p>Los alumnos y alumnas <strong>han creado esculturas con los residuos que han recogido en el Cintur\u00f3n Verde de Aldaia<\/strong>. Una de las esculturas, representa el s\u00edmbolo del reciclaje, acompa\u00f1ada de varios mensajes sobre la importancia de no s\u00f3lo reciclar, sino tambi\u00e9n reutilizar y reducir. Otra, representa una persona tirando el planeta a la basura. Ambas esculturas manifiestan un mismo mensaje #PlanetasHayMuchosPeroParaVivirSoloUn \ud83c\udf0e.<\/p>\n\n\n\n<p>Por \u00faltimo, el alumnado, protagoniz\u00f3 el cierre del proceso a trav\u00e9s de una jornada de socializaci\u00f3n, a trav\u00e9s de ella, se cre\u00f3 un espacio de di\u00e1logo e intercambio de experiencias entre el alumnado, pudiendo as\u00ed, consolidar sus aprendizajes.<\/p>\n\n\n\n<p><em>\u2018\u2018El Aprendizaje para la Acci\u00f3n ha supuesto trabajar de una manera diferente, poner en marcha un proyecto, que era el proyecto interdisciplinar. Tambi\u00e9n, ha supuesto poner en marcha din\u00e1micas de trabajo diferentes a las que utilizaba hasta ahora.\u2019\u2019 <\/em>Profesora del IES Carles Salvador.<\/p>\n\n\n\n<p><\/p>\n\n\n\n<p>Pod\u00e9is visualizar el v\u00eddeo del proyecto aqu\u00ed:<\/p>\n\n\n\n<figure class=\"wp-block-embed is-type-video is-provider-youtube wp-block-embed-youtube wp-embed-aspect-16-9 wp-has-aspect-ratio\"><div class=\"wp-block-embed__wrapper\">\n<div class=\"nv-iframe-embed\"><iframe title=\"Los ODS en l\u00b4Horta Oest de Val\u00e8ncia\" width=\"1200\" height=\"675\" src=\"https:\/\/www.youtube.com\/embed\/aFESlLOr2XU?feature=oembed\" frameborder=\"0\" allow=\"accelerometer; autoplay; clipboard-write; encrypted-media; gyroscope; picture-in-picture\" allowfullscreen><\/iframe><\/div>\n<\/div><\/figure>\n","protected":false},"excerpt":{"rendered":"<p>Durante el proyecto, el alumnado ha participado en las diversas actividades que se han realizado en el marco del proyecto financiado por la Excma. Diputaci\u00f3n de Val\u00e8ncia y organizado por Farmamundi. Primero, el alumnado ha podido ampliar sus conocimientos a trav\u00e9s de talleres de formaci\u00f3n y reflexi\u00f3n alrededor de tem\u00e1ticas como han sido la salud,&hellip;&nbsp;<a href=\"https:\/\/www.iescarlessalvador.es\/?p=3520&#038;lang=es\" class=\"\" rel=\"bookmark\">Leer m\u00e1s &raquo;<span class=\"screen-reader-text\">Alumnado de 3\u00ba de ESO del IES Carles Salvador ha llevado a cabo acciones de sensibilizaci\u00f3n por la salud planetaria<\/span><\/a><\/p>\n","protected":false},"author":1,"featured_media":0,"comment_status":"closed","ping_status":"closed","sticky":false,"template":"","format":"standard","meta":{"rop_custom_images_group":[],"rop_custom_messages_group":[],"rop_publish_now":"initial","rop_publish_now_accounts":[],"rop_publish_now_history":[],"rop_publish_now_status":"pending","neve_meta_sidebar":"","neve_meta_container":"","neve_meta_enable_content_width":"off","neve_meta_content_width":0,"neve_meta_title_alignment":"","neve_meta_author_avatar":"","neve_post_elements_order":"","neve_meta_disable_header":"","neve_meta_disable_footer":"","neve_meta_disable_title":"","footnotes":""},"categories":[34],"tags":[],"class_list":["post-3520","post","type-post","status-publish","format-standard","hentry","category-noticias"],"_links":{"self":[{"href":"https:\/\/www.iescarlessalvador.es\/index.php?rest_route=\/wp\/v2\/posts\/3520","targetHints":{"allow":["GET"]}}],"collection":[{"href":"https:\/\/www.iescarlessalvador.es\/index.php?rest_route=\/wp\/v2\/posts"}],"about":[{"href":"https:\/\/www.iescarlessalvador.es\/index.php?rest_route=\/wp\/v2\/types\/post"}],"author":[{"embeddable":true,"href":"https:\/\/www.iescarlessalvador.es\/index.php?rest_route=\/wp\/v2\/users\/1"}],"replies":[{"embeddable":true,"href":"https:\/\/www.iescarlessalvador.es\/index.php?rest_route=%2Fwp%2Fv2%2Fcomments&post=3520"}],"version-history":[{"count":2,"href":"https:\/\/www.iescarlessalvador.es\/index.php?rest_route=\/wp\/v2\/posts\/3520\/revisions"}],"predecessor-version":[{"id":3522,"href":"https:\/\/www.iescarlessalvador.es\/index.php?rest_route=\/wp\/v2\/posts\/3520\/revisions\/3522"}],"wp:attachment":[{"href":"https:\/\/www.iescarlessalvador.es\/index.php?rest_route=%2Fwp%2Fv2%2Fmedia&parent=3520"}],"wp:term":[{"taxonomy":"category","embeddable":true,"href":"https:\/\/www.iescarlessalvador.es\/index.php?rest_route=%2Fwp%2Fv2%2Fcategories&post=3520"},{"taxonomy":"post_tag","embeddable":true,"href":"https:\/\/www.iescarlessalvador.es\/index.php?rest_route=%2Fwp%2Fv2%2Ftags&post=3520"}],"curies":[{"name":"wp","href":"https:\/\/api.w.org\/{rel}","templated":true}]}}