{"id":3526,"date":"2022-12-14T15:07:15","date_gmt":"2022-12-14T15:07:15","guid":{"rendered":"http:\/\/www.iescarlessalvador.es\/?p=3526"},"modified":"2022-12-14T15:08:00","modified_gmt":"2022-12-14T15:08:00","slug":"projecte-lalimentacio","status":"publish","type":"post","link":"https:\/\/www.iescarlessalvador.es\/?p=3526","title":{"rendered":"Projecte \u00abl&#8217; alimentaci\u00f3\u00bb"},"content":{"rendered":"\n<p>L&#8217;alumnat de 3r d&#8217;ESO de l&#8217;IES Carles Salvador han posat en marxa un Projecte sobre alimentaci\u00f3. L&#8217;alumnat ha de con\u00e8ixer els nutrients que li aporten els seus menjars diaris. Per tant els fotografien i cerquen informaci\u00f3 sobre quins nutrients els aporten. <\/p>\n\n\n\n<p>L&#8217;objectiu d&#8217;aquesta activitat es reflexionar sobre la manera d&#8217;alimentar-se i ser conscients de la import\u00e0ncia d&#8217;una dieta saludable.<\/p>\n\n\n\n<p>Han creat una compte d&#8217;Instagram per fer p\u00fablic aquest projecte:<\/p>\n\n\n\n<p><a href=\"https:\/\/www.instagram.com\/kommenjaelcarles\/\">https:\/\/www.instagram.com\/kommenjaelcarles\/<\/a><\/p>\n\n\n\n<figure class=\"wp-block-image size-full\"><img fetchpriority=\"high\" decoding=\"async\" width=\"657\" height=\"690\" src=\"https:\/\/www.iescarlessalvador.es\/wp-content\/uploads\/2022\/12\/2022-12-14_160545.jpg\" alt=\"\" class=\"wp-image-3527\" srcset=\"https:\/\/www.iescarlessalvador.es\/wp-content\/uploads\/2022\/12\/2022-12-14_160545.jpg 657w, https:\/\/www.iescarlessalvador.es\/wp-content\/uploads\/2022\/12\/2022-12-14_160545-286x300.jpg 286w\" sizes=\"(max-width: 657px) 100vw, 657px\" \/><\/figure>\n","protected":false},"excerpt":{"rendered":"<p>L&#8217;alumnat de 3r d&#8217;ESO de l&#8217;IES Carles Salvador han posat en marxa un Projecte sobre alimentaci\u00f3. L&#8217;alumnat ha de con\u00e8ixer els nutrients que li aporten els seus menjars diaris. Per tant els fotografien i cerquen informaci\u00f3 sobre quins nutrients els aporten. L&#8217;objectiu d&#8217;aquesta activitat es reflexionar sobre la manera d&#8217;alimentar-se i ser conscients de la&hellip;&nbsp;<a href=\"https:\/\/www.iescarlessalvador.es\/?p=3526\" class=\"\" rel=\"bookmark\">Leer m\u00e1s &raquo;<span class=\"screen-reader-text\">Projecte \u00abl&#8217; alimentaci\u00f3\u00bb<\/span><\/a><\/p>\n","protected":false},"author":1,"featured_media":3527,"comment_status":"closed","ping_status":"closed","sticky":false,"template":"","format":"standard","meta":{"rop_custom_images_group":[],"rop_custom_messages_group":[],"rop_publish_now":"initial","rop_publish_now_accounts":[],"rop_publish_now_history":[],"rop_publish_now_status":"pending","neve_meta_sidebar":"","neve_meta_container":"","neve_meta_enable_content_width":"off","neve_meta_content_width":0,"neve_meta_title_alignment":"","neve_meta_author_avatar":"","neve_post_elements_order":"","neve_meta_disable_header":"","neve_meta_disable_footer":"","neve_meta_disable_title":"","footnotes":""},"categories":[13],"tags":[],"class_list":["post-3526","post","type-post","status-publish","format-standard","has-post-thumbnail","hentry","category-sin-categoria-ca"],"_links":{"self":[{"href":"https:\/\/www.iescarlessalvador.es\/index.php?rest_route=\/wp\/v2\/posts\/3526","targetHints":{"allow":["GET"]}}],"collection":[{"href":"https:\/\/www.iescarlessalvador.es\/index.php?rest_route=\/wp\/v2\/posts"}],"about":[{"href":"https:\/\/www.iescarlessalvador.es\/index.php?rest_route=\/wp\/v2\/types\/post"}],"author":[{"embeddable":true,"href":"https:\/\/www.iescarlessalvador.es\/index.php?rest_route=\/wp\/v2\/users\/1"}],"replies":[{"embeddable":true,"href":"https:\/\/www.iescarlessalvador.es\/index.php?rest_route=%2Fwp%2Fv2%2Fcomments&post=3526"}],"version-history":[{"count":2,"href":"https:\/\/www.iescarlessalvador.es\/index.php?rest_route=\/wp\/v2\/posts\/3526\/revisions"}],"predecessor-version":[{"id":3529,"href":"https:\/\/www.iescarlessalvador.es\/index.php?rest_route=\/wp\/v2\/posts\/3526\/revisions\/3529"}],"wp:featuredmedia":[{"embeddable":true,"href":"https:\/\/www.iescarlessalvador.es\/index.php?rest_route=\/wp\/v2\/media\/3527"}],"wp:attachment":[{"href":"https:\/\/www.iescarlessalvador.es\/index.php?rest_route=%2Fwp%2Fv2%2Fmedia&parent=3526"}],"wp:term":[{"taxonomy":"category","embeddable":true,"href":"https:\/\/www.iescarlessalvador.es\/index.php?rest_route=%2Fwp%2Fv2%2Fcategories&post=3526"},{"taxonomy":"post_tag","embeddable":true,"href":"https:\/\/www.iescarlessalvador.es\/index.php?rest_route=%2Fwp%2Fv2%2Ftags&post=3526"}],"curies":[{"name":"wp","href":"https:\/\/api.w.org\/{rel}","templated":true}]}}