{"id":3530,"date":"2022-12-14T15:18:31","date_gmt":"2022-12-14T15:18:31","guid":{"rendered":"http:\/\/www.iescarlessalvador.es\/?p=3530"},"modified":"2022-12-14T15:20:52","modified_gmt":"2022-12-14T15:20:52","slug":"proyecto-la-alimentacion","status":"publish","type":"post","link":"https:\/\/www.iescarlessalvador.es\/?p=3530&lang=es","title":{"rendered":"Proyecto la alimentaci\u00f3n"},"content":{"rendered":"\n<p>El alumnado de 3\u00ba de ESO del IES Carles Salvador han puesto en marcha un proyecto sobre la alimentaci\u00f3n. El alumnado ha de conocer los nutrientes que les aportan sus comidas diarias. Para ello, los fotograf\u00edan y buscan informaci\u00f3n sobre que nutrientes les aportan.<\/p>\n\n\n\n<p>El objetivo de esta actividad es reflexionar sobre la manera de alimentarse y ser conscientes de la importancia de una dieta saludable.<\/p>\n\n\n\n<p>Han creado una cuenta de Instagram para hacer p\u00fablico este proyecto:<\/p>\n\n\n\n<p><a href=\"https:\/\/www.instagram.com\/kommenjaelcarles\/\">https:\/\/www.instagram.com\/kommenjaelcarles\/<\/a><\/p>\n\n\n\n<figure class=\"wp-block-image\"><img fetchpriority=\"high\" decoding=\"async\" width=\"657\" height=\"690\" src=\"https:\/\/www.iescarlessalvador.es\/wp-content\/uploads\/2022\/12\/2022-12-14_160545.jpg\" alt=\"\" class=\"wp-image-3527\" srcset=\"https:\/\/www.iescarlessalvador.es\/wp-content\/uploads\/2022\/12\/2022-12-14_160545.jpg 657w, https:\/\/www.iescarlessalvador.es\/wp-content\/uploads\/2022\/12\/2022-12-14_160545-286x300.jpg 286w\" sizes=\"(max-width: 657px) 100vw, 657px\" \/><\/figure>\n","protected":false},"excerpt":{"rendered":"<p>El alumnado de 3\u00ba de ESO del IES Carles Salvador han puesto en marcha un proyecto sobre la alimentaci\u00f3n. El alumnado ha de conocer los nutrientes que les aportan sus comidas diarias. Para ello, los fotograf\u00edan y buscan informaci\u00f3n sobre que nutrientes les aportan. El objetivo de esta actividad es reflexionar sobre la manera de&hellip;&nbsp;<a href=\"https:\/\/www.iescarlessalvador.es\/?p=3530&#038;lang=es\" class=\"\" rel=\"bookmark\">Leer m\u00e1s &raquo;<span class=\"screen-reader-text\">Proyecto la alimentaci\u00f3n<\/span><\/a><\/p>\n","protected":false},"author":1,"featured_media":3527,"comment_status":"closed","ping_status":"closed","sticky":false,"template":"","format":"standard","meta":{"rop_custom_images_group":[],"rop_custom_messages_group":[],"rop_publish_now":"initial","rop_publish_now_accounts":[],"rop_publish_now_history":[],"rop_publish_now_status":"pending","neve_meta_sidebar":"","neve_meta_container":"","neve_meta_enable_content_width":"off","neve_meta_content_width":0,"neve_meta_title_alignment":"","neve_meta_author_avatar":"","neve_post_elements_order":"","neve_meta_disable_header":"","neve_meta_disable_footer":"","neve_meta_disable_title":"","footnotes":""},"categories":[34],"tags":[],"class_list":["post-3530","post","type-post","status-publish","format-standard","has-post-thumbnail","hentry","category-noticias"],"_links":{"self":[{"href":"https:\/\/www.iescarlessalvador.es\/index.php?rest_route=\/wp\/v2\/posts\/3530","targetHints":{"allow":["GET"]}}],"collection":[{"href":"https:\/\/www.iescarlessalvador.es\/index.php?rest_route=\/wp\/v2\/posts"}],"about":[{"href":"https:\/\/www.iescarlessalvador.es\/index.php?rest_route=\/wp\/v2\/types\/post"}],"author":[{"embeddable":true,"href":"https:\/\/www.iescarlessalvador.es\/index.php?rest_route=\/wp\/v2\/users\/1"}],"replies":[{"embeddable":true,"href":"https:\/\/www.iescarlessalvador.es\/index.php?rest_route=%2Fwp%2Fv2%2Fcomments&post=3530"}],"version-history":[{"count":2,"href":"https:\/\/www.iescarlessalvador.es\/index.php?rest_route=\/wp\/v2\/posts\/3530\/revisions"}],"predecessor-version":[{"id":3533,"href":"https:\/\/www.iescarlessalvador.es\/index.php?rest_route=\/wp\/v2\/posts\/3530\/revisions\/3533"}],"wp:featuredmedia":[{"embeddable":true,"href":"https:\/\/www.iescarlessalvador.es\/index.php?rest_route=\/wp\/v2\/media\/3527"}],"wp:attachment":[{"href":"https:\/\/www.iescarlessalvador.es\/index.php?rest_route=%2Fwp%2Fv2%2Fmedia&parent=3530"}],"wp:term":[{"taxonomy":"category","embeddable":true,"href":"https:\/\/www.iescarlessalvador.es\/index.php?rest_route=%2Fwp%2Fv2%2Fcategories&post=3530"},{"taxonomy":"post_tag","embeddable":true,"href":"https:\/\/www.iescarlessalvador.es\/index.php?rest_route=%2Fwp%2Fv2%2Ftags&post=3530"}],"curies":[{"name":"wp","href":"https:\/\/api.w.org\/{rel}","templated":true}]}}