{"id":3571,"date":"2022-12-19T21:43:33","date_gmt":"2022-12-19T21:43:33","guid":{"rendered":"http:\/\/www.iescarlessalvador.es\/?p=3571"},"modified":"2022-12-19T21:53:18","modified_gmt":"2022-12-19T21:53:18","slug":"campanya-recollida-de-mobils","status":"publish","type":"post","link":"https:\/\/www.iescarlessalvador.es\/?p=3571","title":{"rendered":"Campanya recollida de m\u00f2bils"},"content":{"rendered":"\n<p>Des del Grup d&#8217;<strong>Ambaixadors dels ODS<\/strong> de l&#8217;<strong>IES Carles Salvador<\/strong>, juntament amb els corresponsals de Gent Jove d&#8217;Aldaia, s&#8217;ha organitzat una campanya de recollida de m\u00f2vils en des\u00fas, amb l&#8217;objectiu de reduir l&#8217;\u00fas i ab\u00fas de metalls i promoure el seu reciclatge.<\/p>\n\n\n\n<p>Amb aquesta acci\u00f3 recolzarem la campanya \u00ab<strong>Movil\u00edzate por la Selva<\/strong>\u00bb de l&#8217;Institut Jane Goodall, que finan\u00e7a\u00a0programes de educaci\u00f3 i conservaci\u00f3 en Rep\u00fablica del Congo, com el del Centre de Recuperaci\u00f3 de Ximpanc\u00e9s de Tchimpounga.<\/p>\n\n\n\n<p>Per aix\u00f2, s&#8217;han organitzat diferents <strong>dies de recollida<\/strong>:<\/p>\n\n\n\n<p><strong>Dilluns 19 de desembre<\/strong>, de 17.30 a 19.30 al <strong>Poliesportiu municipal<\/strong><\/p>\n\n\n\n<p><strong>Dimarts 20 <\/strong>de desembre, de 17.30 a 19.30\u00a0 al <strong>Centre Matilde Salvador<\/strong><\/p>\n\n\n\n<p><strong>Dimecres 21 <\/strong>de desembre, de 11.00 a 13.00h a la<strong> Pla\u00e7a d&#8217;Europa<\/strong><\/p>\n\n\n\n<p><strong>Dijous 22<\/strong> de desembre, de 17.30 a 19.30h a la<strong> Biblioteca municipal<\/strong><\/p>\n\n\n\n<p><strong>Divendres 23<\/strong> de desembre, de 10.30 a 13.30h a la <strong>Pla\u00e7a de la Constituci\u00f3 d&#8217;Aldaia<\/strong>, amb m\u00fasica, tallers i altres stands.<\/p>\n\n\n\n<p>Preguem la vostra participaci\u00f3 i col\u00b7laboraci\u00f3,<br>Salutacions.<\/p>\n","protected":false},"excerpt":{"rendered":"<p>Des del Grup d&#8217;Ambaixadors dels ODS de l&#8217;IES Carles Salvador, juntament amb els corresponsals de Gent Jove d&#8217;Aldaia, s&#8217;ha organitzat una campanya de recollida de m\u00f2vils en des\u00fas, amb l&#8217;objectiu de reduir l&#8217;\u00fas i ab\u00fas de metalls i promoure el seu reciclatge. Amb aquesta acci\u00f3 recolzarem la campanya \u00abMovil\u00edzate por la Selva\u00bb de l&#8217;Institut Jane&hellip;&nbsp;<a href=\"https:\/\/www.iescarlessalvador.es\/?p=3571\" class=\"\" rel=\"bookmark\">Leer m\u00e1s &raquo;<span class=\"screen-reader-text\">Campanya recollida de m\u00f2bils<\/span><\/a><\/p>\n","protected":false},"author":1,"featured_media":0,"comment_status":"closed","ping_status":"closed","sticky":false,"template":"","format":"standard","meta":{"rop_custom_images_group":[],"rop_custom_messages_group":[],"rop_publish_now":"initial","rop_publish_now_accounts":[],"rop_publish_now_history":[],"rop_publish_now_status":"pending","neve_meta_sidebar":"","neve_meta_container":"","neve_meta_enable_content_width":"off","neve_meta_content_width":0,"neve_meta_title_alignment":"","neve_meta_author_avatar":"","neve_post_elements_order":"","neve_meta_disable_header":"","neve_meta_disable_footer":"","neve_meta_disable_title":"","footnotes":""},"categories":[13],"tags":[],"class_list":["post-3571","post","type-post","status-publish","format-standard","hentry","category-sin-categoria-ca"],"_links":{"self":[{"href":"https:\/\/www.iescarlessalvador.es\/index.php?rest_route=\/wp\/v2\/posts\/3571","targetHints":{"allow":["GET"]}}],"collection":[{"href":"https:\/\/www.iescarlessalvador.es\/index.php?rest_route=\/wp\/v2\/posts"}],"about":[{"href":"https:\/\/www.iescarlessalvador.es\/index.php?rest_route=\/wp\/v2\/types\/post"}],"author":[{"embeddable":true,"href":"https:\/\/www.iescarlessalvador.es\/index.php?rest_route=\/wp\/v2\/users\/1"}],"replies":[{"embeddable":true,"href":"https:\/\/www.iescarlessalvador.es\/index.php?rest_route=%2Fwp%2Fv2%2Fcomments&post=3571"}],"version-history":[{"count":3,"href":"https:\/\/www.iescarlessalvador.es\/index.php?rest_route=\/wp\/v2\/posts\/3571\/revisions"}],"predecessor-version":[{"id":3577,"href":"https:\/\/www.iescarlessalvador.es\/index.php?rest_route=\/wp\/v2\/posts\/3571\/revisions\/3577"}],"wp:attachment":[{"href":"https:\/\/www.iescarlessalvador.es\/index.php?rest_route=%2Fwp%2Fv2%2Fmedia&parent=3571"}],"wp:term":[{"taxonomy":"category","embeddable":true,"href":"https:\/\/www.iescarlessalvador.es\/index.php?rest_route=%2Fwp%2Fv2%2Fcategories&post=3571"},{"taxonomy":"post_tag","embeddable":true,"href":"https:\/\/www.iescarlessalvador.es\/index.php?rest_route=%2Fwp%2Fv2%2Ftags&post=3571"}],"curies":[{"name":"wp","href":"https:\/\/api.w.org\/{rel}","templated":true}]}}