{"id":3573,"date":"2022-12-19T21:48:11","date_gmt":"2022-12-19T21:48:11","guid":{"rendered":"http:\/\/www.iescarlessalvador.es\/?p=3573"},"modified":"2022-12-19T21:48:13","modified_gmt":"2022-12-19T21:48:13","slug":"campana-de-recogida-de-moviles","status":"publish","type":"post","link":"https:\/\/www.iescarlessalvador.es\/?p=3573&lang=es","title":{"rendered":"Campa\u00f1a de recogida de m\u00f3viles"},"content":{"rendered":"\n<p>Desde el Grupo de Embajadores de los ODS del IES Carles Salvador, junto con los corresponsales de Gent Jove de Aldaia, se ha organizado una campa\u00f1a de recogida de m\u00f3viles en desuso, con el objetivo de reducir el uso y abuso de metales, y promover su reciclaje.<\/p>\n\n\n\n<p>Con esta acci\u00f3n apoyaremos la campa\u00f1a \u00abMovil\u00edzate por la Selva\u00bb del Instituto Jane Goodall, que financia programas de educaci\u00f3n y conservaci\u00f3n en Rep\u00fablica del Congo, como lo del Centro de Recuperaci\u00f3n de Chimpanc\u00e9s de Tchimpounga.<\/p>\n\n\n\n<p>Por eso, se han organizado diferentes d\u00edas de recogida:<br>Lunes 19 de diciembre, de 17.30 a 19.30 al Polideportivo municipal<br>Martes 20 de diciembre, de 17.30 a 19.30 en el Centro Matilde Salvador<br>Mi\u00e9rcoles 21 de diciembre, de 11.00 a 13.00h en la Plaza de Europa<\/p>\n\n\n\n<p>Jueves 22 de diciembre, de 17.30 a 19.30h en la Biblioteca municipal<br>Viernes 23 de diciembre, de 10.30 a 13.30h en la Plaza de la Constituci\u00f3n de Aldaia, con m\u00fasica, talleres y otros stands.<\/p>\n\n\n\n<p>Rogamos vuestra participaci\u00f3n y colaboraci\u00f3n,<\/p>\n\n\n\n<p>Saludos.<\/p>\n","protected":false},"excerpt":{"rendered":"<p>Desde el Grupo de Embajadores de los ODS del IES Carles Salvador, junto con los corresponsales de Gent Jove de Aldaia, se ha organizado una campa\u00f1a de recogida de m\u00f3viles en desuso, con el objetivo de reducir el uso y abuso de metales, y promover su reciclaje. Con esta acci\u00f3n apoyaremos la campa\u00f1a \u00abMovil\u00edzate por&hellip;&nbsp;<a href=\"https:\/\/www.iescarlessalvador.es\/?p=3573&#038;lang=es\" class=\"\" rel=\"bookmark\">Leer m\u00e1s &raquo;<span class=\"screen-reader-text\">Campa\u00f1a de recogida de m\u00f3viles<\/span><\/a><\/p>\n","protected":false},"author":1,"featured_media":0,"comment_status":"closed","ping_status":"closed","sticky":false,"template":"","format":"standard","meta":{"rop_custom_images_group":[],"rop_custom_messages_group":[],"rop_publish_now":"initial","rop_publish_now_accounts":[],"rop_publish_now_history":[],"rop_publish_now_status":"pending","neve_meta_sidebar":"","neve_meta_container":"","neve_meta_enable_content_width":"off","neve_meta_content_width":0,"neve_meta_title_alignment":"","neve_meta_author_avatar":"","neve_post_elements_order":"","neve_meta_disable_header":"","neve_meta_disable_footer":"","neve_meta_disable_title":"","footnotes":""},"categories":[34],"tags":[],"class_list":["post-3573","post","type-post","status-publish","format-standard","hentry","category-noticias"],"_links":{"self":[{"href":"https:\/\/www.iescarlessalvador.es\/index.php?rest_route=\/wp\/v2\/posts\/3573","targetHints":{"allow":["GET"]}}],"collection":[{"href":"https:\/\/www.iescarlessalvador.es\/index.php?rest_route=\/wp\/v2\/posts"}],"about":[{"href":"https:\/\/www.iescarlessalvador.es\/index.php?rest_route=\/wp\/v2\/types\/post"}],"author":[{"embeddable":true,"href":"https:\/\/www.iescarlessalvador.es\/index.php?rest_route=\/wp\/v2\/users\/1"}],"replies":[{"embeddable":true,"href":"https:\/\/www.iescarlessalvador.es\/index.php?rest_route=%2Fwp%2Fv2%2Fcomments&post=3573"}],"version-history":[{"count":1,"href":"https:\/\/www.iescarlessalvador.es\/index.php?rest_route=\/wp\/v2\/posts\/3573\/revisions"}],"predecessor-version":[{"id":3574,"href":"https:\/\/www.iescarlessalvador.es\/index.php?rest_route=\/wp\/v2\/posts\/3573\/revisions\/3574"}],"wp:attachment":[{"href":"https:\/\/www.iescarlessalvador.es\/index.php?rest_route=%2Fwp%2Fv2%2Fmedia&parent=3573"}],"wp:term":[{"taxonomy":"category","embeddable":true,"href":"https:\/\/www.iescarlessalvador.es\/index.php?rest_route=%2Fwp%2Fv2%2Fcategories&post=3573"},{"taxonomy":"post_tag","embeddable":true,"href":"https:\/\/www.iescarlessalvador.es\/index.php?rest_route=%2Fwp%2Fv2%2Ftags&post=3573"}],"curies":[{"name":"wp","href":"https:\/\/api.w.org\/{rel}","templated":true}]}}