{"id":3609,"date":"2023-01-12T22:03:04","date_gmt":"2023-01-12T22:03:04","guid":{"rendered":"http:\/\/www.iescarlessalvador.es\/?p=3609"},"modified":"2023-01-12T22:03:06","modified_gmt":"2023-01-12T22:03:06","slug":"xix-trobada-de-mediadors-de-la-comunitat-valenciana","status":"publish","type":"post","link":"https:\/\/www.iescarlessalvador.es\/?p=3609","title":{"rendered":"XIX Trobada de mediadors de la Comunitat Valenciana"},"content":{"rendered":"\n<pre class=\"wp-block-preformatted\">El passat 19 de desembre, l'equip de mediaci\u00f3 de l'IES Carles Salvador vam acudir a la XIX Trobada de mediadors de la Comunitat Valenciana.<br>Va tindre lloc en La Rambleta i va assistir alumnat de m\u00e9s de 60 instituts i col\u00b7legis. Va ser una experi\u00e8ncia molt bonica i enriquidora, on vam con\u00e9ixer la labor que realitzen els mediadors d'altres centres i a m\u00e9s molt divertida per les din\u00e0miques que es van realitzar en aquesta trobada.<\/pre>\n\n\n\n<figure class=\"wp-block-image size-large\"><img fetchpriority=\"high\" decoding=\"async\" width=\"1024\" height=\"768\" src=\"https:\/\/www.iescarlessalvador.es\/wp-content\/uploads\/2023\/01\/IMG-20230111-WA0000-1024x768.jpg\" alt=\"\" class=\"wp-image-3610\" srcset=\"https:\/\/www.iescarlessalvador.es\/wp-content\/uploads\/2023\/01\/IMG-20230111-WA0000-1024x768.jpg 1024w, https:\/\/www.iescarlessalvador.es\/wp-content\/uploads\/2023\/01\/IMG-20230111-WA0000-300x225.jpg 300w, https:\/\/www.iescarlessalvador.es\/wp-content\/uploads\/2023\/01\/IMG-20230111-WA0000-768x576.jpg 768w, https:\/\/www.iescarlessalvador.es\/wp-content\/uploads\/2023\/01\/IMG-20230111-WA0000.jpg 1416w\" sizes=\"(max-width: 1024px) 100vw, 1024px\" \/><\/figure>\n\n\n\n<figure class=\"wp-block-image size-large\"><img decoding=\"async\" width=\"1024\" height=\"768\" src=\"https:\/\/www.iescarlessalvador.es\/wp-content\/uploads\/2023\/01\/IMG-20230111-WA0001-1024x768.jpg\" alt=\"\" class=\"wp-image-3611\" srcset=\"https:\/\/www.iescarlessalvador.es\/wp-content\/uploads\/2023\/01\/IMG-20230111-WA0001-1024x768.jpg 1024w, https:\/\/www.iescarlessalvador.es\/wp-content\/uploads\/2023\/01\/IMG-20230111-WA0001-300x225.jpg 300w, https:\/\/www.iescarlessalvador.es\/wp-content\/uploads\/2023\/01\/IMG-20230111-WA0001-768x576.jpg 768w, https:\/\/www.iescarlessalvador.es\/wp-content\/uploads\/2023\/01\/IMG-20230111-WA0001.jpg 1416w\" sizes=\"(max-width: 1024px) 100vw, 1024px\" \/><\/figure>\n\n\n\n<figure class=\"wp-block-image size-large\"><img decoding=\"async\" width=\"1024\" height=\"768\" src=\"https:\/\/www.iescarlessalvador.es\/wp-content\/uploads\/2023\/01\/IMG-20230111-WA0002-1024x768.jpg\" alt=\"\" class=\"wp-image-3612\" srcset=\"https:\/\/www.iescarlessalvador.es\/wp-content\/uploads\/2023\/01\/IMG-20230111-WA0002-1024x768.jpg 1024w, https:\/\/www.iescarlessalvador.es\/wp-content\/uploads\/2023\/01\/IMG-20230111-WA0002-300x225.jpg 300w, https:\/\/www.iescarlessalvador.es\/wp-content\/uploads\/2023\/01\/IMG-20230111-WA0002-768x576.jpg 768w, https:\/\/www.iescarlessalvador.es\/wp-content\/uploads\/2023\/01\/IMG-20230111-WA0002.jpg 1416w\" sizes=\"(max-width: 1024px) 100vw, 1024px\" \/><\/figure>\n","protected":false},"excerpt":{"rendered":"<p>El passat 19 de desembre, l&#8217;equip de mediaci\u00f3 de l&#8217;IES Carles Salvador vam acudir a la XIX Trobada de mediadors de la Comunitat Valenciana.Va tindre lloc en La Rambleta i va assistir alumnat de m\u00e9s de 60 instituts i col\u00b7legis. Va ser una experi\u00e8ncia molt bonica i enriquidora, on vam con\u00e9ixer la labor que realitzen&hellip;&nbsp;<a href=\"https:\/\/www.iescarlessalvador.es\/?p=3609\" class=\"\" rel=\"bookmark\">Leer m\u00e1s &raquo;<span class=\"screen-reader-text\">XIX Trobada de mediadors de la Comunitat Valenciana<\/span><\/a><\/p>\n","protected":false},"author":1,"featured_media":3610,"comment_status":"closed","ping_status":"closed","sticky":false,"template":"","format":"standard","meta":{"rop_custom_images_group":[],"rop_custom_messages_group":[],"rop_publish_now":"initial","rop_publish_now_accounts":[],"rop_publish_now_history":[],"rop_publish_now_status":"pending","neve_meta_sidebar":"","neve_meta_container":"","neve_meta_enable_content_width":"off","neve_meta_content_width":0,"neve_meta_title_alignment":"","neve_meta_author_avatar":"","neve_post_elements_order":"","neve_meta_disable_header":"","neve_meta_disable_footer":"","neve_meta_disable_title":"","footnotes":""},"categories":[13],"tags":[],"class_list":["post-3609","post","type-post","status-publish","format-standard","has-post-thumbnail","hentry","category-sin-categoria-ca"],"_links":{"self":[{"href":"https:\/\/www.iescarlessalvador.es\/index.php?rest_route=\/wp\/v2\/posts\/3609","targetHints":{"allow":["GET"]}}],"collection":[{"href":"https:\/\/www.iescarlessalvador.es\/index.php?rest_route=\/wp\/v2\/posts"}],"about":[{"href":"https:\/\/www.iescarlessalvador.es\/index.php?rest_route=\/wp\/v2\/types\/post"}],"author":[{"embeddable":true,"href":"https:\/\/www.iescarlessalvador.es\/index.php?rest_route=\/wp\/v2\/users\/1"}],"replies":[{"embeddable":true,"href":"https:\/\/www.iescarlessalvador.es\/index.php?rest_route=%2Fwp%2Fv2%2Fcomments&post=3609"}],"version-history":[{"count":1,"href":"https:\/\/www.iescarlessalvador.es\/index.php?rest_route=\/wp\/v2\/posts\/3609\/revisions"}],"predecessor-version":[{"id":3613,"href":"https:\/\/www.iescarlessalvador.es\/index.php?rest_route=\/wp\/v2\/posts\/3609\/revisions\/3613"}],"wp:featuredmedia":[{"embeddable":true,"href":"https:\/\/www.iescarlessalvador.es\/index.php?rest_route=\/wp\/v2\/media\/3610"}],"wp:attachment":[{"href":"https:\/\/www.iescarlessalvador.es\/index.php?rest_route=%2Fwp%2Fv2%2Fmedia&parent=3609"}],"wp:term":[{"taxonomy":"category","embeddable":true,"href":"https:\/\/www.iescarlessalvador.es\/index.php?rest_route=%2Fwp%2Fv2%2Fcategories&post=3609"},{"taxonomy":"post_tag","embeddable":true,"href":"https:\/\/www.iescarlessalvador.es\/index.php?rest_route=%2Fwp%2Fv2%2Ftags&post=3609"}],"curies":[{"name":"wp","href":"https:\/\/api.w.org\/{rel}","templated":true}]}}