{"id":3617,"date":"2023-01-22T18:12:21","date_gmt":"2023-01-22T18:12:21","guid":{"rendered":"http:\/\/www.iescarlessalvador.es\/?p=3617"},"modified":"2023-01-22T18:12:23","modified_gmt":"2023-01-22T18:12:23","slug":"fira-orientat","status":"publish","type":"post","link":"https:\/\/www.iescarlessalvador.es\/?p=3617","title":{"rendered":"FIRA ORIENTA&#8217;T"},"content":{"rendered":"\n<p>La setmana passada va tindre lloc al centre Matilde Salvador la \u00abFIRA ORIENTA\u2019T\u00bb. On vam participar junt amb altres centres educatius de la localitat, universitats i altres organismes educatius per ajudar als estudiants a resoldre els seus dubtes sobre el seu futur formatiu.<\/p>\n\n\n\n<p>L&#8217;IES Carles Salvador va muntar el seu espai per informar de l&#8217;oferta educativa que ofereix, i que inclou, a m\u00e9s de l&#8217;ESO I el Batxillerat, els nous Cicles implantats al centre:<\/p>\n\n\n\n<p>&#8211; Cicle de Grau Mitj\u00e0 en Farm\u00e0cia i Parafarm\u00e0cia<\/p>\n\n\n\n<p>&#8211; Cicle de Grau Superior en Administraci\u00f3 i Finances.<\/p>\n\n\n\n<p>Tamb\u00e9 va explicar i mostrar alguns dels seus projectes com el dels joves ambaixadors pels ODS i el taller d&#8217;impressi\u00f3 3D.<\/p>\n\n\n\n<figure class=\"wp-block-image size-large\"><img fetchpriority=\"high\" decoding=\"async\" width=\"1024\" height=\"768\" src=\"https:\/\/www.iescarlessalvador.es\/wp-content\/uploads\/2023\/01\/DSCN9020-1024x768.jpg\" alt=\"\" class=\"wp-image-3618\" srcset=\"https:\/\/www.iescarlessalvador.es\/wp-content\/uploads\/2023\/01\/DSCN9020-1024x768.jpg 1024w, https:\/\/www.iescarlessalvador.es\/wp-content\/uploads\/2023\/01\/DSCN9020-300x225.jpg 300w, https:\/\/www.iescarlessalvador.es\/wp-content\/uploads\/2023\/01\/DSCN9020-768x576.jpg 768w, https:\/\/www.iescarlessalvador.es\/wp-content\/uploads\/2023\/01\/DSCN9020-1536x1152.jpg 1536w, https:\/\/www.iescarlessalvador.es\/wp-content\/uploads\/2023\/01\/DSCN9020-2048x1536.jpg 2048w\" sizes=\"(max-width: 1024px) 100vw, 1024px\" \/><\/figure>\n\n\n\n<p><\/p>\n","protected":false},"excerpt":{"rendered":"<p>La setmana passada va tindre lloc al centre Matilde Salvador la \u00abFIRA ORIENTA\u2019T\u00bb. On vam participar junt amb altres centres educatius de la localitat, universitats i altres organismes educatius per ajudar als estudiants a resoldre els seus dubtes sobre el seu futur formatiu. L&#8217;IES Carles Salvador va muntar el seu espai per informar de l&#8217;oferta&hellip;&nbsp;<a href=\"https:\/\/www.iescarlessalvador.es\/?p=3617\" class=\"\" rel=\"bookmark\">Leer m\u00e1s &raquo;<span class=\"screen-reader-text\">FIRA ORIENTA&#8217;T<\/span><\/a><\/p>\n","protected":false},"author":1,"featured_media":3618,"comment_status":"closed","ping_status":"closed","sticky":false,"template":"","format":"standard","meta":{"rop_custom_images_group":[],"rop_custom_messages_group":[],"rop_publish_now":"initial","rop_publish_now_accounts":[],"rop_publish_now_history":[],"rop_publish_now_status":"pending","neve_meta_sidebar":"","neve_meta_container":"","neve_meta_enable_content_width":"off","neve_meta_content_width":0,"neve_meta_title_alignment":"","neve_meta_author_avatar":"","neve_post_elements_order":"","neve_meta_disable_header":"","neve_meta_disable_footer":"","neve_meta_disable_title":"","footnotes":""},"categories":[13],"tags":[],"class_list":["post-3617","post","type-post","status-publish","format-standard","has-post-thumbnail","hentry","category-sin-categoria-ca"],"_links":{"self":[{"href":"https:\/\/www.iescarlessalvador.es\/index.php?rest_route=\/wp\/v2\/posts\/3617","targetHints":{"allow":["GET"]}}],"collection":[{"href":"https:\/\/www.iescarlessalvador.es\/index.php?rest_route=\/wp\/v2\/posts"}],"about":[{"href":"https:\/\/www.iescarlessalvador.es\/index.php?rest_route=\/wp\/v2\/types\/post"}],"author":[{"embeddable":true,"href":"https:\/\/www.iescarlessalvador.es\/index.php?rest_route=\/wp\/v2\/users\/1"}],"replies":[{"embeddable":true,"href":"https:\/\/www.iescarlessalvador.es\/index.php?rest_route=%2Fwp%2Fv2%2Fcomments&post=3617"}],"version-history":[{"count":1,"href":"https:\/\/www.iescarlessalvador.es\/index.php?rest_route=\/wp\/v2\/posts\/3617\/revisions"}],"predecessor-version":[{"id":3619,"href":"https:\/\/www.iescarlessalvador.es\/index.php?rest_route=\/wp\/v2\/posts\/3617\/revisions\/3619"}],"wp:featuredmedia":[{"embeddable":true,"href":"https:\/\/www.iescarlessalvador.es\/index.php?rest_route=\/wp\/v2\/media\/3618"}],"wp:attachment":[{"href":"https:\/\/www.iescarlessalvador.es\/index.php?rest_route=%2Fwp%2Fv2%2Fmedia&parent=3617"}],"wp:term":[{"taxonomy":"category","embeddable":true,"href":"https:\/\/www.iescarlessalvador.es\/index.php?rest_route=%2Fwp%2Fv2%2Fcategories&post=3617"},{"taxonomy":"post_tag","embeddable":true,"href":"https:\/\/www.iescarlessalvador.es\/index.php?rest_route=%2Fwp%2Fv2%2Ftags&post=3617"}],"curies":[{"name":"wp","href":"https:\/\/api.w.org\/{rel}","templated":true}]}}