{"id":3620,"date":"2023-01-22T18:13:43","date_gmt":"2023-01-22T18:13:43","guid":{"rendered":"http:\/\/www.iescarlessalvador.es\/?p=3620"},"modified":"2023-01-24T18:50:47","modified_gmt":"2023-01-24T18:50:47","slug":"feria-orientate","status":"publish","type":"post","link":"https:\/\/www.iescarlessalvador.es\/?p=3620&lang=es","title":{"rendered":"FERIA ORI\u00c9NTATE"},"content":{"rendered":"\n<p>La semana pasada tuvo lugar en el centro Matilde Salvador la \u00abFERIA ORI\u00c9NTATE\u00bb. Donde participamos junto con otros centros educativos de la localidad, universidades y otros organismos educativos para ayudar a los estudiantes a resolver sus dudas sobre su futuro formativo.<\/p>\n\n\n\n<p>El IES Carles Salvador mont\u00f3 su espacio para informar de la oferta educativa que ofrece, y que incluye, adem\u00e1s de la ESO Y el Bachillerato, los nuevos Ciclos implantados en el centro:<\/p>\n\n\n\n<p>Ciclo de Grado Mediano en Farmacia y Parafarmacia.<br>Ciclo de Grado Superior en Administraci\u00f3n y Finanzas.<\/p>\n\n\n\n<p>Tambi\u00e9n explic\u00f3 y mostrar algunos de sus proyectos como el de los j\u00f3venes embajadores por los *ODS y el taller de impresi\u00f3n 3D.<\/p>\n\n\n\n<figure class=\"wp-block-image size-large\"><img fetchpriority=\"high\" decoding=\"async\" width=\"1024\" height=\"768\" src=\"https:\/\/www.iescarlessalvador.es\/wp-content\/uploads\/2023\/01\/DSCN9020-1024x768.jpg\" alt=\"\" class=\"wp-image-3618\" srcset=\"https:\/\/www.iescarlessalvador.es\/wp-content\/uploads\/2023\/01\/DSCN9020-1024x768.jpg 1024w, https:\/\/www.iescarlessalvador.es\/wp-content\/uploads\/2023\/01\/DSCN9020-300x225.jpg 300w, https:\/\/www.iescarlessalvador.es\/wp-content\/uploads\/2023\/01\/DSCN9020-768x576.jpg 768w, https:\/\/www.iescarlessalvador.es\/wp-content\/uploads\/2023\/01\/DSCN9020-1536x1152.jpg 1536w, https:\/\/www.iescarlessalvador.es\/wp-content\/uploads\/2023\/01\/DSCN9020-2048x1536.jpg 2048w\" sizes=\"(max-width: 1024px) 100vw, 1024px\" \/><\/figure>\n","protected":false},"excerpt":{"rendered":"<p>La semana pasada tuvo lugar en el centro Matilde Salvador la \u00abFERIA ORI\u00c9NTATE\u00bb. Donde participamos junto con otros centros educativos de la localidad, universidades y otros organismos educativos para ayudar a los estudiantes a resolver sus dudas sobre su futuro formativo. El IES Carles Salvador mont\u00f3 su espacio para informar de la oferta educativa que&hellip;&nbsp;<a href=\"https:\/\/www.iescarlessalvador.es\/?p=3620&#038;lang=es\" class=\"\" rel=\"bookmark\">Leer m\u00e1s &raquo;<span class=\"screen-reader-text\">FERIA ORI\u00c9NTATE<\/span><\/a><\/p>\n","protected":false},"author":1,"featured_media":3618,"comment_status":"closed","ping_status":"closed","sticky":false,"template":"","format":"standard","meta":{"rop_custom_images_group":[],"rop_custom_messages_group":[],"rop_publish_now":"initial","rop_publish_now_accounts":[],"rop_publish_now_history":[],"rop_publish_now_status":"pending","neve_meta_sidebar":"","neve_meta_container":"","neve_meta_enable_content_width":"off","neve_meta_content_width":0,"neve_meta_title_alignment":"","neve_meta_author_avatar":"","neve_post_elements_order":"","neve_meta_disable_header":"","neve_meta_disable_footer":"","neve_meta_disable_title":"","footnotes":""},"categories":[34],"tags":[],"class_list":["post-3620","post","type-post","status-publish","format-standard","has-post-thumbnail","hentry","category-noticias"],"_links":{"self":[{"href":"https:\/\/www.iescarlessalvador.es\/index.php?rest_route=\/wp\/v2\/posts\/3620","targetHints":{"allow":["GET"]}}],"collection":[{"href":"https:\/\/www.iescarlessalvador.es\/index.php?rest_route=\/wp\/v2\/posts"}],"about":[{"href":"https:\/\/www.iescarlessalvador.es\/index.php?rest_route=\/wp\/v2\/types\/post"}],"author":[{"embeddable":true,"href":"https:\/\/www.iescarlessalvador.es\/index.php?rest_route=\/wp\/v2\/users\/1"}],"replies":[{"embeddable":true,"href":"https:\/\/www.iescarlessalvador.es\/index.php?rest_route=%2Fwp%2Fv2%2Fcomments&post=3620"}],"version-history":[{"count":3,"href":"https:\/\/www.iescarlessalvador.es\/index.php?rest_route=\/wp\/v2\/posts\/3620\/revisions"}],"predecessor-version":[{"id":3624,"href":"https:\/\/www.iescarlessalvador.es\/index.php?rest_route=\/wp\/v2\/posts\/3620\/revisions\/3624"}],"wp:featuredmedia":[{"embeddable":true,"href":"https:\/\/www.iescarlessalvador.es\/index.php?rest_route=\/wp\/v2\/media\/3618"}],"wp:attachment":[{"href":"https:\/\/www.iescarlessalvador.es\/index.php?rest_route=%2Fwp%2Fv2%2Fmedia&parent=3620"}],"wp:term":[{"taxonomy":"category","embeddable":true,"href":"https:\/\/www.iescarlessalvador.es\/index.php?rest_route=%2Fwp%2Fv2%2Fcategories&post=3620"},{"taxonomy":"post_tag","embeddable":true,"href":"https:\/\/www.iescarlessalvador.es\/index.php?rest_route=%2Fwp%2Fv2%2Ftags&post=3620"}],"curies":[{"name":"wp","href":"https:\/\/api.w.org\/{rel}","templated":true}]}}