{"id":3671,"date":"2023-02-07T10:37:26","date_gmt":"2023-02-07T10:37:26","guid":{"rendered":"http:\/\/www.iescarlessalvador.es\/?p=3671"},"modified":"2023-02-09T08:06:12","modified_gmt":"2023-02-09T08:06:12","slug":"proves-dacces-a-cicles-formatius-grau-mitja-i-superior-2023","status":"publish","type":"post","link":"https:\/\/www.iescarlessalvador.es\/?p=3671","title":{"rendered":"PROVES D\u2019ACC\u00c9S A CICLES FORMATIUS GRAU MITJ\u00c0 I SUPERIOR 2023"},"content":{"rendered":"\n<p>S\u2019 han convocat les Proves d\u2019Acc\u00e9s a Cicles Formatius de Grau Mitj\u00e0 i de Grau Superior, per al present curs 2022\/2023.              <a href=\"https:\/\/www.iescarlessalvador.es\/wp-content\/uploads\/2023\/02\/INFORMACIONPRUEBA_val.pdf\"> [Descarrega el document pdf amb aquesta informaci\u00f3]<\/a><\/p>\n\n\n\n<p><strong>INSCRIPCI\u00d3: del 20 al 31 de mar\u00e7 de 2023.<\/strong><br>NOTA IMPORTANT: Les sol\u00b7licituds d\u2019inscripci\u00f3 se presentaran en la Secretaria del nostre centre en l\u2019<strong>horari<\/strong> d\u2019atenci\u00f3 al p\u00fablic de <strong>dilluns a divendres de 09:00 a 13:30 <\/strong>i els<strong> dimarts i dijous vesprada de 16:00 a 18:15<\/strong>, en el termini establert. En el cas de no poder presentar la sol\u00b7licitud presencialment, poden enviar-la al correu electr\u00f2nic del centre<a href=\"mailto:46020406.secretaria@edu.gva.es\"> 46020406.secretaria@edu.gva.es<\/a> En l\u2019assumpte apareixer\u00e0: PAC \u2013 COGNOMS, NOM<\/p>\n\n\n\n<p>Si vols consultar el calendari amb totes les dates importants pots accedir cercant l\u2019enlla\u00e7: \u201cceice gva prueba acceso a ciclos formativos\u201d<\/p>\n\n\n\n<p><strong>DOCUMENTS A EMPLENAR I ENVIAR PER A LA INSCRIPCI\u00d3:<\/strong><\/p>\n\n\n\n<pre class=\"wp-block-code\"><code> - Copia del DNI o Targeta d\u2019 Extranger.\n - <a href=\"https:\/\/www.iescarlessalvador.es\/wp-content\/uploads\/2023\/02\/SolicitudCGM.pdf\">SOL\u00b7LICITUD D\u2019 INSCRIPCI\u00d3 grau mitj\u00e0. <\/a>\n - <a href=\"https:\/\/www.iescarlessalvador.es\/wp-content\/uploads\/2023\/02\/SolicitudCGS.pdf\">SOL\u00b7LICITUD D\u2019 INSCRIPCI\u00d3 grau superior.<\/a>\n - TAXES Model 046 gva abonades i\/o justificant de pagament. \n - <a href=\"https:\/\/www.iescarlessalvador.es\/wp-content\/uploads\/2023\/02\/DeclaracionResponsable.pdf\">DECLARACI\u00d3 RESPONSABLE de no comptar amb el requisit d\u2019acc\u00e9s directe.<\/a>\n - <a href=\"https:\/\/www.iescarlessalvador.es\/wp-content\/uploads\/2023\/02\/ExencionCGM.pdf\">Sol\u00b7licitud d\u2019 exempci\u00f3 en la prova de grau mitj\u00e0.<\/a>\n - <a href=\"https:\/\/www.iescarlessalvador.es\/wp-content\/uploads\/2023\/02\/ExencionCGS.pdf\">Sol\u00b7licitud d\u2019 exempci\u00f3 en la prova de grau superior.<\/a>\n\nEls models de sol\u00b7licitud, i declaraci\u00f3 responsable, estaran disponibles en format paper en l\u2019administraci\u00f3 del centre i penjats al nostre web (als enlla\u00e7os de dalt) <\/code><\/pre>\n\n\n\n<p><strong>PUBLICACI\u00d3 LLISTATS<\/strong><br>Llistat provisional de persones admeses: Del 26 al 28 d\u2019abril.<br><strong>Llistat definitiu<\/strong> de persones admeses i excloses: <strong>5 maig<\/strong>.<\/p>\n\n\n\n<p><strong>DATES DE REALITZACI\u00d3:<\/strong><br><strong>22 i 23 de MAIG. (horari de MAT\u00cd el Grau Mitj\u00e0 i VESPRADA el Grau Superior)<\/strong><\/p>\n\n\n\n<p><strong>PUBLICACI\u00d3 LLISTATS:<\/strong><br>Llistat provisional qualificacions: 1 de juny.<br>Lliurament de documentaci\u00f3 justificativa d\u2019exempci\u00f3: Del 21 de mar\u00e7 al 30 de juny.<br>Llistat definitiu qualificacions: Des del 8 de juliol.<br>Lliurament de qualificacions de la prova: Del 7 de juny al 3 de juliol.<\/p>\n\n\n\n<p><a href=\"https:\/\/www.iescarlessalvador.es\/?page_id=3682\">M\u00c9S INFORMACI\u00d3 AC\u00cd<\/a><\/p>\n\n\n\n<p><\/p>\n","protected":false},"excerpt":{"rendered":"<p>S\u2019 han convocat les Proves d\u2019Acc\u00e9s a Cicles Formatius de Grau Mitj\u00e0 i de Grau Superior, per al present curs 2022\/2023. [Descarrega el document pdf amb aquesta informaci\u00f3] INSCRIPCI\u00d3: del 20 al 31 de mar\u00e7 de 2023.NOTA IMPORTANT: Les sol\u00b7licituds d\u2019inscripci\u00f3 se presentaran en la Secretaria del nostre centre en l\u2019horari d\u2019atenci\u00f3 al p\u00fablic de&hellip;&nbsp;<a href=\"https:\/\/www.iescarlessalvador.es\/?p=3671\" class=\"\" rel=\"bookmark\">Leer m\u00e1s &raquo;<span class=\"screen-reader-text\">PROVES D\u2019ACC\u00c9S A CICLES FORMATIUS GRAU MITJ\u00c0 I SUPERIOR 2023<\/span><\/a><\/p>\n","protected":false},"author":1,"featured_media":3672,"comment_status":"closed","ping_status":"closed","sticky":false,"template":"","format":"standard","meta":{"rop_custom_images_group":[],"rop_custom_messages_group":[],"rop_publish_now":"initial","rop_publish_now_accounts":[],"rop_publish_now_history":[],"rop_publish_now_status":"pending","neve_meta_sidebar":"","neve_meta_container":"","neve_meta_enable_content_width":"off","neve_meta_content_width":0,"neve_meta_title_alignment":"","neve_meta_author_avatar":"","neve_post_elements_order":"","neve_meta_disable_header":"","neve_meta_disable_footer":"","neve_meta_disable_title":"","footnotes":""},"categories":[13],"tags":[],"class_list":["post-3671","post","type-post","status-publish","format-standard","has-post-thumbnail","hentry","category-sin-categoria-ca"],"_links":{"self":[{"href":"https:\/\/www.iescarlessalvador.es\/index.php?rest_route=\/wp\/v2\/posts\/3671","targetHints":{"allow":["GET"]}}],"collection":[{"href":"https:\/\/www.iescarlessalvador.es\/index.php?rest_route=\/wp\/v2\/posts"}],"about":[{"href":"https:\/\/www.iescarlessalvador.es\/index.php?rest_route=\/wp\/v2\/types\/post"}],"author":[{"embeddable":true,"href":"https:\/\/www.iescarlessalvador.es\/index.php?rest_route=\/wp\/v2\/users\/1"}],"replies":[{"embeddable":true,"href":"https:\/\/www.iescarlessalvador.es\/index.php?rest_route=%2Fwp%2Fv2%2Fcomments&post=3671"}],"version-history":[{"count":5,"href":"https:\/\/www.iescarlessalvador.es\/index.php?rest_route=\/wp\/v2\/posts\/3671\/revisions"}],"predecessor-version":[{"id":3697,"href":"https:\/\/www.iescarlessalvador.es\/index.php?rest_route=\/wp\/v2\/posts\/3671\/revisions\/3697"}],"wp:featuredmedia":[{"embeddable":true,"href":"https:\/\/www.iescarlessalvador.es\/index.php?rest_route=\/wp\/v2\/media\/3672"}],"wp:attachment":[{"href":"https:\/\/www.iescarlessalvador.es\/index.php?rest_route=%2Fwp%2Fv2%2Fmedia&parent=3671"}],"wp:term":[{"taxonomy":"category","embeddable":true,"href":"https:\/\/www.iescarlessalvador.es\/index.php?rest_route=%2Fwp%2Fv2%2Fcategories&post=3671"},{"taxonomy":"post_tag","embeddable":true,"href":"https:\/\/www.iescarlessalvador.es\/index.php?rest_route=%2Fwp%2Fv2%2Ftags&post=3671"}],"curies":[{"name":"wp","href":"https:\/\/api.w.org\/{rel}","templated":true}]}}