{"id":3674,"date":"2023-02-07T10:55:42","date_gmt":"2023-02-07T10:55:42","guid":{"rendered":"http:\/\/www.iescarlessalvador.es\/?p=3674"},"modified":"2023-02-09T08:05:23","modified_gmt":"2023-02-09T08:05:23","slug":"pruebas-de-acceso-a-ciclos-formativos-grado-medio-y-superior-2023","status":"publish","type":"post","link":"https:\/\/www.iescarlessalvador.es\/?p=3674&lang=es","title":{"rendered":"PRUEBAS De ACCESO A CICLOS FORMATIVOS GRADO MEDIo Y SUPERIOR 2023"},"content":{"rendered":"\n<p>Se han convocado las Pruebas de Acceso a Ciclos Formativos de Grado Medio y de Grado Superior, para el presente curso 2022\/2023.                   <a href=\"https:\/\/www.iescarlessalvador.es\/wp-content\/uploads\/2023\/02\/INFORMACIONPRUEBA_cll.pdf\">[Descarga el documento con esta informaci\u00f3n]<\/a><\/p>\n\n\n\n<p><strong>INSCRIPCI\u00d3N: del 20 al 31 de marzo de 2023.<\/strong><br>NOTA IMPORTANTE: Las solicitudes de inscripci\u00f3n se presentar\u00e1n en la Secretar\u00eda del nuestro centro en el <strong>horario<\/strong> de atenci\u00f3n al p\u00fablico de <strong>lunes a viernes de 09:00 a 13:30<\/strong> y <strong>los martes y jueves tarde de 16:00 a 18:15<\/strong>, en el plazo establecido. En el caso de no poder presentar la solicitud presencialmente, pueden enviarla al correo electr\u00f3nico del centro <a href=\"mailto:46020406.secretaria@edu.gva.es\">46020406.secretaria@edu.gva.es<\/a> <\/p>\n\n\n\n<p>En el asunto aparecer\u00e1: PEC \u2013 APELLIDOS, NOMBRE<\/p>\n\n\n\n<p><\/p>\n\n\n\n<p>Si quieres consultar el calendario con todas las fechas importantes puedes acceder buscando el enlace: \u201cceice gva prueba acceso a ciclos formativos\u201d<\/p>\n\n\n\n<p>DOCUMENTOS A RELLENAR Y ENVIAR PARA LA INSCRIPCI\u00d3N:<\/p>\n\n\n\n<pre class=\"wp-block-code\"><code>Copia del DNI o Tarjeta de Extrangero.\n<a href=\"https:\/\/www.iescarlessalvador.es\/wp-content\/uploads\/2023\/02\/SolicitudCGM.pdf\">SOLICITUD De INSCRIPCI\u00d3N grado medio.<\/a> \n<a href=\"https:\/\/www.iescarlessalvador.es\/wp-content\/uploads\/2023\/02\/SolicitudCGS.pdf\">SOLICITUD De INSCRIPCI\u00d3N grado superior.<\/a>\nTASAS Modelo 046 gva abonadas y\/o justificante de pago. \n<a href=\"https:\/\/www.iescarlessalvador.es\/wp-content\/uploads\/2023\/02\/DeclaracionResponsable.pdf\">DECLARACI\u00d3N RESPONSABLE de no contar con el requisito de acceso directo.<\/a>\n<a href=\"https:\/\/www.iescarlessalvador.es\/wp-content\/uploads\/2023\/02\/ExencionCGM.pdf\">Solicitud de exenci\u00f3n en la prueba de grado medio.<\/a>\n<a href=\"https:\/\/www.iescarlessalvador.es\/wp-content\/uploads\/2023\/02\/ExencionCGS.pdf\">Solicitud de exenci\u00f3n en la prueba de grado superior.<\/a>\n\nLos modelos de solicitud, y declaraci\u00f3n responsable, estar\u00e1n disponibles en formado papel en la administraci\u00f3n del centro y colgados en nuestro web. (en los enlaces de arriba)<\/code><\/pre>\n\n\n\n<p><strong>PUBLICACI\u00d3N LISTADOS<\/strong><br>Listado provisional de personas admitidas: Del 26 al 28 de abril.<br><strong>Listado definitivo<\/strong> de personas admitidas y excluidas: <strong>5 mayo<\/strong>.<\/p>\n\n\n\n<p><strong>FECHAS DE REALIZACI\u00d3N:<\/strong><br><strong>22 y 23 de MAYO. (horario MA\u00d1ANAS el Grado Medio y TARDES el Grado Superior)<\/strong><\/p>\n\n\n\n<p><strong>PUBLICACI\u00d3N LISTADOS:<\/strong><br>Listado provisional calificaciones: 1 de junio.<br>Entrega de documentaci\u00f3n justificativa de exenci\u00f3n: Del 21 de marzo al 30 de junio.<br>Listado definitivo calificaciones: Desde el 8 de julio.<br>Entrega de calificaciones de la prueba: Del 7 de junio al 3 de julio.<\/p>\n\n\n\n<p><a href=\"https:\/\/www.iescarlessalvador.es\/?page_id=3687&amp;lang=es\">M\u00c1S INFORMACI\u00d3N AQU\u00cd<\/a><\/p>\n","protected":false},"excerpt":{"rendered":"<p>Se han convocado las Pruebas de Acceso a Ciclos Formativos de Grado Medio y de Grado Superior, para el presente curso 2022\/2023. [Descarga el documento con esta informaci\u00f3n] INSCRIPCI\u00d3N: del 20 al 31 de marzo de 2023.NOTA IMPORTANTE: Las solicitudes de inscripci\u00f3n se presentar\u00e1n en la Secretar\u00eda del nuestro centro en el horario de atenci\u00f3n&hellip;&nbsp;<a href=\"https:\/\/www.iescarlessalvador.es\/?p=3674&#038;lang=es\" class=\"\" rel=\"bookmark\">Leer m\u00e1s &raquo;<span class=\"screen-reader-text\">PRUEBAS De ACCESO A CICLOS FORMATIVOS GRADO MEDIo Y SUPERIOR 2023<\/span><\/a><\/p>\n","protected":false},"author":1,"featured_media":3672,"comment_status":"closed","ping_status":"closed","sticky":false,"template":"","format":"standard","meta":{"rop_custom_images_group":[],"rop_custom_messages_group":[],"rop_publish_now":"initial","rop_publish_now_accounts":[],"rop_publish_now_history":[],"rop_publish_now_status":"pending","neve_meta_sidebar":"","neve_meta_container":"","neve_meta_enable_content_width":"off","neve_meta_content_width":0,"neve_meta_title_alignment":"","neve_meta_author_avatar":"","neve_post_elements_order":"","neve_meta_disable_header":"","neve_meta_disable_footer":"","neve_meta_disable_title":"","footnotes":""},"categories":[34],"tags":[],"class_list":["post-3674","post","type-post","status-publish","format-standard","has-post-thumbnail","hentry","category-noticias"],"_links":{"self":[{"href":"https:\/\/www.iescarlessalvador.es\/index.php?rest_route=\/wp\/v2\/posts\/3674","targetHints":{"allow":["GET"]}}],"collection":[{"href":"https:\/\/www.iescarlessalvador.es\/index.php?rest_route=\/wp\/v2\/posts"}],"about":[{"href":"https:\/\/www.iescarlessalvador.es\/index.php?rest_route=\/wp\/v2\/types\/post"}],"author":[{"embeddable":true,"href":"https:\/\/www.iescarlessalvador.es\/index.php?rest_route=\/wp\/v2\/users\/1"}],"replies":[{"embeddable":true,"href":"https:\/\/www.iescarlessalvador.es\/index.php?rest_route=%2Fwp%2Fv2%2Fcomments&post=3674"}],"version-history":[{"count":4,"href":"https:\/\/www.iescarlessalvador.es\/index.php?rest_route=\/wp\/v2\/posts\/3674\/revisions"}],"predecessor-version":[{"id":3696,"href":"https:\/\/www.iescarlessalvador.es\/index.php?rest_route=\/wp\/v2\/posts\/3674\/revisions\/3696"}],"wp:featuredmedia":[{"embeddable":true,"href":"https:\/\/www.iescarlessalvador.es\/index.php?rest_route=\/wp\/v2\/media\/3672"}],"wp:attachment":[{"href":"https:\/\/www.iescarlessalvador.es\/index.php?rest_route=%2Fwp%2Fv2%2Fmedia&parent=3674"}],"wp:term":[{"taxonomy":"category","embeddable":true,"href":"https:\/\/www.iescarlessalvador.es\/index.php?rest_route=%2Fwp%2Fv2%2Fcategories&post=3674"},{"taxonomy":"post_tag","embeddable":true,"href":"https:\/\/www.iescarlessalvador.es\/index.php?rest_route=%2Fwp%2Fv2%2Ftags&post=3674"}],"curies":[{"name":"wp","href":"https:\/\/api.w.org\/{rel}","templated":true}]}}