{"id":3715,"date":"2023-02-23T07:38:47","date_gmt":"2023-02-23T07:38:47","guid":{"rendered":"http:\/\/www.iescarlessalvador.es\/?p=3715"},"modified":"2023-02-23T07:38:49","modified_gmt":"2023-02-23T07:38:49","slug":"mobilitzat-per-la-selva-recollida-mobils","status":"publish","type":"post","link":"https:\/\/www.iescarlessalvador.es\/?p=3715","title":{"rendered":"Mobilitza&#8217;t per la Selva &#8211; recollida m\u00f2bils"},"content":{"rendered":"\n<p>El mes d&#8217;octubre passat va comen\u00e7ar la Campanya Mobilitza&#8217;t per la Selva, un projecte coordinat entre l&#8217;equip d&#8217;Ambaixadors dels Objectius de Desenvolupament Sostenible de l&#8217;IES Carles Salvador, i el grup de Corresponsals Juvenils de Gent Jove Aldaia, que s&#8217;ha desenvolupat en horari extraescolar, amb la implicaci\u00f3 volunt\u00e0ria del grup de participants.<\/p>\n\n\n\n<p><br>Despr\u00e9s de diverses sessions d&#8217;aprofundiment en mat\u00e8ria de ODS i d&#8217;organitzaci\u00f3 de les accions que s&#8217;anaven a desenvolupar, es va dur a terme una intensa Campanya de difusi\u00f3 per xarxes socials municipals, amb stories, cartelleria i entrevista a Aldaia R\u00e0dio.<\/p>\n\n\n<div class=\"wp-block-image\">\n<figure class=\"aligncenter size-large\"><img fetchpriority=\"high\" decoding=\"async\" width=\"727\" height=\"1024\" src=\"https:\/\/www.iescarlessalvador.es\/wp-content\/uploads\/2023\/02\/Screenshot_20230209_204933_WhatsApp-727x1024.jpg\" alt=\"\" class=\"wp-image-3716\" srcset=\"https:\/\/www.iescarlessalvador.es\/wp-content\/uploads\/2023\/02\/Screenshot_20230209_204933_WhatsApp-727x1024.jpg 727w, https:\/\/www.iescarlessalvador.es\/wp-content\/uploads\/2023\/02\/Screenshot_20230209_204933_WhatsApp-213x300.jpg 213w, https:\/\/www.iescarlessalvador.es\/wp-content\/uploads\/2023\/02\/Screenshot_20230209_204933_WhatsApp-768x1082.jpg 768w, https:\/\/www.iescarlessalvador.es\/wp-content\/uploads\/2023\/02\/Screenshot_20230209_204933_WhatsApp.jpg 1080w\" sizes=\"(max-width: 727px) 100vw, 727px\" \/><\/figure><\/div>\n\n\n<p>La setmana del 19 al 23 de desembre va finalitzar aquest projecte amb la recollida de m\u00f2bils i estands informatius gestionats pels propis joves, en alguns dels llocs m\u00e9s concorreguts d&#8217;Aldaia: poliesportiu, centres juvenils, mercat, biblioteca, Ajuntament.<\/p>\n\n\n\n<p><br>Una col\u00b7laboraci\u00f3 que ens ha perm\u00e9s conscienciar a la poblaci\u00f3 de la import\u00e0ncia que tenen les xicotetes accions del nostre dia a dia per a millorar l&#8217;emerg\u00e8ncia clim\u00e0tica que vivim, i recollir 97 dispositius m\u00f2bils en tan sols una setmana. <\/p>\n\n\n\n<figure class=\"wp-block-image size-large\"><img decoding=\"async\" width=\"1024\" height=\"768\" src=\"https:\/\/www.iescarlessalvador.es\/wp-content\/uploads\/2023\/02\/20221220_193454-1024x768.jpg\" alt=\"\" class=\"wp-image-3717\" srcset=\"https:\/\/www.iescarlessalvador.es\/wp-content\/uploads\/2023\/02\/20221220_193454-1024x768.jpg 1024w, https:\/\/www.iescarlessalvador.es\/wp-content\/uploads\/2023\/02\/20221220_193454-300x225.jpg 300w, https:\/\/www.iescarlessalvador.es\/wp-content\/uploads\/2023\/02\/20221220_193454-768x576.jpg 768w, https:\/\/www.iescarlessalvador.es\/wp-content\/uploads\/2023\/02\/20221220_193454-1536x1152.jpg 1536w, https:\/\/www.iescarlessalvador.es\/wp-content\/uploads\/2023\/02\/20221220_193454-2048x1536.jpg 2048w\" sizes=\"(max-width: 1024px) 100vw, 1024px\" \/><\/figure>\n\n\n\n<figure class=\"wp-block-image size-large\"><img decoding=\"async\" width=\"768\" height=\"1024\" src=\"https:\/\/www.iescarlessalvador.es\/wp-content\/uploads\/2023\/02\/20221221_124918-768x1024.jpg\" alt=\"\" class=\"wp-image-3718\" srcset=\"https:\/\/www.iescarlessalvador.es\/wp-content\/uploads\/2023\/02\/20221221_124918-768x1024.jpg 768w, https:\/\/www.iescarlessalvador.es\/wp-content\/uploads\/2023\/02\/20221221_124918-225x300.jpg 225w, https:\/\/www.iescarlessalvador.es\/wp-content\/uploads\/2023\/02\/20221221_124918-1152x1536.jpg 1152w, https:\/\/www.iescarlessalvador.es\/wp-content\/uploads\/2023\/02\/20221221_124918-1536x2048.jpg 1536w, https:\/\/www.iescarlessalvador.es\/wp-content\/uploads\/2023\/02\/20221221_124918-scaled.jpg 1920w\" sizes=\"(max-width: 768px) 100vw, 768px\" \/><\/figure>\n\n\n\n<p>Continuem amb la recollida de dispositius m\u00f2bils en els Centres Juvenils \u2013 Gent Jove i Matilde Salvador- on romandran les urnes durant alguns mesos.<\/p>\n","protected":false},"excerpt":{"rendered":"<p>El mes d&#8217;octubre passat va comen\u00e7ar la Campanya Mobilitza&#8217;t per la Selva, un projecte coordinat entre l&#8217;equip d&#8217;Ambaixadors dels Objectius de Desenvolupament Sostenible de l&#8217;IES Carles Salvador, i el grup de Corresponsals Juvenils de Gent Jove Aldaia, que s&#8217;ha desenvolupat en horari extraescolar, amb la implicaci\u00f3 volunt\u00e0ria del grup de participants. Despr\u00e9s de diverses sessions&hellip;&nbsp;<a href=\"https:\/\/www.iescarlessalvador.es\/?p=3715\" class=\"\" rel=\"bookmark\">Leer m\u00e1s &raquo;<span class=\"screen-reader-text\">Mobilitza&#8217;t per la Selva &#8211; recollida m\u00f2bils<\/span><\/a><\/p>\n","protected":false},"author":1,"featured_media":3717,"comment_status":"closed","ping_status":"closed","sticky":false,"template":"","format":"standard","meta":{"rop_custom_images_group":[],"rop_custom_messages_group":[],"rop_publish_now":"initial","rop_publish_now_accounts":[],"rop_publish_now_history":[],"rop_publish_now_status":"pending","neve_meta_sidebar":"","neve_meta_container":"","neve_meta_enable_content_width":"off","neve_meta_content_width":0,"neve_meta_title_alignment":"","neve_meta_author_avatar":"","neve_post_elements_order":"","neve_meta_disable_header":"","neve_meta_disable_footer":"","neve_meta_disable_title":"","footnotes":""},"categories":[13],"tags":[],"class_list":["post-3715","post","type-post","status-publish","format-standard","has-post-thumbnail","hentry","category-sin-categoria-ca"],"_links":{"self":[{"href":"https:\/\/www.iescarlessalvador.es\/index.php?rest_route=\/wp\/v2\/posts\/3715","targetHints":{"allow":["GET"]}}],"collection":[{"href":"https:\/\/www.iescarlessalvador.es\/index.php?rest_route=\/wp\/v2\/posts"}],"about":[{"href":"https:\/\/www.iescarlessalvador.es\/index.php?rest_route=\/wp\/v2\/types\/post"}],"author":[{"embeddable":true,"href":"https:\/\/www.iescarlessalvador.es\/index.php?rest_route=\/wp\/v2\/users\/1"}],"replies":[{"embeddable":true,"href":"https:\/\/www.iescarlessalvador.es\/index.php?rest_route=%2Fwp%2Fv2%2Fcomments&post=3715"}],"version-history":[{"count":1,"href":"https:\/\/www.iescarlessalvador.es\/index.php?rest_route=\/wp\/v2\/posts\/3715\/revisions"}],"predecessor-version":[{"id":3719,"href":"https:\/\/www.iescarlessalvador.es\/index.php?rest_route=\/wp\/v2\/posts\/3715\/revisions\/3719"}],"wp:featuredmedia":[{"embeddable":true,"href":"https:\/\/www.iescarlessalvador.es\/index.php?rest_route=\/wp\/v2\/media\/3717"}],"wp:attachment":[{"href":"https:\/\/www.iescarlessalvador.es\/index.php?rest_route=%2Fwp%2Fv2%2Fmedia&parent=3715"}],"wp:term":[{"taxonomy":"category","embeddable":true,"href":"https:\/\/www.iescarlessalvador.es\/index.php?rest_route=%2Fwp%2Fv2%2Fcategories&post=3715"},{"taxonomy":"post_tag","embeddable":true,"href":"https:\/\/www.iescarlessalvador.es\/index.php?rest_route=%2Fwp%2Fv2%2Ftags&post=3715"}],"curies":[{"name":"wp","href":"https:\/\/api.w.org\/{rel}","templated":true}]}}