{"id":3736,"date":"2023-03-29T16:22:15","date_gmt":"2023-03-29T16:22:15","guid":{"rendered":"https:\/\/www.iescarlessalvador.es\/?p=3736"},"modified":"2023-04-24T07:18:05","modified_gmt":"2023-04-24T07:18:05","slug":"instruccions-sol%c2%b7licitud-dadmissio-2023-24","status":"publish","type":"post","link":"https:\/\/www.iescarlessalvador.es\/?p=3736","title":{"rendered":"INSTRUCCIONS SOL\u00b7LICITUD D&#8217;ADMISSI\u00d3 2023-24"},"content":{"rendered":"\n<p class=\"has-text-align-center\"><strong><u>PROC\u00c9S D&#8217;ADMISSI\u00d3 ALUMNAT CURS 2023-2024<\/u><\/strong> <\/p>\n\n\n\n<p class=\"has-text-align-center\"><strong><u>ESO\/BATXILLERAT<\/u><\/strong><\/p>\n\n\n\n<p><strong>TERMINI DE PRESENTACI\u00d3 DE SOL\u00b7LICITUDS I INSTRUCCIONS DEL PROC\u00c9S.<\/strong>     <a href=\"https:\/\/www.iescarlessalvador.es\/wp-content\/uploads\/2023\/03\/SOLICITUD_ADMISION_TELEMATICA_CLL.pdf\">Descarregar<\/a><\/p>\n\n\n\n<p><strong><u>DEL 4 al 12 de MAIG DE 2023<\/u><\/strong><\/p>\n\n\n\n<p><strong>IMPORTANT: Segons Resoluci\u00f3 de 7 Mar\u00e7 de 2023 del Director General de Centres Docents, publicada en el DOGV n\u00fam. 9552 el 13 de Mar\u00e7 de 2023, per la qual es dicten instruccions respecte al procediment d&#8217;admissi\u00f3 de l&#8217;alumnat per al curs que ve, important tindre en compte:<\/strong><\/p>\n\n\n\n<p>&#8211;<strong>PARTICIPACI\u00d3 PROC\u00c9S<\/strong>: exclusivament telem\u00e0tic en els terminis que s&#8217;han establit en el calendari d&#8217;admissi\u00f3, a dalt indicats.<\/p>\n\n\n\n<p>-A trav\u00e9s de <strong>l&#8217;APLICACI\u00d3 INFORM\u00c0TICA<\/strong> <strong>de la Conselleria d&#8217;Educaci\u00f3, Cultura i Esport<\/strong>,&nbsp; per a gravar la sol\u00b7licitud per mitj\u00e0 d&#8217;un assistent telem\u00e0tic. Els passos a seguir s\u00f3n els seg\u00fcents:<\/p>\n\n\n\n<p>\u00a0\u00a0\u00a0\u00a0\u00a0\u00a0\u00a0\u00a0 &#8211;\u00a0\u00a0 <strong>Entrar en la p\u00e0gina web: <a href=\"http:\/\/portal.edu.gva.es\/telematricula\/\">http:\/\/portal.edu.gva.es\/telematricula\/es\/<\/a><\/strong><\/p>\n\n\n\n<p><\/p>\n\n\n\n<p>&#8211; Necessari obtindre la \u201c<strong>CLAU D&#8217;ADMISSI\u00d3<\/strong>\u201d que \u00e9s \u00fanica per a cada sol\u00b7licitud, i haur\u00e0 de conservar-la per a presentar reclamacions, si fora necessari.<\/p>\n\n\n\n<p>&#8211; <strong>COM S&#8217;OBT\u00c9 LA&nbsp; CLAU D&#8217;ADMISSI\u00d3?<\/strong><\/p>\n\n\n\n<p>&nbsp;Si el sol\u00b7licitant disposa de:<\/p>\n\n\n\n<p><strong>1) DNI:<\/strong><\/p>\n\n\n\n<p>        &#8211; N\u00fam. DNI<\/p>\n\n\n\n<p>        &#8211; N\u00fam. de suport (*IDESP en els models antics)<\/p>\n\n\n\n<p>        -Data de naixement<\/p>\n\n\n\n<p>&nbsp;<strong>2) NIE, targeta estranger o perm\u00eds de resid\u00e8ncia<\/strong>:<\/p>\n\n\n\n<p>        &#8211; N\u00fam. NIE<\/p>\n\n\n\n<p>        &#8211; N\u00fam. de suport (IXESP en els models antics)<\/p>\n\n\n\n<p>        &#8211; Data de naixement<\/p>\n\n\n\n<p><strong>3) Certificat de registre ciutad\u00e0 de la Uni\u00f3 Europea:<\/strong><\/p>\n\n\n\n<p>        &#8211; N\u00fam. NIE<\/p>\n\n\n\n<p>        &#8211; N\u00fam. del certificat precedit per la lletra C<\/p>\n\n\n\n<p>        &#8211; Data de naixement<\/p>\n\n\n\n<p><strong>4) Qualsevol altre mitj\u00e0 electr\u00f2nic de verificaci\u00f3 d&#8217;identitat <\/strong>segons la Disposici\u00f3 addicional tercera de la Llei 3\/2020 de 30 de desembre de la Gva:<\/p>\n\n\n\n<p>        -Certificat digital em\u00e9s per la ACCV (Ag\u00e8ncia de Tecnologia i Certificaci\u00f3 Electr\u00f2nica Digital)<\/p>\n\n\n\n<p>        -Sistema d&#8217;identitat electr\u00f2nica Cl@ve.<\/p>\n\n\n\n<p>        -eDNI amb el seu respectiu lector<\/p>\n\n\n\n<p>        &#8211; Combinaci\u00f3 del DNI i *IDESP o n\u00famero de suport, juntament amb l&#8217;acceptaci\u00f3 de comprovaci\u00f3 davant el Ministeri de l&#8217;Interior.<\/p>\n\n\n\n<p>        -Combinaci\u00f3 del NIE i *IXESP, juntament amb l&#8217;acceptaci\u00f3 de comprovaci\u00f3 davant el Ministeri de l&#8217;Interior.<\/p>\n\n\n\n<p>        &nbsp;-N\u00famero de certificat de registre de ciutadania de la Uni\u00f3 Europea, precedit per la lletra C, juntament amb l&#8217;acceptaci\u00f3 de comprovaci\u00f3 davant el Ministeri de l&#8217;Interior.<\/p>\n\n\n\n<p><strong>5) Sol\u00b7licitant amb <u>Passaport<\/u> o sol\u00b7licitant que <u>manque de la possibilitat d&#8217;acc\u00e9s a mitjans electr\u00f2nics<\/u><\/strong>, hauran de trucar al tel\u00e8fon del nostre centre&nbsp; <strong>96 120 59 90<\/strong>, se li atendr\u00e0 telef\u00f2nicament, se li donar\u00e0 cita pr\u00e8via perqu\u00e8 acudisca presencialment el dia i hora indicats per a realitzar la gesti\u00f3.<\/p>\n\n\n\n<p><strong>Una vegada obtinguda la clau d&#8217;admissi\u00f3, es procedir\u00e0 a emplenar el<\/strong> <strong>MODEL DE LA SOL\u00b7LICITUD<\/strong>:<\/p>\n\n\n\n<p>&nbsp;&nbsp;&nbsp;&nbsp;&nbsp;&nbsp;&nbsp;&nbsp; a) Identificaci\u00f3 del\/ la&nbsp; sol\u00b7licitant (pare\/mare\/tutor legal)<\/p>\n\n\n\n<p>&nbsp;&nbsp;&nbsp;&nbsp;&nbsp;&nbsp;&nbsp;&nbsp; b) Identificaci\u00f3 alumne\/a per al qual sol\u00b7licita la pla\u00e7a (Indicar NIA)<\/p>\n\n\n\n<p>&nbsp;&nbsp;&nbsp;&nbsp;&nbsp;&nbsp;&nbsp;&nbsp; c) Indicar l&#8217;exist\u00e8ncia de germans\/es matriculats al centre, o en el centre d&#8217;adscripci\u00f3, per al que sol\u00b7licita la pla\u00e7a (indicar NIA).<\/p>\n\n\n\n<p>        d) Agrupaci\u00f3 de sol\u00b7licituds per alumnat nascut de part m\u00faltiple (pot marcar aquesta opci\u00f3, i se tractar\u00e0 com una \u00fanica sol\u00b7licitud)<\/p>\n\n\n\n<p>         e) Marcar la casella habilitatda \u00fanicament si la sol\u00b7licitud est\u00e0 motivada per canvi de localitat de resid\u00e8ncia de la unitat familiar o per ser la primera vegada que tots els germans\/nes sol\u00b7liciten pla\u00e7a en un centre de la Comunitat Valenciana.<\/p>\n\n\n\n<p>        f) Identificaci\u00f3 membres de la unitat familiar<\/p>\n\n\n\n<p>&nbsp;&nbsp;&nbsp;&nbsp;&nbsp;&nbsp;&nbsp;&nbsp; g) No conviv\u00e8ncia dels progenitors per separaci\u00f3, divorci, nul\u00b7litat, ruptura parelles de fet o situaci\u00f3 an\u00e0loga, limitaci\u00f3 de la p\u00e0tria potestat per algun d&#8217;ells. <strong>MARCAR LA CASELLA\/S HABILITADES<\/strong> a aquest efecte. (En el moment de formalitzar la matricula s&#8217;haur\u00e0 d&#8217;aportar la signatura i consignar les dades dels dos pares)<\/p>\n\n\n\n<p>      h)<strong> AUTORITZACI\u00d3<\/strong> per a obtindre les dades de la <strong>RENDA FAMILIAR<\/strong>&nbsp; de l&#8217;exercici <strong>2021 a trav\u00e9s de la AEAT<\/strong>. (Ag\u00e8ncia Estatal Tribut\u00e0ria), o <strong>de la renda valenciana d&#8217;inclusi\u00f3<\/strong>.<\/p>\n\n\n\n<p>Caldr\u00e0 aportar per a cadascun dels membres de la unitat familiar majors de 16 anys, sobre els que es realitza la consulta:<\/p>\n\n\n\n<p><strong>&nbsp;&nbsp;&nbsp;&nbsp;&nbsp;&nbsp;&nbsp;&nbsp; h.1) Si disposa de DNI&nbsp;&nbsp;&nbsp;&nbsp;&nbsp;&nbsp;&nbsp;&nbsp;&nbsp;<\/strong><\/p>\n\n\n\n<p>                -N\u00fam. DNI<\/p>\n\n\n\n<p>                -N\u00fam. de suport (*IDESP en els models antics)<\/p>\n\n\n\n<p>                -Data de naixement<\/p>\n\n\n\n<p>        <strong>h.2) NIE, targeta estranger o perm\u00eds de resid\u00e8ncia:<\/strong><\/p>\n\n\n\n<p>                -N\u00fam. NIE<\/p>\n\n\n\n<p>                -N\u00fam. de suport (IXESP en els models antics)<\/p>\n\n\n\n<p>                -Data de naixement<\/p>\n\n\n\n<p><strong>       h.3) Certificat de registre ciutad\u00e0 de la Uni\u00f3 Europea:<\/strong><\/p>\n\n\n\n<p>                -N\u00fam. NIE<\/p>\n\n\n\n<p>                -N\u00fam. del certificat precedit per la lletra C<\/p>\n\n\n\n<p>                -Data de naixement<\/p>\n\n\n\n<p>i)<strong> Nivell educatiu sol\u00b7licitat, programa ling\u00fc\u00edstic, modalitat i torn de batxillerat, si \u00e9s el cas.<\/strong><\/p>\n\n\n\n<p>j)<strong> Circumst\u00e0ncies al\u00b7legades per la persona sol\u00b7licitant per al proc\u00e9s d&#8217;admissi\u00f3.<\/strong><\/p>\n\n\n\n<p>k<strong>) Declaraci\u00f3 Responsable, que les circumst\u00e0ncies al\u00b7legades s&#8217;ajusten a la realitat<\/strong> (substitueix a l&#8217;aportaci\u00f3 de la documentaci\u00f3 acreditativa en&nbsp; el moment de la sol\u00b7licitud, sense perjudici de la seua posterior acreditaci\u00f3 i comprovaci\u00f3. La falsedat de les dades declarades o no suficient acreditaci\u00f3 donar\u00e0 lloc a la nul\u00b7litat de la sol\u00b7licitud, escolaritzant-se a l&#8217;alumne\/a en els centres que queden posats vacants, finalitzat el proc\u00e9s d&#8217;admissi\u00f3.)<\/p>\n\n\n\n<p>l)<strong> Alumnat procedent de centres no p\u00fablics o fora de la Comunitat Valenciana<\/strong>, hauran d&#8217;aportar la BAIXA del centre, en el moment de formalitzar la MATR\u00cdCULA.<\/p>\n\n\n\n<p>m)<strong> CENTRES SOL\u00b7LICITATS<\/strong>: Fins a un m\u00e0xim de 10, ordenats&nbsp; segons prefer\u00e8ncia.<\/p>\n\n\n\n<p>n)<strong> CORREU ELECTR\u00d2NIC<\/strong>, important on rebr\u00e0 la informaci\u00f3 necess\u00e0ria per a consultar el resultat del proc\u00e9s d&#8217;admissi\u00f3.<\/p>\n\n\n\n<p><strong>*NOM\u00c9S PODR\u00c0 PRESENTAR-SE ELECTR\u00d2NICAMENT UNA \u00daNICA SOL\u00b7LICITUD PER A ALUMNE\/A ASSOCIADA a la CLAU D&#8217;ADMISSI\u00d3.<\/strong> (Podr\u00e0 ser emplenada en m\u00e9s d&#8217;una ocasi\u00f3 durant el per\u00edode que estiga operativa l&#8217;aplicaci\u00f3, i s\u00e9 tindr\u00e0 en compte nom\u00e9s, l&#8217;\u00faltima sol\u00b7licitud presentada electr\u00f2nicament.)<\/p>\n\n\n\n<p><\/p>\n\n\n\n<p class=\"has-text-align-center\"><strong><u>APORTACI\u00d3 REQUISIT ACAD\u00c8MIC<\/u><\/strong><\/p>\n\n\n\n<p><strong><u>ESO: fins al 28 de Juny.<\/u><\/strong><\/p>\n\n\n\n<p><strong>BATXILLERAT<\/strong><u style=\"font-weight: bold;\">: fins al 4 de Juliol.<\/u> <\/p>\n\n\n\n<p><strong><em><u>Presencialment<\/u><\/em><\/strong><\/p>\n\n\n\n<p><strong>Nom\u00e9s per a alumnat:<\/strong><\/p>\n\n\n\n<ul class=\"wp-block-list\"><li>No matriculat&nbsp; en 2022-2023 en centre sostinguts amb fons p\u00fablics de la Comunitat Valenciana.<\/li><li>Que sol\u00b7licita pla\u00e7a per a segon de batxillerat (Nota referencia utilitzada per a acc\u00e9s inicial al primer curs, \u00e9s a dir NOTA MITJANA DE L&#8217;ESO)<\/li><li>Que sol\u00b7licita pla\u00e7a per a primer de batxillerat i que durant el curs 2022-2023 no ha finalitzat cicle d&#8217;FP Mij\u00e0 o no ha estat matriculat en 4t de l&#8217;ESO.<\/li><\/ul>\n\n\n\n<p><strong><em><u>Telem\u00e0ticament<\/u><\/em><\/strong><\/p>\n\n\n\n<ul class=\"wp-block-list\"><li>La resta d&#8217;alumnat l&#8217;enviament es realitzar\u00e0 telem\u00e0ticament a trav\u00e9s de la plataforma ITACA, utilitzada pels centres educatius p\u00fablics o concertats sostinguts amb fons p\u00fablics<\/li><\/ul>\n\n\n\n<p><\/p>\n\n\n\n<p><\/p>\n\n\n\n<p class=\"has-text-align-center\"><strong><u>FORMALITZACI\u00d3 MATRICULA<\/u><\/strong><\/p>\n\n\n\n<p><strong>Alumnat adm\u00e8s en llistes definitives en el proc\u00e9s d&#8217;admissi\u00f3.<\/strong><\/p>\n\n\n\n<ul class=\"wp-block-list\"><li>Realitzar\u00e0 la formalitzaci\u00f3 de la matr\u00edcula telem\u00e0ticament a trav\u00e9s de la p\u00e0gina web:<\/li><\/ul>\n\n\n\n<p><a href=\"https:\/\/portal.edu.gva.es\/telematricula\/es\/\">https:\/\/portal.edu.gva.es\/telematricula\/es\/<\/a><\/p>\n\n\n\n<p>ESO: del 19 al 24 de juliol<\/p>\n\n\n\n<p>BATX: del 24 al 27 de juliol<\/p>\n\n\n\n<ul class=\"wp-block-list\"><li>Realitzar\u00e0 la formalitzaci\u00f3 de la matr\u00edcula presencialment, en administraci\u00f3 del centre:<\/li><\/ul>\n\n\n\n<p>ESO: del 20 al 25 de juliol<\/p>\n\n\n\n<p>BATX: del 25 al 28 de juliol<\/p>\n\n\n\n<ul class=\"wp-block-list\"><li><a href=\"https:\/\/www.iescarlessalvador.es\/wp-content\/uploads\/2021\/05\/Publicacion_TRIPTIC__18-19_val_def.pdf\">Descarregar tr\u00edptic<\/a><\/li><\/ul>\n\n\n\n<p><a href=\"http:\/\/www.ceice.gva.es\/web\/admision-alumnado\">Enlla\u00e7 a la p\u00e0gina web de la Conselleria d&#8217;Educaci\u00f3<\/a><\/p>\n","protected":false},"excerpt":{"rendered":"<p>PROC\u00c9S D&#8217;ADMISSI\u00d3 ALUMNAT CURS 2023-2024 ESO\/BATXILLERAT TERMINI DE PRESENTACI\u00d3 DE SOL\u00b7LICITUDS I INSTRUCCIONS DEL PROC\u00c9S. Descarregar DEL 4 al 12 de MAIG DE 2023 IMPORTANT: Segons Resoluci\u00f3 de 7 Mar\u00e7 de 2023 del Director General de Centres Docents, publicada en el DOGV n\u00fam. 9552 el 13 de Mar\u00e7 de 2023, per la qual es dicten&hellip;&nbsp;<a href=\"https:\/\/www.iescarlessalvador.es\/?p=3736\" class=\"\" rel=\"bookmark\">Leer m\u00e1s &raquo;<span class=\"screen-reader-text\">INSTRUCCIONS SOL\u00b7LICITUD D&#8217;ADMISSI\u00d3 2023-24<\/span><\/a><\/p>\n","protected":false},"author":1,"featured_media":0,"comment_status":"open","ping_status":"open","sticky":false,"template":"","format":"standard","meta":{"rop_custom_images_group":[],"rop_custom_messages_group":[],"rop_publish_now":"initial","rop_publish_now_accounts":[],"rop_publish_now_history":[],"rop_publish_now_status":"pending","neve_meta_sidebar":"","neve_meta_container":"","neve_meta_enable_content_width":"off","neve_meta_content_width":0,"neve_meta_title_alignment":"","neve_meta_author_avatar":"","neve_post_elements_order":"","neve_meta_disable_header":"","neve_meta_disable_footer":"","neve_meta_disable_title":"","footnotes":""},"categories":[13],"tags":[],"class_list":["post-3736","post","type-post","status-publish","format-standard","hentry","category-sin-categoria-ca"],"_links":{"self":[{"href":"https:\/\/www.iescarlessalvador.es\/index.php?rest_route=\/wp\/v2\/posts\/3736","targetHints":{"allow":["GET"]}}],"collection":[{"href":"https:\/\/www.iescarlessalvador.es\/index.php?rest_route=\/wp\/v2\/posts"}],"about":[{"href":"https:\/\/www.iescarlessalvador.es\/index.php?rest_route=\/wp\/v2\/types\/post"}],"author":[{"embeddable":true,"href":"https:\/\/www.iescarlessalvador.es\/index.php?rest_route=\/wp\/v2\/users\/1"}],"replies":[{"embeddable":true,"href":"https:\/\/www.iescarlessalvador.es\/index.php?rest_route=%2Fwp%2Fv2%2Fcomments&post=3736"}],"version-history":[{"count":4,"href":"https:\/\/www.iescarlessalvador.es\/index.php?rest_route=\/wp\/v2\/posts\/3736\/revisions"}],"predecessor-version":[{"id":3826,"href":"https:\/\/www.iescarlessalvador.es\/index.php?rest_route=\/wp\/v2\/posts\/3736\/revisions\/3826"}],"wp:attachment":[{"href":"https:\/\/www.iescarlessalvador.es\/index.php?rest_route=%2Fwp%2Fv2%2Fmedia&parent=3736"}],"wp:term":[{"taxonomy":"category","embeddable":true,"href":"https:\/\/www.iescarlessalvador.es\/index.php?rest_route=%2Fwp%2Fv2%2Fcategories&post=3736"},{"taxonomy":"post_tag","embeddable":true,"href":"https:\/\/www.iescarlessalvador.es\/index.php?rest_route=%2Fwp%2Fv2%2Ftags&post=3736"}],"curies":[{"name":"wp","href":"https:\/\/api.w.org\/{rel}","templated":true}]}}