{"id":3782,"date":"2023-04-03T20:55:50","date_gmt":"2023-04-03T20:55:50","guid":{"rendered":"http:\/\/www.iescarlessalvador.es\/?p=3782"},"modified":"2023-04-03T20:55:51","modified_gmt":"2023-04-03T20:55:51","slug":"dia-mundial-de-concienciacion-sobre-el-autismo","status":"publish","type":"post","link":"https:\/\/www.iescarlessalvador.es\/?p=3782&lang=es","title":{"rendered":"D\u00eda Mundial\u00a0de Concienciaci\u00f3n sobre el\u00a0Autismo"},"content":{"rendered":"\n<p>El <strong>2 de abril\u00a0<\/strong>se celebra el\u00a0<strong>D\u00eda Mundial de Concienciaci\u00f3n sobre el Autismo<\/strong>, con la finalidad de impulsar la mejora de la calidad de vida de las personas con Trastorno con Espectro Autista (TEA), as\u00ed como promover su inclusi\u00f3n en todos los \u00e1mbitos de la sociedad.<\/p>\n\n\n\n<p>El IES Carles Salvador ha realizado diferentes actividades para sensibilizar a su alumnado.<\/p>\n\n\n\n<figure class=\"wp-block-gallery has-nested-images columns-default is-cropped wp-block-gallery-1 is-layout-flex wp-block-gallery-is-layout-flex\">\n<figure class=\"wp-block-image size-large\"><img fetchpriority=\"high\" decoding=\"async\" width=\"2560\" height=\"1920\" data-id=\"3779\" src=\"https:\/\/www.iescarlessalvador.es\/wp-content\/uploads\/2023\/04\/IMG_7530-scaled.jpg\" alt=\"\" class=\"wp-image-3779\" srcset=\"https:\/\/www.iescarlessalvador.es\/wp-content\/uploads\/2023\/04\/IMG_7530-scaled.jpg 2560w, https:\/\/www.iescarlessalvador.es\/wp-content\/uploads\/2023\/04\/IMG_7530-300x225.jpg 300w, https:\/\/www.iescarlessalvador.es\/wp-content\/uploads\/2023\/04\/IMG_7530-1024x768.jpg 1024w, https:\/\/www.iescarlessalvador.es\/wp-content\/uploads\/2023\/04\/IMG_7530-768x576.jpg 768w, https:\/\/www.iescarlessalvador.es\/wp-content\/uploads\/2023\/04\/IMG_7530-1536x1152.jpg 1536w, https:\/\/www.iescarlessalvador.es\/wp-content\/uploads\/2023\/04\/IMG_7530-2048x1536.jpg 2048w\" sizes=\"(max-width: 2560px) 100vw, 2560px\" \/><figcaption>1<\/figcaption><\/figure>\n\n\n\n<figure class=\"wp-block-image size-large\"><img decoding=\"async\" width=\"2016\" height=\"980\" data-id=\"3778\" src=\"https:\/\/www.iescarlessalvador.es\/wp-content\/uploads\/2023\/04\/IMG_7547.jpg\" alt=\"\" class=\"wp-image-3778\" srcset=\"https:\/\/www.iescarlessalvador.es\/wp-content\/uploads\/2023\/04\/IMG_7547.jpg 2016w, https:\/\/www.iescarlessalvador.es\/wp-content\/uploads\/2023\/04\/IMG_7547-300x146.jpg 300w, https:\/\/www.iescarlessalvador.es\/wp-content\/uploads\/2023\/04\/IMG_7547-1024x498.jpg 1024w, https:\/\/www.iescarlessalvador.es\/wp-content\/uploads\/2023\/04\/IMG_7547-768x373.jpg 768w, https:\/\/www.iescarlessalvador.es\/wp-content\/uploads\/2023\/04\/IMG_7547-1536x747.jpg 1536w\" sizes=\"(max-width: 2016px) 100vw, 2016px\" \/><figcaption>2<\/figcaption><\/figure>\n\n\n\n<figure class=\"wp-block-image size-large\"><img decoding=\"async\" width=\"2016\" height=\"980\" data-id=\"3777\" src=\"https:\/\/www.iescarlessalvador.es\/wp-content\/uploads\/2023\/04\/IMG_7546.jpg\" alt=\"\" class=\"wp-image-3777\" srcset=\"https:\/\/www.iescarlessalvador.es\/wp-content\/uploads\/2023\/04\/IMG_7546.jpg 2016w, https:\/\/www.iescarlessalvador.es\/wp-content\/uploads\/2023\/04\/IMG_7546-300x146.jpg 300w, https:\/\/www.iescarlessalvador.es\/wp-content\/uploads\/2023\/04\/IMG_7546-1024x498.jpg 1024w, https:\/\/www.iescarlessalvador.es\/wp-content\/uploads\/2023\/04\/IMG_7546-768x373.jpg 768w, https:\/\/www.iescarlessalvador.es\/wp-content\/uploads\/2023\/04\/IMG_7546-1536x747.jpg 1536w\" sizes=\"(max-width: 2016px) 100vw, 2016px\" \/><figcaption>3<\/figcaption><\/figure>\n\n\n\n<figure class=\"wp-block-image size-large\"><img loading=\"lazy\" decoding=\"async\" width=\"2016\" height=\"980\" data-id=\"3776\" src=\"https:\/\/www.iescarlessalvador.es\/wp-content\/uploads\/2023\/04\/IMG_7544.jpg\" alt=\"\" class=\"wp-image-3776\" srcset=\"https:\/\/www.iescarlessalvador.es\/wp-content\/uploads\/2023\/04\/IMG_7544.jpg 2016w, https:\/\/www.iescarlessalvador.es\/wp-content\/uploads\/2023\/04\/IMG_7544-300x146.jpg 300w, https:\/\/www.iescarlessalvador.es\/wp-content\/uploads\/2023\/04\/IMG_7544-1024x498.jpg 1024w, https:\/\/www.iescarlessalvador.es\/wp-content\/uploads\/2023\/04\/IMG_7544-768x373.jpg 768w, https:\/\/www.iescarlessalvador.es\/wp-content\/uploads\/2023\/04\/IMG_7544-1536x747.jpg 1536w\" sizes=\"(max-width: 2016px) 100vw, 2016px\" \/><figcaption>4<\/figcaption><\/figure>\n\n\n\n<figure class=\"wp-block-image size-large\"><img loading=\"lazy\" decoding=\"async\" width=\"2560\" height=\"1920\" data-id=\"3775\" src=\"https:\/\/www.iescarlessalvador.es\/wp-content\/uploads\/2023\/04\/IMG_7535-scaled.jpg\" alt=\"\" class=\"wp-image-3775\" srcset=\"https:\/\/www.iescarlessalvador.es\/wp-content\/uploads\/2023\/04\/IMG_7535-scaled.jpg 2560w, https:\/\/www.iescarlessalvador.es\/wp-content\/uploads\/2023\/04\/IMG_7535-300x225.jpg 300w, https:\/\/www.iescarlessalvador.es\/wp-content\/uploads\/2023\/04\/IMG_7535-1024x768.jpg 1024w, https:\/\/www.iescarlessalvador.es\/wp-content\/uploads\/2023\/04\/IMG_7535-768x576.jpg 768w, https:\/\/www.iescarlessalvador.es\/wp-content\/uploads\/2023\/04\/IMG_7535-1536x1152.jpg 1536w, https:\/\/www.iescarlessalvador.es\/wp-content\/uploads\/2023\/04\/IMG_7535-2048x1536.jpg 2048w\" sizes=\"(max-width: 2560px) 100vw, 2560px\" \/><figcaption>5<\/figcaption><\/figure>\n\n\n\n<figure class=\"wp-block-image size-large\"><img loading=\"lazy\" decoding=\"async\" width=\"2560\" height=\"1920\" data-id=\"3774\" src=\"https:\/\/www.iescarlessalvador.es\/wp-content\/uploads\/2023\/04\/IMG_7534-scaled.jpg\" alt=\"\" class=\"wp-image-3774\" srcset=\"https:\/\/www.iescarlessalvador.es\/wp-content\/uploads\/2023\/04\/IMG_7534-scaled.jpg 2560w, https:\/\/www.iescarlessalvador.es\/wp-content\/uploads\/2023\/04\/IMG_7534-300x225.jpg 300w, https:\/\/www.iescarlessalvador.es\/wp-content\/uploads\/2023\/04\/IMG_7534-1024x768.jpg 1024w, https:\/\/www.iescarlessalvador.es\/wp-content\/uploads\/2023\/04\/IMG_7534-768x576.jpg 768w, https:\/\/www.iescarlessalvador.es\/wp-content\/uploads\/2023\/04\/IMG_7534-1536x1152.jpg 1536w, https:\/\/www.iescarlessalvador.es\/wp-content\/uploads\/2023\/04\/IMG_7534-2048x1536.jpg 2048w\" sizes=\"(max-width: 2560px) 100vw, 2560px\" \/><figcaption>6<\/figcaption><\/figure>\n<\/figure>\n","protected":false},"excerpt":{"rendered":"<p>El 2 de abril\u00a0se celebra el\u00a0D\u00eda Mundial de Concienciaci\u00f3n sobre el Autismo, con la finalidad de impulsar la mejora de la calidad de vida de las personas con Trastorno con Espectro Autista (TEA), as\u00ed como promover su inclusi\u00f3n en todos los \u00e1mbitos de la sociedad. El IES Carles Salvador ha realizado diferentes actividades para sensibilizar&hellip;&nbsp;<a href=\"https:\/\/www.iescarlessalvador.es\/?p=3782&#038;lang=es\" class=\"\" rel=\"bookmark\">Leer m\u00e1s &raquo;<span class=\"screen-reader-text\">D\u00eda Mundial\u00a0de Concienciaci\u00f3n sobre el\u00a0Autismo<\/span><\/a><\/p>\n","protected":false},"author":1,"featured_media":3774,"comment_status":"closed","ping_status":"closed","sticky":false,"template":"","format":"standard","meta":{"rop_custom_images_group":[],"rop_custom_messages_group":[],"rop_publish_now":"initial","rop_publish_now_accounts":[],"rop_publish_now_history":[],"rop_publish_now_status":"pending","neve_meta_sidebar":"","neve_meta_container":"","neve_meta_enable_content_width":"off","neve_meta_content_width":0,"neve_meta_title_alignment":"","neve_meta_author_avatar":"","neve_post_elements_order":"","neve_meta_disable_header":"","neve_meta_disable_footer":"","neve_meta_disable_title":"","footnotes":""},"categories":[34],"tags":[],"class_list":["post-3782","post","type-post","status-publish","format-standard","has-post-thumbnail","hentry","category-noticias"],"_links":{"self":[{"href":"https:\/\/www.iescarlessalvador.es\/index.php?rest_route=\/wp\/v2\/posts\/3782","targetHints":{"allow":["GET"]}}],"collection":[{"href":"https:\/\/www.iescarlessalvador.es\/index.php?rest_route=\/wp\/v2\/posts"}],"about":[{"href":"https:\/\/www.iescarlessalvador.es\/index.php?rest_route=\/wp\/v2\/types\/post"}],"author":[{"embeddable":true,"href":"https:\/\/www.iescarlessalvador.es\/index.php?rest_route=\/wp\/v2\/users\/1"}],"replies":[{"embeddable":true,"href":"https:\/\/www.iescarlessalvador.es\/index.php?rest_route=%2Fwp%2Fv2%2Fcomments&post=3782"}],"version-history":[{"count":1,"href":"https:\/\/www.iescarlessalvador.es\/index.php?rest_route=\/wp\/v2\/posts\/3782\/revisions"}],"predecessor-version":[{"id":3783,"href":"https:\/\/www.iescarlessalvador.es\/index.php?rest_route=\/wp\/v2\/posts\/3782\/revisions\/3783"}],"wp:featuredmedia":[{"embeddable":true,"href":"https:\/\/www.iescarlessalvador.es\/index.php?rest_route=\/wp\/v2\/media\/3774"}],"wp:attachment":[{"href":"https:\/\/www.iescarlessalvador.es\/index.php?rest_route=%2Fwp%2Fv2%2Fmedia&parent=3782"}],"wp:term":[{"taxonomy":"category","embeddable":true,"href":"https:\/\/www.iescarlessalvador.es\/index.php?rest_route=%2Fwp%2Fv2%2Fcategories&post=3782"},{"taxonomy":"post_tag","embeddable":true,"href":"https:\/\/www.iescarlessalvador.es\/index.php?rest_route=%2Fwp%2Fv2%2Ftags&post=3782"}],"curies":[{"name":"wp","href":"https:\/\/api.w.org\/{rel}","templated":true}]}}