{"id":3815,"date":"2023-04-22T17:23:33","date_gmt":"2023-04-22T17:23:33","guid":{"rendered":"http:\/\/www.iescarlessalvador.es\/?p=3815"},"modified":"2023-04-22T17:30:31","modified_gmt":"2023-04-22T17:30:31","slug":"jornada-de-portes-obertes-cicles-formatius-9-de-maig-1900-hores","status":"publish","type":"post","link":"https:\/\/www.iescarlessalvador.es\/?p=3815","title":{"rendered":"Jornada de portes obertes CICLES FORMATIUS &#8211; 9 de maig 19:00 hores."},"content":{"rendered":"\n<p>El dimarts 9 de maig de 2023, a les 19:00 hores,  realitzarem la Jornada de Portes obertes per donar a coneixer a les fam\u00edlies i l&#8217;alumnat interessat l&#8217;oferta formativa de Cicles Formatius (Grau B\u00e0sic, Mitj\u00e0 i Superior), de l&#8217;IES Carles Salvador d&#8217;Aldaia, per al curs escolar 2023-24.<\/p>\n\n\n\n<p>L&#8217;horari de la jornada ser\u00e0 el seg\u00fcent:<\/p>\n\n\n\n<p>19:00 &#8211; Visita a les instal\u00b7lacions.<\/p>\n\n\n\n<p>19:30 &#8211; Xarrada informativa al sal\u00f3 d&#8217;actes del centre.<\/p>\n","protected":false},"excerpt":{"rendered":"<p>El dimarts 9 de maig de 2023, a les 19:00 hores, realitzarem la Jornada de Portes obertes per donar a coneixer a les fam\u00edlies i l&#8217;alumnat interessat l&#8217;oferta formativa de Cicles Formatius (Grau B\u00e0sic, Mitj\u00e0 i Superior), de l&#8217;IES Carles Salvador d&#8217;Aldaia, per al curs escolar 2023-24. L&#8217;horari de la jornada ser\u00e0 el seg\u00fcent: 19:00&hellip;&nbsp;<a href=\"https:\/\/www.iescarlessalvador.es\/?p=3815\" class=\"\" rel=\"bookmark\">Leer m\u00e1s &raquo;<span class=\"screen-reader-text\">Jornada de portes obertes CICLES FORMATIUS &#8211; 9 de maig 19:00 hores.<\/span><\/a><\/p>\n","protected":false},"author":1,"featured_media":3816,"comment_status":"closed","ping_status":"closed","sticky":false,"template":"","format":"standard","meta":{"rop_custom_images_group":[],"rop_custom_messages_group":[],"rop_publish_now":"initial","rop_publish_now_accounts":[],"rop_publish_now_history":[],"rop_publish_now_status":"pending","neve_meta_sidebar":"","neve_meta_container":"","neve_meta_enable_content_width":"off","neve_meta_content_width":0,"neve_meta_title_alignment":"","neve_meta_author_avatar":"","neve_post_elements_order":"","neve_meta_disable_header":"","neve_meta_disable_footer":"","neve_meta_disable_title":"","footnotes":""},"categories":[13],"tags":[],"class_list":["post-3815","post","type-post","status-publish","format-standard","has-post-thumbnail","hentry","category-sin-categoria-ca"],"_links":{"self":[{"href":"https:\/\/www.iescarlessalvador.es\/index.php?rest_route=\/wp\/v2\/posts\/3815","targetHints":{"allow":["GET"]}}],"collection":[{"href":"https:\/\/www.iescarlessalvador.es\/index.php?rest_route=\/wp\/v2\/posts"}],"about":[{"href":"https:\/\/www.iescarlessalvador.es\/index.php?rest_route=\/wp\/v2\/types\/post"}],"author":[{"embeddable":true,"href":"https:\/\/www.iescarlessalvador.es\/index.php?rest_route=\/wp\/v2\/users\/1"}],"replies":[{"embeddable":true,"href":"https:\/\/www.iescarlessalvador.es\/index.php?rest_route=%2Fwp%2Fv2%2Fcomments&post=3815"}],"version-history":[{"count":1,"href":"https:\/\/www.iescarlessalvador.es\/index.php?rest_route=\/wp\/v2\/posts\/3815\/revisions"}],"predecessor-version":[{"id":3818,"href":"https:\/\/www.iescarlessalvador.es\/index.php?rest_route=\/wp\/v2\/posts\/3815\/revisions\/3818"}],"wp:featuredmedia":[{"embeddable":true,"href":"https:\/\/www.iescarlessalvador.es\/index.php?rest_route=\/wp\/v2\/media\/3816"}],"wp:attachment":[{"href":"https:\/\/www.iescarlessalvador.es\/index.php?rest_route=%2Fwp%2Fv2%2Fmedia&parent=3815"}],"wp:term":[{"taxonomy":"category","embeddable":true,"href":"https:\/\/www.iescarlessalvador.es\/index.php?rest_route=%2Fwp%2Fv2%2Fcategories&post=3815"},{"taxonomy":"post_tag","embeddable":true,"href":"https:\/\/www.iescarlessalvador.es\/index.php?rest_route=%2Fwp%2Fv2%2Ftags&post=3815"}],"curies":[{"name":"wp","href":"https:\/\/api.w.org\/{rel}","templated":true}]}}