{"id":3863,"date":"2023-05-08T20:17:33","date_gmt":"2023-05-08T20:17:33","guid":{"rendered":"http:\/\/www.iescarlessalvador.es\/?p=3863"},"modified":"2023-05-08T20:17:35","modified_gmt":"2023-05-08T20:17:35","slug":"congres-cientific-juvenil-daldaia","status":"publish","type":"post","link":"https:\/\/www.iescarlessalvador.es\/?p=3863","title":{"rendered":"Congr\u00e9s cient\u00edfic Juvenil d&#8217;Aldaia"},"content":{"rendered":"\n<p>El proper 12 de maig se realitzar\u00e0 el 1r Congr\u00e9s Cient\u00edfic Juvenil d&#8217;Aldaia organitzat pels instituts de la localitat d&#8217;Aldaia i la Biblioteca P\u00fablica Municipal.<\/p>\n\n\n\n<p>Us animem a participar d&#8217;aquest esdeveniment i adjuntem la informaci\u00f3 de les activitats: <\/p>\n\n\n\n<figure class=\"wp-block-image size-large is-resized\"><img fetchpriority=\"high\" decoding=\"async\" src=\"https:\/\/www.iescarlessalvador.es\/wp-content\/uploads\/2023\/05\/POST_1_congres_cientific_juvenil_aldaia-1024x1024.jpg\" alt=\"\" class=\"wp-image-3867\" width=\"819\" height=\"819\" srcset=\"https:\/\/www.iescarlessalvador.es\/wp-content\/uploads\/2023\/05\/POST_1_congres_cientific_juvenil_aldaia-1024x1024.jpg 1024w, https:\/\/www.iescarlessalvador.es\/wp-content\/uploads\/2023\/05\/POST_1_congres_cientific_juvenil_aldaia-300x300.jpg 300w, https:\/\/www.iescarlessalvador.es\/wp-content\/uploads\/2023\/05\/POST_1_congres_cientific_juvenil_aldaia-150x150.jpg 150w, https:\/\/www.iescarlessalvador.es\/wp-content\/uploads\/2023\/05\/POST_1_congres_cientific_juvenil_aldaia-768x768.jpg 768w, https:\/\/www.iescarlessalvador.es\/wp-content\/uploads\/2023\/05\/POST_1_congres_cientific_juvenil_aldaia.jpg 1080w\" sizes=\"(max-width: 819px) 100vw, 819px\" \/><\/figure>\n\n\n\n<figure class=\"wp-block-image size-large\"><img decoding=\"async\" width=\"1024\" height=\"1024\" src=\"https:\/\/www.iescarlessalvador.es\/wp-content\/uploads\/2023\/05\/POST_2_congres_cientific_juvenil_aldaia-1024x1024.jpg\" alt=\"\" class=\"wp-image-3864\" srcset=\"https:\/\/www.iescarlessalvador.es\/wp-content\/uploads\/2023\/05\/POST_2_congres_cientific_juvenil_aldaia-1024x1024.jpg 1024w, https:\/\/www.iescarlessalvador.es\/wp-content\/uploads\/2023\/05\/POST_2_congres_cientific_juvenil_aldaia-300x300.jpg 300w, https:\/\/www.iescarlessalvador.es\/wp-content\/uploads\/2023\/05\/POST_2_congres_cientific_juvenil_aldaia-150x150.jpg 150w, https:\/\/www.iescarlessalvador.es\/wp-content\/uploads\/2023\/05\/POST_2_congres_cientific_juvenil_aldaia-768x768.jpg 768w, https:\/\/www.iescarlessalvador.es\/wp-content\/uploads\/2023\/05\/POST_2_congres_cientific_juvenil_aldaia-1536x1536.jpg 1536w, https:\/\/www.iescarlessalvador.es\/wp-content\/uploads\/2023\/05\/POST_2_congres_cientific_juvenil_aldaia-2048x2048.jpg 2048w\" sizes=\"(max-width: 1024px) 100vw, 1024px\" \/><\/figure>\n\n\n\n<figure class=\"wp-block-image size-large\"><img decoding=\"async\" width=\"1024\" height=\"1024\" src=\"https:\/\/www.iescarlessalvador.es\/wp-content\/uploads\/2023\/05\/POST_3_congres_cientific_juvenil_aldaia-1024x1024.jpg\" alt=\"\" class=\"wp-image-3865\" srcset=\"https:\/\/www.iescarlessalvador.es\/wp-content\/uploads\/2023\/05\/POST_3_congres_cientific_juvenil_aldaia-1024x1024.jpg 1024w, https:\/\/www.iescarlessalvador.es\/wp-content\/uploads\/2023\/05\/POST_3_congres_cientific_juvenil_aldaia-300x300.jpg 300w, https:\/\/www.iescarlessalvador.es\/wp-content\/uploads\/2023\/05\/POST_3_congres_cientific_juvenil_aldaia-150x150.jpg 150w, https:\/\/www.iescarlessalvador.es\/wp-content\/uploads\/2023\/05\/POST_3_congres_cientific_juvenil_aldaia-768x768.jpg 768w, https:\/\/www.iescarlessalvador.es\/wp-content\/uploads\/2023\/05\/POST_3_congres_cientific_juvenil_aldaia-1536x1536.jpg 1536w, https:\/\/www.iescarlessalvador.es\/wp-content\/uploads\/2023\/05\/POST_3_congres_cientific_juvenil_aldaia-2048x2048.jpg 2048w\" sizes=\"(max-width: 1024px) 100vw, 1024px\" \/><\/figure>\n\n\n\n<div data-wp-interactive=\"core\/file\" class=\"wp-block-file\"><object data-wp-bind--hidden=\"!state.hasPdfPreview\" hidden class=\"wp-block-file__embed\" data=\"https:\/\/www.iescarlessalvador.es\/wp-content\/uploads\/2023\/05\/IMP_PROGRAMA_A5_congres_cientific_juvenil_aldaia-2.pdf\" type=\"application\/pdf\" style=\"width:100%;height:600px\" aria-label=\"Incrustado de Incrustado de IMP_PROGRAMA_A5_congres_cient\u00edfic_juvenil_aldaia..\"><\/object><a id=\"wp-block-file--media-d450fcfb-8c8e-4db5-a48f-37e07e0cffb5\" href=\"https:\/\/www.iescarlessalvador.es\/wp-content\/uploads\/2023\/05\/IMP_PROGRAMA_A5_congres_cientific_juvenil_aldaia-2.pdf\">IMP_PROGRAMA_A5_congres_cient\u00edfic_juvenil_aldaia<\/a><a href=\"https:\/\/www.iescarlessalvador.es\/wp-content\/uploads\/2023\/05\/IMP_PROGRAMA_A5_congres_cientific_juvenil_aldaia-2.pdf\" class=\"wp-block-file__button\" download aria-describedby=\"wp-block-file--media-d450fcfb-8c8e-4db5-a48f-37e07e0cffb5\">Descarga<\/a><\/div>\n","protected":false},"excerpt":{"rendered":"<p>El proper 12 de maig se realitzar\u00e0 el 1r Congr\u00e9s Cient\u00edfic Juvenil d&#8217;Aldaia organitzat pels instituts de la localitat d&#8217;Aldaia i la Biblioteca P\u00fablica Municipal. Us animem a participar d&#8217;aquest esdeveniment i adjuntem la informaci\u00f3 de les activitats:<\/p>\n","protected":false},"author":1,"featured_media":3867,"comment_status":"closed","ping_status":"closed","sticky":false,"template":"","format":"standard","meta":{"rop_custom_images_group":[],"rop_custom_messages_group":[],"rop_publish_now":"initial","rop_publish_now_accounts":[],"rop_publish_now_history":[],"rop_publish_now_status":"pending","neve_meta_sidebar":"","neve_meta_container":"","neve_meta_enable_content_width":"off","neve_meta_content_width":0,"neve_meta_title_alignment":"","neve_meta_author_avatar":"","neve_post_elements_order":"","neve_meta_disable_header":"","neve_meta_disable_footer":"","neve_meta_disable_title":"","footnotes":""},"categories":[13],"tags":[],"class_list":["post-3863","post","type-post","status-publish","format-standard","has-post-thumbnail","hentry","category-sin-categoria-ca"],"_links":{"self":[{"href":"https:\/\/www.iescarlessalvador.es\/index.php?rest_route=\/wp\/v2\/posts\/3863","targetHints":{"allow":["GET"]}}],"collection":[{"href":"https:\/\/www.iescarlessalvador.es\/index.php?rest_route=\/wp\/v2\/posts"}],"about":[{"href":"https:\/\/www.iescarlessalvador.es\/index.php?rest_route=\/wp\/v2\/types\/post"}],"author":[{"embeddable":true,"href":"https:\/\/www.iescarlessalvador.es\/index.php?rest_route=\/wp\/v2\/users\/1"}],"replies":[{"embeddable":true,"href":"https:\/\/www.iescarlessalvador.es\/index.php?rest_route=%2Fwp%2Fv2%2Fcomments&post=3863"}],"version-history":[{"count":1,"href":"https:\/\/www.iescarlessalvador.es\/index.php?rest_route=\/wp\/v2\/posts\/3863\/revisions"}],"predecessor-version":[{"id":3871,"href":"https:\/\/www.iescarlessalvador.es\/index.php?rest_route=\/wp\/v2\/posts\/3863\/revisions\/3871"}],"wp:featuredmedia":[{"embeddable":true,"href":"https:\/\/www.iescarlessalvador.es\/index.php?rest_route=\/wp\/v2\/media\/3867"}],"wp:attachment":[{"href":"https:\/\/www.iescarlessalvador.es\/index.php?rest_route=%2Fwp%2Fv2%2Fmedia&parent=3863"}],"wp:term":[{"taxonomy":"category","embeddable":true,"href":"https:\/\/www.iescarlessalvador.es\/index.php?rest_route=%2Fwp%2Fv2%2Fcategories&post=3863"},{"taxonomy":"post_tag","embeddable":true,"href":"https:\/\/www.iescarlessalvador.es\/index.php?rest_route=%2Fwp%2Fv2%2Ftags&post=3863"}],"curies":[{"name":"wp","href":"https:\/\/api.w.org\/{rel}","templated":true}]}}