{"id":3872,"date":"2023-05-08T20:21:12","date_gmt":"2023-05-08T20:21:12","guid":{"rendered":"http:\/\/www.iescarlessalvador.es\/?p=3872"},"modified":"2023-05-08T20:21:15","modified_gmt":"2023-05-08T20:21:15","slug":"primer-congreso-cientifico-juvenil-de-aldaia","status":"publish","type":"post","link":"https:\/\/www.iescarlessalvador.es\/?p=3872&lang=es","title":{"rendered":"Primer Congreso Cient\u00edfico Juvenil de Aldaia"},"content":{"rendered":"\n<p>El pr\u00f3ximo 12 de mayo se realizar\u00e1 el 1r Congreso Cient\u00edfico Juvenil de Aldaia organizado por los institutos de la localidad de Aldaia y la Biblioteca P\u00fablica Municipal.<\/p>\n\n\n\n<figure class=\"wp-block-image size-large\"><img fetchpriority=\"high\" decoding=\"async\" width=\"1024\" height=\"1024\" src=\"https:\/\/www.iescarlessalvador.es\/wp-content\/uploads\/2023\/05\/POST_1_congres_cientific_juvenil_aldaia-1024x1024.jpg\" alt=\"\" class=\"wp-image-3867\" srcset=\"https:\/\/www.iescarlessalvador.es\/wp-content\/uploads\/2023\/05\/POST_1_congres_cientific_juvenil_aldaia-1024x1024.jpg 1024w, https:\/\/www.iescarlessalvador.es\/wp-content\/uploads\/2023\/05\/POST_1_congres_cientific_juvenil_aldaia-300x300.jpg 300w, https:\/\/www.iescarlessalvador.es\/wp-content\/uploads\/2023\/05\/POST_1_congres_cientific_juvenil_aldaia-150x150.jpg 150w, https:\/\/www.iescarlessalvador.es\/wp-content\/uploads\/2023\/05\/POST_1_congres_cientific_juvenil_aldaia-768x768.jpg 768w, https:\/\/www.iescarlessalvador.es\/wp-content\/uploads\/2023\/05\/POST_1_congres_cientific_juvenil_aldaia.jpg 1080w\" sizes=\"(max-width: 1024px) 100vw, 1024px\" \/><\/figure>\n\n\n\n<figure class=\"wp-block-image size-large\"><img decoding=\"async\" width=\"1024\" height=\"1024\" src=\"https:\/\/www.iescarlessalvador.es\/wp-content\/uploads\/2023\/05\/POST_2_congres_cientific_juvenil_aldaia-1024x1024.jpg\" alt=\"\" class=\"wp-image-3864\" srcset=\"https:\/\/www.iescarlessalvador.es\/wp-content\/uploads\/2023\/05\/POST_2_congres_cientific_juvenil_aldaia-1024x1024.jpg 1024w, https:\/\/www.iescarlessalvador.es\/wp-content\/uploads\/2023\/05\/POST_2_congres_cientific_juvenil_aldaia-300x300.jpg 300w, https:\/\/www.iescarlessalvador.es\/wp-content\/uploads\/2023\/05\/POST_2_congres_cientific_juvenil_aldaia-150x150.jpg 150w, https:\/\/www.iescarlessalvador.es\/wp-content\/uploads\/2023\/05\/POST_2_congres_cientific_juvenil_aldaia-768x768.jpg 768w, https:\/\/www.iescarlessalvador.es\/wp-content\/uploads\/2023\/05\/POST_2_congres_cientific_juvenil_aldaia-1536x1536.jpg 1536w, https:\/\/www.iescarlessalvador.es\/wp-content\/uploads\/2023\/05\/POST_2_congres_cientific_juvenil_aldaia-2048x2048.jpg 2048w\" sizes=\"(max-width: 1024px) 100vw, 1024px\" \/><\/figure>\n\n\n\n<figure class=\"wp-block-image size-large\"><img decoding=\"async\" width=\"1024\" height=\"1024\" src=\"https:\/\/www.iescarlessalvador.es\/wp-content\/uploads\/2023\/05\/POST_3_congres_cientific_juvenil_aldaia-1024x1024.jpg\" alt=\"\" class=\"wp-image-3865\" srcset=\"https:\/\/www.iescarlessalvador.es\/wp-content\/uploads\/2023\/05\/POST_3_congres_cientific_juvenil_aldaia-1024x1024.jpg 1024w, https:\/\/www.iescarlessalvador.es\/wp-content\/uploads\/2023\/05\/POST_3_congres_cientific_juvenil_aldaia-300x300.jpg 300w, https:\/\/www.iescarlessalvador.es\/wp-content\/uploads\/2023\/05\/POST_3_congres_cientific_juvenil_aldaia-150x150.jpg 150w, https:\/\/www.iescarlessalvador.es\/wp-content\/uploads\/2023\/05\/POST_3_congres_cientific_juvenil_aldaia-768x768.jpg 768w, https:\/\/www.iescarlessalvador.es\/wp-content\/uploads\/2023\/05\/POST_3_congres_cientific_juvenil_aldaia-1536x1536.jpg 1536w, https:\/\/www.iescarlessalvador.es\/wp-content\/uploads\/2023\/05\/POST_3_congres_cientific_juvenil_aldaia-2048x2048.jpg 2048w\" sizes=\"(max-width: 1024px) 100vw, 1024px\" \/><\/figure>\n","protected":false},"excerpt":{"rendered":"<p>El pr\u00f3ximo 12 de mayo se realizar\u00e1 el 1r Congreso Cient\u00edfico Juvenil de Aldaia organizado por los institutos de la localidad de Aldaia y la Biblioteca P\u00fablica Municipal.<\/p>\n","protected":false},"author":1,"featured_media":3867,"comment_status":"closed","ping_status":"closed","sticky":false,"template":"","format":"standard","meta":{"rop_custom_images_group":[],"rop_custom_messages_group":[],"rop_publish_now":"initial","rop_publish_now_accounts":[],"rop_publish_now_history":[],"rop_publish_now_status":"pending","neve_meta_sidebar":"","neve_meta_container":"","neve_meta_enable_content_width":"off","neve_meta_content_width":0,"neve_meta_title_alignment":"","neve_meta_author_avatar":"","neve_post_elements_order":"","neve_meta_disable_header":"","neve_meta_disable_footer":"","neve_meta_disable_title":"","footnotes":""},"categories":[34],"tags":[],"class_list":["post-3872","post","type-post","status-publish","format-standard","has-post-thumbnail","hentry","category-noticias"],"_links":{"self":[{"href":"https:\/\/www.iescarlessalvador.es\/index.php?rest_route=\/wp\/v2\/posts\/3872","targetHints":{"allow":["GET"]}}],"collection":[{"href":"https:\/\/www.iescarlessalvador.es\/index.php?rest_route=\/wp\/v2\/posts"}],"about":[{"href":"https:\/\/www.iescarlessalvador.es\/index.php?rest_route=\/wp\/v2\/types\/post"}],"author":[{"embeddable":true,"href":"https:\/\/www.iescarlessalvador.es\/index.php?rest_route=\/wp\/v2\/users\/1"}],"replies":[{"embeddable":true,"href":"https:\/\/www.iescarlessalvador.es\/index.php?rest_route=%2Fwp%2Fv2%2Fcomments&post=3872"}],"version-history":[{"count":1,"href":"https:\/\/www.iescarlessalvador.es\/index.php?rest_route=\/wp\/v2\/posts\/3872\/revisions"}],"predecessor-version":[{"id":3875,"href":"https:\/\/www.iescarlessalvador.es\/index.php?rest_route=\/wp\/v2\/posts\/3872\/revisions\/3875"}],"wp:featuredmedia":[{"embeddable":true,"href":"https:\/\/www.iescarlessalvador.es\/index.php?rest_route=\/wp\/v2\/media\/3867"}],"wp:attachment":[{"href":"https:\/\/www.iescarlessalvador.es\/index.php?rest_route=%2Fwp%2Fv2%2Fmedia&parent=3872"}],"wp:term":[{"taxonomy":"category","embeddable":true,"href":"https:\/\/www.iescarlessalvador.es\/index.php?rest_route=%2Fwp%2Fv2%2Fcategories&post=3872"},{"taxonomy":"post_tag","embeddable":true,"href":"https:\/\/www.iescarlessalvador.es\/index.php?rest_route=%2Fwp%2Fv2%2Ftags&post=3872"}],"curies":[{"name":"wp","href":"https:\/\/api.w.org\/{rel}","templated":true}]}}