{"id":3877,"date":"2023-05-15T20:27:30","date_gmt":"2023-05-15T20:27:30","guid":{"rendered":"http:\/\/www.iescarlessalvador.es\/?p=3877"},"modified":"2023-05-15T20:27:33","modified_gmt":"2023-05-15T20:27:33","slug":"jornades-demergencia-climatica-al-botanic","status":"publish","type":"post","link":"https:\/\/www.iescarlessalvador.es\/?p=3877","title":{"rendered":"Jornades d&#8217;emerg\u00e8ncia clim\u00e0tica al bot\u00e0nic"},"content":{"rendered":"\n<p>Divendres passat 5 de maig una representaci\u00f3 dels nostres Ambaixadors dels ODS , van participar en les jornades d&#8217;emerg\u00e8ncia clim\u00e0tica en el Bot\u00e0nic de Val\u00e8ncia.<\/p>\n\n\n\n<figure class=\"wp-block-image size-large\"><img fetchpriority=\"high\" decoding=\"async\" width=\"1024\" height=\"768\" src=\"https:\/\/www.iescarlessalvador.es\/wp-content\/uploads\/2023\/05\/20230505_180553-1024x768.jpg\" alt=\"\" class=\"wp-image-3879\" srcset=\"https:\/\/www.iescarlessalvador.es\/wp-content\/uploads\/2023\/05\/20230505_180553-1024x768.jpg 1024w, https:\/\/www.iescarlessalvador.es\/wp-content\/uploads\/2023\/05\/20230505_180553-300x225.jpg 300w, https:\/\/www.iescarlessalvador.es\/wp-content\/uploads\/2023\/05\/20230505_180553-768x576.jpg 768w, https:\/\/www.iescarlessalvador.es\/wp-content\/uploads\/2023\/05\/20230505_180553-1536x1152.jpg 1536w, https:\/\/www.iescarlessalvador.es\/wp-content\/uploads\/2023\/05\/20230505_180553-2048x1536.jpg 2048w\" sizes=\"(max-width: 1024px) 100vw, 1024px\" \/><\/figure>\n\n\n\n<p>En aquestes jornades a m\u00e9s de presentar el nostre projecte de centre \u00bb Mare Terra\u00bb , es van seleccionar els representants de la CONFINT estatal, confer\u00e8ncia de la joventut que connecta a joves de tota Espanya, per a parlar, compartir i decidir la millor manera d&#8217;actuar per a millorar el planeta.<\/p>\n\n\n\n<figure class=\"wp-block-image size-large\"><img decoding=\"async\" width=\"1024\" height=\"768\" src=\"https:\/\/www.iescarlessalvador.es\/wp-content\/uploads\/2023\/05\/20230505_195203-1024x768.jpg\" alt=\"\" class=\"wp-image-3880\" srcset=\"https:\/\/www.iescarlessalvador.es\/wp-content\/uploads\/2023\/05\/20230505_195203-1024x768.jpg 1024w, https:\/\/www.iescarlessalvador.es\/wp-content\/uploads\/2023\/05\/20230505_195203-300x225.jpg 300w, https:\/\/www.iescarlessalvador.es\/wp-content\/uploads\/2023\/05\/20230505_195203-768x576.jpg 768w, https:\/\/www.iescarlessalvador.es\/wp-content\/uploads\/2023\/05\/20230505_195203-1536x1152.jpg 1536w, https:\/\/www.iescarlessalvador.es\/wp-content\/uploads\/2023\/05\/20230505_195203-2048x1536.jpg 2048w\" sizes=\"(max-width: 1024px) 100vw, 1024px\" \/><\/figure>\n\n\n\n<p>La nostra ambaixadora Carla Mar\u00eda Saniuta, va presentar el Programa Joves Embajador@s i va ser una de les seleccionades per a participar durant el pr\u00f2xim curs en aquesta CONFINT estatal.<\/p>\n\n\n\n<p><\/p>\n","protected":false},"excerpt":{"rendered":"<p>Divendres passat 5 de maig una representaci\u00f3 dels nostres Ambaixadors dels ODS , van participar en les jornades d&#8217;emerg\u00e8ncia clim\u00e0tica en el Bot\u00e0nic de Val\u00e8ncia. En aquestes jornades a m\u00e9s de presentar el nostre projecte de centre \u00bb Mare Terra\u00bb , es van seleccionar els representants de la CONFINT estatal, confer\u00e8ncia de la joventut que&hellip;&nbsp;<a href=\"https:\/\/www.iescarlessalvador.es\/?p=3877\" class=\"\" rel=\"bookmark\">Leer m\u00e1s &raquo;<span class=\"screen-reader-text\">Jornades d&#8217;emerg\u00e8ncia clim\u00e0tica al bot\u00e0nic<\/span><\/a><\/p>\n","protected":false},"author":1,"featured_media":3878,"comment_status":"closed","ping_status":"closed","sticky":false,"template":"","format":"standard","meta":{"rop_custom_images_group":[],"rop_custom_messages_group":[],"rop_publish_now":"initial","rop_publish_now_accounts":[],"rop_publish_now_history":[],"rop_publish_now_status":"pending","neve_meta_sidebar":"","neve_meta_container":"","neve_meta_enable_content_width":"off","neve_meta_content_width":0,"neve_meta_title_alignment":"","neve_meta_author_avatar":"","neve_post_elements_order":"","neve_meta_disable_header":"","neve_meta_disable_footer":"","neve_meta_disable_title":"","footnotes":""},"categories":[13],"tags":[],"class_list":["post-3877","post","type-post","status-publish","format-standard","has-post-thumbnail","hentry","category-sin-categoria-ca"],"_links":{"self":[{"href":"https:\/\/www.iescarlessalvador.es\/index.php?rest_route=\/wp\/v2\/posts\/3877","targetHints":{"allow":["GET"]}}],"collection":[{"href":"https:\/\/www.iescarlessalvador.es\/index.php?rest_route=\/wp\/v2\/posts"}],"about":[{"href":"https:\/\/www.iescarlessalvador.es\/index.php?rest_route=\/wp\/v2\/types\/post"}],"author":[{"embeddable":true,"href":"https:\/\/www.iescarlessalvador.es\/index.php?rest_route=\/wp\/v2\/users\/1"}],"replies":[{"embeddable":true,"href":"https:\/\/www.iescarlessalvador.es\/index.php?rest_route=%2Fwp%2Fv2%2Fcomments&post=3877"}],"version-history":[{"count":1,"href":"https:\/\/www.iescarlessalvador.es\/index.php?rest_route=\/wp\/v2\/posts\/3877\/revisions"}],"predecessor-version":[{"id":3881,"href":"https:\/\/www.iescarlessalvador.es\/index.php?rest_route=\/wp\/v2\/posts\/3877\/revisions\/3881"}],"wp:featuredmedia":[{"embeddable":true,"href":"https:\/\/www.iescarlessalvador.es\/index.php?rest_route=\/wp\/v2\/media\/3878"}],"wp:attachment":[{"href":"https:\/\/www.iescarlessalvador.es\/index.php?rest_route=%2Fwp%2Fv2%2Fmedia&parent=3877"}],"wp:term":[{"taxonomy":"category","embeddable":true,"href":"https:\/\/www.iescarlessalvador.es\/index.php?rest_route=%2Fwp%2Fv2%2Fcategories&post=3877"},{"taxonomy":"post_tag","embeddable":true,"href":"https:\/\/www.iescarlessalvador.es\/index.php?rest_route=%2Fwp%2Fv2%2Ftags&post=3877"}],"curies":[{"name":"wp","href":"https:\/\/api.w.org\/{rel}","templated":true}]}}