{"id":3897,"date":"2023-05-19T19:25:26","date_gmt":"2023-05-19T19:25:26","guid":{"rendered":"http:\/\/www.iescarlessalvador.es\/?p=3897"},"modified":"2023-05-19T19:25:28","modified_gmt":"2023-05-19T19:25:28","slug":"trabajos-alumnado-de-plastica-mascaras-cubistas","status":"publish","type":"post","link":"https:\/\/www.iescarlessalvador.es\/?p=3897&lang=es","title":{"rendered":"Trabajos alumnado de pl\u00e1stica: m\u00e1scaras cubistas"},"content":{"rendered":"\n<p>El alumnado del \u00e1rea de pl\u00e1stica del centro ha realizado estos trabajos sobre m\u00e1scaras cubistas<\/p>\n\n\n\n<figure class=\"wp-block-image size-full\"><img fetchpriority=\"high\" decoding=\"async\" width=\"1024\" height=\"538\" src=\"https:\/\/www.iescarlessalvador.es\/wp-content\/uploads\/2023\/05\/IMG-20230519-WA0004.jpg\" alt=\"\" class=\"wp-image-3894\" srcset=\"https:\/\/www.iescarlessalvador.es\/wp-content\/uploads\/2023\/05\/IMG-20230519-WA0004.jpg 1024w, https:\/\/www.iescarlessalvador.es\/wp-content\/uploads\/2023\/05\/IMG-20230519-WA0004-300x158.jpg 300w, https:\/\/www.iescarlessalvador.es\/wp-content\/uploads\/2023\/05\/IMG-20230519-WA0004-768x404.jpg 768w\" sizes=\"(max-width: 1024px) 100vw, 1024px\" \/><\/figure>\n\n\n\n<figure class=\"wp-block-image size-full\"><img decoding=\"async\" width=\"1023\" height=\"630\" src=\"https:\/\/www.iescarlessalvador.es\/wp-content\/uploads\/2023\/05\/IMG-20230519-WA0003.jpg\" alt=\"\" class=\"wp-image-3895\" srcset=\"https:\/\/www.iescarlessalvador.es\/wp-content\/uploads\/2023\/05\/IMG-20230519-WA0003.jpg 1023w, https:\/\/www.iescarlessalvador.es\/wp-content\/uploads\/2023\/05\/IMG-20230519-WA0003-300x185.jpg 300w, https:\/\/www.iescarlessalvador.es\/wp-content\/uploads\/2023\/05\/IMG-20230519-WA0003-768x473.jpg 768w\" sizes=\"(max-width: 1023px) 100vw, 1023px\" \/><\/figure>\n\n\n\n<p>Estos trabajos van a quedar expuestos en el propio centro. Enhorabuena a todas y todos por vuestros trabajos.<\/p>\n","protected":false},"excerpt":{"rendered":"<p>El alumnado del \u00e1rea de pl\u00e1stica del centro ha realizado estos trabajos sobre m\u00e1scaras cubistas Estos trabajos van a quedar expuestos en el propio centro. Enhorabuena a todas y todos por vuestros trabajos.<\/p>\n","protected":false},"author":1,"featured_media":3894,"comment_status":"closed","ping_status":"closed","sticky":false,"template":"","format":"standard","meta":{"rop_custom_images_group":[],"rop_custom_messages_group":[],"rop_publish_now":"initial","rop_publish_now_accounts":[],"rop_publish_now_history":[],"rop_publish_now_status":"pending","neve_meta_sidebar":"","neve_meta_container":"","neve_meta_enable_content_width":"off","neve_meta_content_width":0,"neve_meta_title_alignment":"","neve_meta_author_avatar":"","neve_post_elements_order":"","neve_meta_disable_header":"","neve_meta_disable_footer":"","neve_meta_disable_title":"","footnotes":""},"categories":[34],"tags":[],"class_list":["post-3897","post","type-post","status-publish","format-standard","has-post-thumbnail","hentry","category-noticias"],"_links":{"self":[{"href":"https:\/\/www.iescarlessalvador.es\/index.php?rest_route=\/wp\/v2\/posts\/3897","targetHints":{"allow":["GET"]}}],"collection":[{"href":"https:\/\/www.iescarlessalvador.es\/index.php?rest_route=\/wp\/v2\/posts"}],"about":[{"href":"https:\/\/www.iescarlessalvador.es\/index.php?rest_route=\/wp\/v2\/types\/post"}],"author":[{"embeddable":true,"href":"https:\/\/www.iescarlessalvador.es\/index.php?rest_route=\/wp\/v2\/users\/1"}],"replies":[{"embeddable":true,"href":"https:\/\/www.iescarlessalvador.es\/index.php?rest_route=%2Fwp%2Fv2%2Fcomments&post=3897"}],"version-history":[{"count":1,"href":"https:\/\/www.iescarlessalvador.es\/index.php?rest_route=\/wp\/v2\/posts\/3897\/revisions"}],"predecessor-version":[{"id":3898,"href":"https:\/\/www.iescarlessalvador.es\/index.php?rest_route=\/wp\/v2\/posts\/3897\/revisions\/3898"}],"wp:featuredmedia":[{"embeddable":true,"href":"https:\/\/www.iescarlessalvador.es\/index.php?rest_route=\/wp\/v2\/media\/3894"}],"wp:attachment":[{"href":"https:\/\/www.iescarlessalvador.es\/index.php?rest_route=%2Fwp%2Fv2%2Fmedia&parent=3897"}],"wp:term":[{"taxonomy":"category","embeddable":true,"href":"https:\/\/www.iescarlessalvador.es\/index.php?rest_route=%2Fwp%2Fv2%2Fcategories&post=3897"},{"taxonomy":"post_tag","embeddable":true,"href":"https:\/\/www.iescarlessalvador.es\/index.php?rest_route=%2Fwp%2Fv2%2Ftags&post=3897"}],"curies":[{"name":"wp","href":"https:\/\/api.w.org\/{rel}","templated":true}]}}