{"id":4193,"date":"2023-06-16T05:53:04","date_gmt":"2023-06-16T05:53:04","guid":{"rendered":"http:\/\/www.iescarlessalvador.es\/?p=4193"},"modified":"2023-06-16T05:56:47","modified_gmt":"2023-06-16T05:56:47","slug":"exposicio-treballs-plastica-curs-2022-23","status":"publish","type":"post","link":"https:\/\/www.iescarlessalvador.es\/?p=4193","title":{"rendered":"Exposici\u00f3 treballs pl\u00e0stica &#8211; CURS 2022-23"},"content":{"rendered":"\n<p>L&#8217;alumnat de l&#8217;\u00e0rea de pl\u00e0stica ha realitzat una exposici\u00f3 amb els treballs d&#8217;aquest curs escolar 2023. La podeu visitar a la planta baixa de l&#8217;edifici Aulari del centre.<\/p>\n\n\n\n<figure class=\"wp-block-image size-full\"><img fetchpriority=\"high\" decoding=\"async\" width=\"768\" height=\"1024\" src=\"https:\/\/www.iescarlessalvador.es\/wp-content\/uploads\/2023\/06\/IMG-20230613-WA0005.jpg\" alt=\"\" class=\"wp-image-4197\" srcset=\"https:\/\/www.iescarlessalvador.es\/wp-content\/uploads\/2023\/06\/IMG-20230613-WA0005.jpg 768w, https:\/\/www.iescarlessalvador.es\/wp-content\/uploads\/2023\/06\/IMG-20230613-WA0005-225x300.jpg 225w\" sizes=\"(max-width: 768px) 100vw, 768px\" \/><\/figure>\n\n\n\n<figure class=\"wp-block-image size-full\"><img decoding=\"async\" width=\"1024\" height=\"768\" src=\"https:\/\/www.iescarlessalvador.es\/wp-content\/uploads\/2023\/06\/IMG-20230613-WA0006.jpg\" alt=\"\" class=\"wp-image-4196\" srcset=\"https:\/\/www.iescarlessalvador.es\/wp-content\/uploads\/2023\/06\/IMG-20230613-WA0006.jpg 1024w, https:\/\/www.iescarlessalvador.es\/wp-content\/uploads\/2023\/06\/IMG-20230613-WA0006-300x225.jpg 300w, https:\/\/www.iescarlessalvador.es\/wp-content\/uploads\/2023\/06\/IMG-20230613-WA0006-768x576.jpg 768w\" sizes=\"(max-width: 1024px) 100vw, 1024px\" \/><\/figure>\n\n\n\n<figure class=\"wp-block-image size-full\"><img decoding=\"async\" width=\"1024\" height=\"794\" src=\"https:\/\/www.iescarlessalvador.es\/wp-content\/uploads\/2023\/06\/IMG-20230613-WA0004.jpg\" alt=\"\" class=\"wp-image-4195\" srcset=\"https:\/\/www.iescarlessalvador.es\/wp-content\/uploads\/2023\/06\/IMG-20230613-WA0004.jpg 1024w, https:\/\/www.iescarlessalvador.es\/wp-content\/uploads\/2023\/06\/IMG-20230613-WA0004-300x233.jpg 300w, https:\/\/www.iescarlessalvador.es\/wp-content\/uploads\/2023\/06\/IMG-20230613-WA0004-768x596.jpg 768w\" sizes=\"(max-width: 1024px) 100vw, 1024px\" \/><\/figure>\n\n\n\n<figure class=\"wp-block-image size-full\"><img loading=\"lazy\" decoding=\"async\" width=\"1024\" height=\"581\" src=\"https:\/\/www.iescarlessalvador.es\/wp-content\/uploads\/2023\/06\/IMG-20230613-WA0007.jpg\" alt=\"\" class=\"wp-image-4194\" srcset=\"https:\/\/www.iescarlessalvador.es\/wp-content\/uploads\/2023\/06\/IMG-20230613-WA0007.jpg 1024w, https:\/\/www.iescarlessalvador.es\/wp-content\/uploads\/2023\/06\/IMG-20230613-WA0007-300x170.jpg 300w, https:\/\/www.iescarlessalvador.es\/wp-content\/uploads\/2023\/06\/IMG-20230613-WA0007-768x436.jpg 768w\" sizes=\"(max-width: 1024px) 100vw, 1024px\" \/><\/figure>\n","protected":false},"excerpt":{"rendered":"<p>L&#8217;alumnat de l&#8217;\u00e0rea de pl\u00e0stica ha realitzat una exposici\u00f3 amb els treballs d&#8217;aquest curs escolar 2023. La podeu visitar a la planta baixa de l&#8217;edifici Aulari del centre.<\/p>\n","protected":false},"author":1,"featured_media":4194,"comment_status":"closed","ping_status":"closed","sticky":false,"template":"","format":"standard","meta":{"rop_custom_images_group":[],"rop_custom_messages_group":[],"rop_publish_now":"initial","rop_publish_now_accounts":[],"rop_publish_now_history":[],"rop_publish_now_status":"pending","neve_meta_sidebar":"","neve_meta_container":"","neve_meta_enable_content_width":"off","neve_meta_content_width":0,"neve_meta_title_alignment":"","neve_meta_author_avatar":"","neve_post_elements_order":"","neve_meta_disable_header":"","neve_meta_disable_footer":"","neve_meta_disable_title":"","footnotes":""},"categories":[13],"tags":[],"class_list":["post-4193","post","type-post","status-publish","format-standard","has-post-thumbnail","hentry","category-sin-categoria-ca"],"_links":{"self":[{"href":"https:\/\/www.iescarlessalvador.es\/index.php?rest_route=\/wp\/v2\/posts\/4193","targetHints":{"allow":["GET"]}}],"collection":[{"href":"https:\/\/www.iescarlessalvador.es\/index.php?rest_route=\/wp\/v2\/posts"}],"about":[{"href":"https:\/\/www.iescarlessalvador.es\/index.php?rest_route=\/wp\/v2\/types\/post"}],"author":[{"embeddable":true,"href":"https:\/\/www.iescarlessalvador.es\/index.php?rest_route=\/wp\/v2\/users\/1"}],"replies":[{"embeddable":true,"href":"https:\/\/www.iescarlessalvador.es\/index.php?rest_route=%2Fwp%2Fv2%2Fcomments&post=4193"}],"version-history":[{"count":1,"href":"https:\/\/www.iescarlessalvador.es\/index.php?rest_route=\/wp\/v2\/posts\/4193\/revisions"}],"predecessor-version":[{"id":4198,"href":"https:\/\/www.iescarlessalvador.es\/index.php?rest_route=\/wp\/v2\/posts\/4193\/revisions\/4198"}],"wp:featuredmedia":[{"embeddable":true,"href":"https:\/\/www.iescarlessalvador.es\/index.php?rest_route=\/wp\/v2\/media\/4194"}],"wp:attachment":[{"href":"https:\/\/www.iescarlessalvador.es\/index.php?rest_route=%2Fwp%2Fv2%2Fmedia&parent=4193"}],"wp:term":[{"taxonomy":"category","embeddable":true,"href":"https:\/\/www.iescarlessalvador.es\/index.php?rest_route=%2Fwp%2Fv2%2Fcategories&post=4193"},{"taxonomy":"post_tag","embeddable":true,"href":"https:\/\/www.iescarlessalvador.es\/index.php?rest_route=%2Fwp%2Fv2%2Ftags&post=4193"}],"curies":[{"name":"wp","href":"https:\/\/api.w.org\/{rel}","templated":true}]}}