{"id":4254,"date":"2023-09-13T17:58:32","date_gmt":"2023-09-13T17:58:32","guid":{"rendered":"https:\/\/www.iescarlessalvador.es\/?p=4254"},"modified":"2023-09-13T17:58:33","modified_gmt":"2023-09-13T17:58:33","slug":"acte-dadjudicacio-places-vacants-sobrants-cicles-formatius-23-24","status":"publish","type":"post","link":"https:\/\/www.iescarlessalvador.es\/?p=4254","title":{"rendered":"acte d&#8217;Adjudicacio places vacants sobrants cicles formatius 23-24"},"content":{"rendered":"\n<p>L&#8217;acte d&#8217;adjudicaci\u00f3 de places vacants sobrants dels cicles Formtius se realitzaran el dimarts 19 de setembre de 2023, a les 17:00 hores, al sal\u00f3 d&#8217;actes del centre.<\/p>\n\n\n\n<p>Hi ha alguna pla\u00e7a sobrant per aquestos cicles:<\/p>\n\n\n\n<p>GM Farm\u00e0cia i Parafarm\u00e0cia &#8211; Pluriling\u00fce refor\u00e7at (torn vespert\u00ed)<\/p>\n\n\n\n<p>GM Gesti\u00f3 Administrativa &#8211; (torn vespert\u00ed)<\/p>\n\n\n\n<p>GS Administraci\u00f3 i Finances &#8211; Pluriling\u00fce refor\u00e7at (torn vespert\u00ed)<\/p>\n\n\n\n<p><\/p>\n\n\n\n<p>L&#8217;alumnat interessat a participar haur\u00e0 d&#8217;aportar la seg\u00fcent documentaci\u00f3 el mateix dia:<\/p>\n\n\n\n<p>&#8211; C\u00f2pia de la Sol\u00b7licitud de participaci\u00f3 al proc\u00e9s d&#8217;admissi\u00f3 (si va participar)<\/p>\n\n\n\n<p>&#8211; Fotoc\u00f2pia del DNI<\/p>\n\n\n\n<p>&#8211; Certificat de nota mitjana de l&#8217;expedient acad\u00e8mic o de la prova d&#8217;acc\u00e9s.<\/p>\n\n\n\n<p> <\/p>\n","protected":false},"excerpt":{"rendered":"<p>L&#8217;acte d&#8217;adjudicaci\u00f3 de places vacants sobrants dels cicles Formtius se realitzaran el dimarts 19 de setembre de 2023, a les 17:00 hores, al sal\u00f3 d&#8217;actes del centre. Hi ha alguna pla\u00e7a sobrant per aquestos cicles: GM Farm\u00e0cia i Parafarm\u00e0cia &#8211; Pluriling\u00fce refor\u00e7at (torn vespert\u00ed) GM Gesti\u00f3 Administrativa &#8211; (torn vespert\u00ed) GS Administraci\u00f3 i Finances &#8211;&hellip;&nbsp;<a href=\"https:\/\/www.iescarlessalvador.es\/?p=4254\" class=\"\" rel=\"bookmark\">Leer m\u00e1s &raquo;<span class=\"screen-reader-text\">acte d&#8217;Adjudicacio places vacants sobrants cicles formatius 23-24<\/span><\/a><\/p>\n","protected":false},"author":1,"featured_media":0,"comment_status":"closed","ping_status":"closed","sticky":false,"template":"","format":"standard","meta":{"rop_custom_images_group":[],"rop_custom_messages_group":[],"rop_publish_now":"initial","rop_publish_now_accounts":[],"rop_publish_now_history":[],"rop_publish_now_status":"pending","neve_meta_sidebar":"","neve_meta_container":"","neve_meta_enable_content_width":"off","neve_meta_content_width":0,"neve_meta_title_alignment":"","neve_meta_author_avatar":"","neve_post_elements_order":"","neve_meta_disable_header":"","neve_meta_disable_footer":"","neve_meta_disable_title":"","footnotes":""},"categories":[13],"tags":[],"class_list":["post-4254","post","type-post","status-publish","format-standard","hentry","category-sin-categoria-ca"],"_links":{"self":[{"href":"https:\/\/www.iescarlessalvador.es\/index.php?rest_route=\/wp\/v2\/posts\/4254","targetHints":{"allow":["GET"]}}],"collection":[{"href":"https:\/\/www.iescarlessalvador.es\/index.php?rest_route=\/wp\/v2\/posts"}],"about":[{"href":"https:\/\/www.iescarlessalvador.es\/index.php?rest_route=\/wp\/v2\/types\/post"}],"author":[{"embeddable":true,"href":"https:\/\/www.iescarlessalvador.es\/index.php?rest_route=\/wp\/v2\/users\/1"}],"replies":[{"embeddable":true,"href":"https:\/\/www.iescarlessalvador.es\/index.php?rest_route=%2Fwp%2Fv2%2Fcomments&post=4254"}],"version-history":[{"count":1,"href":"https:\/\/www.iescarlessalvador.es\/index.php?rest_route=\/wp\/v2\/posts\/4254\/revisions"}],"predecessor-version":[{"id":4255,"href":"https:\/\/www.iescarlessalvador.es\/index.php?rest_route=\/wp\/v2\/posts\/4254\/revisions\/4255"}],"wp:attachment":[{"href":"https:\/\/www.iescarlessalvador.es\/index.php?rest_route=%2Fwp%2Fv2%2Fmedia&parent=4254"}],"wp:term":[{"taxonomy":"category","embeddable":true,"href":"https:\/\/www.iescarlessalvador.es\/index.php?rest_route=%2Fwp%2Fv2%2Fcategories&post=4254"},{"taxonomy":"post_tag","embeddable":true,"href":"https:\/\/www.iescarlessalvador.es\/index.php?rest_route=%2Fwp%2Fv2%2Ftags&post=4254"}],"curies":[{"name":"wp","href":"https:\/\/api.w.org\/{rel}","templated":true}]}}