{"id":4432,"date":"2023-11-09T20:56:43","date_gmt":"2023-11-09T20:56:43","guid":{"rendered":"https:\/\/www.iescarlessalvador.es\/?p=4432"},"modified":"2023-12-03T21:11:47","modified_gmt":"2023-12-03T21:11:47","slug":"activitats-al-voltant-del-dia-per-leliminacio-de-la-violencia-de-genere","status":"publish","type":"post","link":"https:\/\/www.iescarlessalvador.es\/?p=4432","title":{"rendered":"Activitats al voltant del dia per l&#8217;eliminaci\u00f3 de la viol\u00e8ncia de g\u00e8nere"},"content":{"rendered":"\n<p>Durant tot el mes de novembre, i al voltant de la commemoraci\u00f3 del \u00abdia internacional per l&#8217;eliminaci\u00f3 de la&nbsp;viol\u00e8ncia de g\u00e8nere\u00bb, s&#8217;estan realitzant al nostre centre una s\u00e8rie de tallers, xarrades, representacions teatrals, que culminaran amb un acte central que realitzara l&#8217;alumnat de l&#8217;IES Carles Salvador el pr\u00f2xim 24 de novembre.<\/p>\n\n\n\n<p>Esta setmana comptem amb la pres\u00e8ncia de Marta Enguix i el seu taller \u00abde portes cap a dins\u00bb.&nbsp;Es tracta d&#8217;un projecte esc\u00e8nic dirigit a la promoci\u00f3 de la igualtat, el bon tracte i la prevenci\u00f3 de les viol\u00e8ncies contra les dones.<\/p>\n\n\n\n<figure class=\"wp-block-image size-large\"><img fetchpriority=\"high\" decoding=\"async\" width=\"1024\" height=\"461\" src=\"https:\/\/www.iescarlessalvador.es\/wp-content\/uploads\/2023\/11\/IMG-20231108-WA0001-1024x461.jpg\" alt=\"\" class=\"wp-image-4436\" srcset=\"https:\/\/www.iescarlessalvador.es\/wp-content\/uploads\/2023\/11\/IMG-20231108-WA0001-1024x461.jpg 1024w, https:\/\/www.iescarlessalvador.es\/wp-content\/uploads\/2023\/11\/IMG-20231108-WA0001-300x135.jpg 300w, https:\/\/www.iescarlessalvador.es\/wp-content\/uploads\/2023\/11\/IMG-20231108-WA0001-768x346.jpg 768w, https:\/\/www.iescarlessalvador.es\/wp-content\/uploads\/2023\/11\/IMG-20231108-WA0001-1536x692.jpg 1536w, https:\/\/www.iescarlessalvador.es\/wp-content\/uploads\/2023\/11\/IMG-20231108-WA0001.jpg 1600w\" sizes=\"(max-width: 1024px) 100vw, 1024px\" \/><\/figure>\n\n\n\n<p>Tamb\u00e9 l&#8217;empresa \u00abElig consultoria\u00bb , ens ofereix un taller sobre \u00abeducaci\u00f3 afectiu-sexual\u00bb que consisteix en, des d&#8217;un enfocament educatiu, promoure la igualtat entre sexes des de l&#8217;\u00e0mbit escolar, permetent superar estereotips de g\u00e8nere, fomentar l&#8217;empatia i el respecte, previndre les viol\u00e8ncies masclistes i treballar l&#8217;apoderament i lideratge.<\/p>\n\n\n\n<p>Tamb\u00e9 comptem amb la pres\u00e8ncia del col\u00b7lectiu Lambda, que, dins del Pla Diversia, impulsat per la Conselleria d&#8217;Educaci\u00f3, xarrar\u00e0 amb el nostre alumnat de 4t ESO sobre la diversitat de g\u00e8nere.<\/p>\n\n\n\n<p>L&#8217;alumnat de 1r ESO realitzar\u00e0 el taller \u00abSegueixes un home\u00bb, a c\u00e0rrec de ISA (Intervenci\u00f3 Social i Art\u00edstica), on el seu t\u00e8cnic, Paco Mira, desmuntar\u00e0 estereotips i masculinitats passades de moda.<\/p>\n\n\n\n<p>Acabarem el mes amb \u00ab*Clownferencias: dona, vida i riure\u00bb. Impartida per Amaia Prieto. Psic\u00f2loga, formadora i pallassa, que utilitza l&#8217;humor com a eina d&#8217;apoderament.<\/p>\n\n\n\n<p>Totes estes activitats han sigut programades i impulsades pel departament d&#8217;igualtat de l&#8217;Ajuntament d&#8217;Aldaia, al qual volem agrair el seu treball amb els nostres adolescents, per crear un m\u00f3n m\u00e9s just i igualitari.<\/p>\n","protected":false},"excerpt":{"rendered":"<p>Durant tot el mes de novembre, i al voltant de la commemoraci\u00f3 del \u00abdia internacional per l&#8217;eliminaci\u00f3 de la&nbsp;viol\u00e8ncia de g\u00e8nere\u00bb, s&#8217;estan realitzant al nostre centre una s\u00e8rie de tallers, xarrades, representacions teatrals, que culminaran amb un acte central que realitzara l&#8217;alumnat de l&#8217;IES Carles Salvador el pr\u00f2xim 24 de novembre. Esta setmana comptem amb&hellip;&nbsp;<a href=\"https:\/\/www.iescarlessalvador.es\/?p=4432\" class=\"\" rel=\"bookmark\">Leer m\u00e1s &raquo;<span class=\"screen-reader-text\">Activitats al voltant del dia per l&#8217;eliminaci\u00f3 de la viol\u00e8ncia de g\u00e8nere<\/span><\/a><\/p>\n","protected":false},"author":1,"featured_media":0,"comment_status":"closed","ping_status":"closed","sticky":false,"template":"","format":"standard","meta":{"rop_custom_images_group":[],"rop_custom_messages_group":[],"rop_publish_now":"initial","rop_publish_now_accounts":[],"rop_publish_now_history":[],"rop_publish_now_status":"pending","neve_meta_sidebar":"","neve_meta_container":"","neve_meta_enable_content_width":"off","neve_meta_content_width":0,"neve_meta_title_alignment":"","neve_meta_author_avatar":"","neve_post_elements_order":"","neve_meta_disable_header":"","neve_meta_disable_footer":"","neve_meta_disable_title":"","footnotes":""},"categories":[238],"tags":[],"class_list":["post-4432","post","type-post","status-publish","format-standard","hentry","category-noticies-ca"],"_links":{"self":[{"href":"https:\/\/www.iescarlessalvador.es\/index.php?rest_route=\/wp\/v2\/posts\/4432","targetHints":{"allow":["GET"]}}],"collection":[{"href":"https:\/\/www.iescarlessalvador.es\/index.php?rest_route=\/wp\/v2\/posts"}],"about":[{"href":"https:\/\/www.iescarlessalvador.es\/index.php?rest_route=\/wp\/v2\/types\/post"}],"author":[{"embeddable":true,"href":"https:\/\/www.iescarlessalvador.es\/index.php?rest_route=\/wp\/v2\/users\/1"}],"replies":[{"embeddable":true,"href":"https:\/\/www.iescarlessalvador.es\/index.php?rest_route=%2Fwp%2Fv2%2Fcomments&post=4432"}],"version-history":[{"count":3,"href":"https:\/\/www.iescarlessalvador.es\/index.php?rest_route=\/wp\/v2\/posts\/4432\/revisions"}],"predecessor-version":[{"id":4486,"href":"https:\/\/www.iescarlessalvador.es\/index.php?rest_route=\/wp\/v2\/posts\/4432\/revisions\/4486"}],"wp:attachment":[{"href":"https:\/\/www.iescarlessalvador.es\/index.php?rest_route=%2Fwp%2Fv2%2Fmedia&parent=4432"}],"wp:term":[{"taxonomy":"category","embeddable":true,"href":"https:\/\/www.iescarlessalvador.es\/index.php?rest_route=%2Fwp%2Fv2%2Fcategories&post=4432"},{"taxonomy":"post_tag","embeddable":true,"href":"https:\/\/www.iescarlessalvador.es\/index.php?rest_route=%2Fwp%2Fv2%2Ftags&post=4432"}],"curies":[{"name":"wp","href":"https:\/\/api.w.org\/{rel}","templated":true}]}}