{"id":4434,"date":"2023-11-09T20:58:12","date_gmt":"2023-11-09T20:58:12","guid":{"rendered":"https:\/\/www.iescarlessalvador.es\/?p=4434"},"modified":"2023-11-09T21:03:06","modified_gmt":"2023-11-09T21:03:06","slug":"actividades-en-torno-al-dia-internacional-por-la-eliminacion-de-la-violencia-de-genero","status":"publish","type":"post","link":"https:\/\/www.iescarlessalvador.es\/?p=4434&lang=es","title":{"rendered":"Actividades en torno al dia internacional por la eliminaci\u00f3n de la violencia de g\u00e9nero"},"content":{"rendered":"\n<p><em>Durante todo el mes de noviembre, y en torno a la conmemoraci\u00f3n del \u00abd\u00eda internacional por la eliminaci\u00f3n de la&nbsp;<\/em><em>violencia de g\u00e9nero\u00bb, se est\u00e1n realizando en nuestro centro una serie de talleres, charlas, representaciones teatrales, que culminar\u00e1n con un acto central que realizar\u00e1n los alumnos\/as del centro el pr\u00f3ximo 24 de noviembre.<\/em><\/p>\n\n\n\n<p><em>Esta semana contamos con la presencia de Marta Enguix y su taller \u00abde puertas para adentro\u00bb.\u00a0Se trata de un proyecto esc\u00e9nico dirigido a la promoci\u00f3n de la igualdad, el buen trato y la prevenci\u00f3n de las violencias contra las mujeres.<\/em><\/p>\n\n\n\n<figure class=\"wp-block-image size-large\"><img fetchpriority=\"high\" decoding=\"async\" width=\"1024\" height=\"461\" src=\"https:\/\/www.iescarlessalvador.es\/wp-content\/uploads\/2023\/11\/IMG-20231108-WA0001-1024x461.jpg\" alt=\"\" class=\"wp-image-4436\" srcset=\"https:\/\/www.iescarlessalvador.es\/wp-content\/uploads\/2023\/11\/IMG-20231108-WA0001-1024x461.jpg 1024w, https:\/\/www.iescarlessalvador.es\/wp-content\/uploads\/2023\/11\/IMG-20231108-WA0001-300x135.jpg 300w, https:\/\/www.iescarlessalvador.es\/wp-content\/uploads\/2023\/11\/IMG-20231108-WA0001-768x346.jpg 768w, https:\/\/www.iescarlessalvador.es\/wp-content\/uploads\/2023\/11\/IMG-20231108-WA0001-1536x692.jpg 1536w, https:\/\/www.iescarlessalvador.es\/wp-content\/uploads\/2023\/11\/IMG-20231108-WA0001.jpg 1600w\" sizes=\"(max-width: 1024px) 100vw, 1024px\" \/><\/figure>\n\n\n\n<p><em>Tambi\u00e9n la empresa Elig consultor\u00eda, nos ofrece un taller sobre \u00abeducaci\u00f3n afectivo-sexual\u00bb que consiste en, desde un enfoque educativo, promover la igualdad entre sexos desde el \u00e1mbito escolar, permitiendo superar estereotipos de g\u00e9nero, fomentar la empat\u00eda y el respeto, prevenir las violencias machistas y trabajar el empoderamiento y liderazgo.<\/em><\/p>\n\n\n\n<p><em>Tambi\u00e9n contamos con la presencia del colectivo Lambda, que, dentro del Plan Diversia, impulsado por la Conseller\u00eda de Educaci\u00f3n, charla con nuestros alumnos\/as de 4\u00ba ESO sobre la diversidad de g\u00e9nero.<\/em><\/p>\n\n\n\n<p>El alumnado de 1\u00ba ESO realizar\u00e1 el taller \u00abSigues un home\u00bb, a cargo de ISA (Intervenci\u00f3n Social y Art\u00edstica), donde su t\u00e9cnico, Paco Mira, desmontar\u00e1 estereotipos y masculinidades pasadas de moda.<\/p>\n\n\n\n<p>Acabaremos el mes con \u00abClownferencias: mujer, vida y risa\u00bb. Impartida por Amaia Prieto. Psic\u00f3loga, formadora y payasa, que utiliza el humor como herramienta de empoderamiento.<\/p>\n\n\n\n<p>Todas estas actividades han sido programadas e impulsadas por el departamento de igualdad del ayuntamiento de Aldaia, al que queremos agradecer su trabajo con nuestros adolescentes, por crear un mundo m\u00e1s justo e igualitario.<\/p>\n","protected":false},"excerpt":{"rendered":"<p>Durante todo el mes de noviembre, y en torno a la conmemoraci\u00f3n del \u00abd\u00eda internacional por la eliminaci\u00f3n de la&nbsp;violencia de g\u00e9nero\u00bb, se est\u00e1n realizando en nuestro centro una serie de talleres, charlas, representaciones teatrales, que culminar\u00e1n con un acto central que realizar\u00e1n los alumnos\/as del centro el pr\u00f3ximo 24 de noviembre. Esta semana contamos&hellip;&nbsp;<a href=\"https:\/\/www.iescarlessalvador.es\/?p=4434&#038;lang=es\" class=\"\" rel=\"bookmark\">Leer m\u00e1s &raquo;<span class=\"screen-reader-text\">Actividades en torno al dia internacional por la eliminaci\u00f3n de la violencia de g\u00e9nero<\/span><\/a><\/p>\n","protected":false},"author":1,"featured_media":0,"comment_status":"closed","ping_status":"closed","sticky":false,"template":"","format":"standard","meta":{"rop_custom_images_group":[],"rop_custom_messages_group":[],"rop_publish_now":"initial","rop_publish_now_accounts":[],"rop_publish_now_history":[],"rop_publish_now_status":"pending","neve_meta_sidebar":"","neve_meta_container":"","neve_meta_enable_content_width":"off","neve_meta_content_width":0,"neve_meta_title_alignment":"","neve_meta_author_avatar":"","neve_post_elements_order":"","neve_meta_disable_header":"","neve_meta_disable_footer":"","neve_meta_disable_title":"","footnotes":""},"categories":[1],"tags":[],"class_list":["post-4434","post","type-post","status-publish","format-standard","hentry","category-sin-categoria"],"_links":{"self":[{"href":"https:\/\/www.iescarlessalvador.es\/index.php?rest_route=\/wp\/v2\/posts\/4434","targetHints":{"allow":["GET"]}}],"collection":[{"href":"https:\/\/www.iescarlessalvador.es\/index.php?rest_route=\/wp\/v2\/posts"}],"about":[{"href":"https:\/\/www.iescarlessalvador.es\/index.php?rest_route=\/wp\/v2\/types\/post"}],"author":[{"embeddable":true,"href":"https:\/\/www.iescarlessalvador.es\/index.php?rest_route=\/wp\/v2\/users\/1"}],"replies":[{"embeddable":true,"href":"https:\/\/www.iescarlessalvador.es\/index.php?rest_route=%2Fwp%2Fv2%2Fcomments&post=4434"}],"version-history":[{"count":2,"href":"https:\/\/www.iescarlessalvador.es\/index.php?rest_route=\/wp\/v2\/posts\/4434\/revisions"}],"predecessor-version":[{"id":4438,"href":"https:\/\/www.iescarlessalvador.es\/index.php?rest_route=\/wp\/v2\/posts\/4434\/revisions\/4438"}],"wp:attachment":[{"href":"https:\/\/www.iescarlessalvador.es\/index.php?rest_route=%2Fwp%2Fv2%2Fmedia&parent=4434"}],"wp:term":[{"taxonomy":"category","embeddable":true,"href":"https:\/\/www.iescarlessalvador.es\/index.php?rest_route=%2Fwp%2Fv2%2Fcategories&post=4434"},{"taxonomy":"post_tag","embeddable":true,"href":"https:\/\/www.iescarlessalvador.es\/index.php?rest_route=%2Fwp%2Fv2%2Ftags&post=4434"}],"curies":[{"name":"wp","href":"https:\/\/api.w.org\/{rel}","templated":true}]}}