{"id":4535,"date":"2025-12-12T15:25:19","date_gmt":"2025-12-12T15:25:19","guid":{"rendered":"https:\/\/www.iescarlessalvador.es\/?p=4535"},"modified":"2025-12-12T15:25:20","modified_gmt":"2025-12-12T15:25:20","slug":"cursa-solidaria-2023","status":"publish","type":"post","link":"https:\/\/www.iescarlessalvador.es\/?p=4535","title":{"rendered":"Cursa Solid\u00e0ria 2025"},"content":{"rendered":"\n<p>Estimades fam\u00edlies,<\/p>\n\n\n\n<p>Ens posem en contacte amb vost\u00e9s, des del centre IES Carles Salvador i des de Save the Children, per a convidar-los a participar en el projecte Quil\u00f2metres de Solidaritat de Save the Children, amb l&#8217;objectiu d&#8217;implicar les fam\u00edlies, vost\u00e9s i els seus fills i filles, en un projecte educatiu, esportiu i solidari. Aquest projecte tindr\u00e0 lloc divendres que ve 12 de desembre en el nostre centre.<\/p>\n\n\n\n<p>La Carrera Quil\u00f2metres de Solidaritat en aquesta XXII edici\u00f3 tindr\u00e0 com a lema: <strong>La desnutrici\u00f3 en la Inf\u00e0ncia. <\/strong>Els seus fills i filles tenen tota la informaci\u00f3 per a compartir-la amb vost\u00e9s. I tamb\u00e9 en el seg\u00fcent enlla\u00e7:<\/p>\n\n\n\n<p><a href=\"https:\/\/www.savethechildren.es\/actualidad\/propuestas-didacticas-para-el-aula\">https:\/\/www.savethechildren.es\/actualidad\/propuestas-didacticas-para-el-aula<\/a><\/p>\n\n\n\n<ul class=\"wp-block-list\">\n<li>Abans de realitzar la carrera hem rebut per part de l&#8217;organitzaci\u00f3 Save the Children els materials per a secundar-la: dorsals, diplomes, cartells i material did\u00e0ctic.<\/li>\n\n\n\n<li>Poden donar-los suport participant en la carrera i patrocinant el seu esfor\u00e7, donant una quantitat de diners al seu carnet solidari. En aquesta edici\u00f3, els diners recaptats anir\u00e0 destinat a ajudar als xiquets i xiquetes que viuen en zones on existeix un conflicte armat, Ucra\u00efna, Iemen, S\u00edria\u2026<\/li>\n\n\n\n<li>Des del centre recollirem els diners i el farem arribar a Save the Children a trav\u00e9s d&#8217;una transfer\u00e8ncia banc\u00e0ria rebent a canvi un diploma, un vaig rebre i una mem\u00f2ria del curs.<\/li>\n<\/ul>\n\n\n\n<p>Si volen m\u00e9s informaci\u00f3 sobre el dest\u00ed dels fons i el treball de Save the Children poden visitar el seg\u00fcent link: :<\/p>\n\n\n\n<p>&nbsp;<a href=\"http:\/\/www.savethechildren.es\/centros-educativos\/kilometros-de-solidaridad\/como-funciona\"><strong>http:\/\/www.savethechildren.es\/centros-educativos\/kilometros-de-solidaridad\/como-funciona<\/strong><\/a><\/p>\n\n\n\n<p><em>Save the Children va arribar al m\u00f3n en 1919 per a defensar els drets dels xiquets, estiguen on estiguen. Lluiten per a posar fi a les situacions de pobresa, desigualtat i viol\u00e8ncia que viuen milions d&#8217;ells. Arriben on \u00e9s m\u00e9s dif\u00edcil i m\u00e9s urgent arribar i ho fan per a provocar canvis significatius en les seues vides, canvis duradors que els permeten una oportunitat de futur. I tot es pot aconseguir gr\u00e0cies a persones i activitats com la carrera solid\u00e0ria.<\/em><\/p>\n\n\n\n<p><em>Cada vegada som m\u00e9s persones reclamant un m\u00f3n on tots els xiquets i les xiquetes tinguen un present amb futur. El comprom\u00eds de tota la nostra comunitat educativa a favor dels drets dels xiquets ens ajudar\u00e0 a aconseguir-lo.<\/em><\/p>\n\n\n\n<p>&nbsp;Gr\u00e0cies per endavant per la seua participaci\u00f3.<\/p>\n\n\n\n<p>Podeu descarregar-vos aquest document <a href=\"https:\/\/www.iescarlessalvador.es\/wp-content\/uploads\/2025\/12\/carta-para-familias-Carrera-Solidaria-25_26.pdf\">AC\u00cd<\/a><\/p>\n\n\n\n<p>Podeu veure les imatges de l&#8217;activitat realitzada el curs 2025-26, el divendres 12 de desembre:<\/p>\n\n\n\n<figure class=\"wp-block-gallery has-nested-images columns-default is-cropped wp-block-gallery-1 is-layout-flex wp-block-gallery-is-layout-flex\">\n<figure class=\"wp-block-image size-large\"><img fetchpriority=\"high\" decoding=\"async\" width=\"1024\" height=\"576\" data-id=\"6266\" src=\"https:\/\/www.iescarlessalvador.es\/wp-content\/uploads\/2025\/12\/WhatsApp-Image-2025-12-12-at-12.04.40-1-1024x576.jpeg\" alt=\"\" class=\"wp-image-6266\" srcset=\"https:\/\/www.iescarlessalvador.es\/wp-content\/uploads\/2025\/12\/WhatsApp-Image-2025-12-12-at-12.04.40-1-1024x576.jpeg 1024w, https:\/\/www.iescarlessalvador.es\/wp-content\/uploads\/2025\/12\/WhatsApp-Image-2025-12-12-at-12.04.40-1-300x169.jpeg 300w, https:\/\/www.iescarlessalvador.es\/wp-content\/uploads\/2025\/12\/WhatsApp-Image-2025-12-12-at-12.04.40-1-768x432.jpeg 768w, https:\/\/www.iescarlessalvador.es\/wp-content\/uploads\/2025\/12\/WhatsApp-Image-2025-12-12-at-12.04.40-1-1536x864.jpeg 1536w, https:\/\/www.iescarlessalvador.es\/wp-content\/uploads\/2025\/12\/WhatsApp-Image-2025-12-12-at-12.04.40-1.jpeg 1600w\" sizes=\"(max-width: 1024px) 100vw, 1024px\" \/><\/figure>\n\n\n\n<figure class=\"wp-block-image size-large\"><img decoding=\"async\" width=\"1024\" height=\"576\" data-id=\"6273\" src=\"https:\/\/www.iescarlessalvador.es\/wp-content\/uploads\/2025\/12\/WhatsApp-Image-2025-12-12-at-12.04.40-2-1024x576.jpeg\" alt=\"\" class=\"wp-image-6273\" srcset=\"https:\/\/www.iescarlessalvador.es\/wp-content\/uploads\/2025\/12\/WhatsApp-Image-2025-12-12-at-12.04.40-2-1024x576.jpeg 1024w, https:\/\/www.iescarlessalvador.es\/wp-content\/uploads\/2025\/12\/WhatsApp-Image-2025-12-12-at-12.04.40-2-300x169.jpeg 300w, https:\/\/www.iescarlessalvador.es\/wp-content\/uploads\/2025\/12\/WhatsApp-Image-2025-12-12-at-12.04.40-2-768x432.jpeg 768w, https:\/\/www.iescarlessalvador.es\/wp-content\/uploads\/2025\/12\/WhatsApp-Image-2025-12-12-at-12.04.40-2-1536x864.jpeg 1536w, https:\/\/www.iescarlessalvador.es\/wp-content\/uploads\/2025\/12\/WhatsApp-Image-2025-12-12-at-12.04.40-2.jpeg 1600w\" sizes=\"(max-width: 1024px) 100vw, 1024px\" \/><\/figure>\n\n\n\n<figure class=\"wp-block-image size-large\"><img decoding=\"async\" width=\"1024\" height=\"576\" data-id=\"6271\" src=\"https:\/\/www.iescarlessalvador.es\/wp-content\/uploads\/2025\/12\/WhatsApp-Image-2025-12-12-at-12.04.40-3-1024x576.jpeg\" alt=\"\" class=\"wp-image-6271\" srcset=\"https:\/\/www.iescarlessalvador.es\/wp-content\/uploads\/2025\/12\/WhatsApp-Image-2025-12-12-at-12.04.40-3-1024x576.jpeg 1024w, https:\/\/www.iescarlessalvador.es\/wp-content\/uploads\/2025\/12\/WhatsApp-Image-2025-12-12-at-12.04.40-3-300x169.jpeg 300w, https:\/\/www.iescarlessalvador.es\/wp-content\/uploads\/2025\/12\/WhatsApp-Image-2025-12-12-at-12.04.40-3-768x432.jpeg 768w, https:\/\/www.iescarlessalvador.es\/wp-content\/uploads\/2025\/12\/WhatsApp-Image-2025-12-12-at-12.04.40-3-1536x864.jpeg 1536w, https:\/\/www.iescarlessalvador.es\/wp-content\/uploads\/2025\/12\/WhatsApp-Image-2025-12-12-at-12.04.40-3.jpeg 1600w\" sizes=\"(max-width: 1024px) 100vw, 1024px\" \/><\/figure>\n\n\n\n<figure class=\"wp-block-image size-large\"><img loading=\"lazy\" decoding=\"async\" width=\"1024\" height=\"576\" data-id=\"6269\" src=\"https:\/\/www.iescarlessalvador.es\/wp-content\/uploads\/2025\/12\/WhatsApp-Image-2025-12-12-at-12.04.40-4-1024x576.jpeg\" alt=\"\" class=\"wp-image-6269\" srcset=\"https:\/\/www.iescarlessalvador.es\/wp-content\/uploads\/2025\/12\/WhatsApp-Image-2025-12-12-at-12.04.40-4-1024x576.jpeg 1024w, https:\/\/www.iescarlessalvador.es\/wp-content\/uploads\/2025\/12\/WhatsApp-Image-2025-12-12-at-12.04.40-4-300x169.jpeg 300w, https:\/\/www.iescarlessalvador.es\/wp-content\/uploads\/2025\/12\/WhatsApp-Image-2025-12-12-at-12.04.40-4-768x432.jpeg 768w, https:\/\/www.iescarlessalvador.es\/wp-content\/uploads\/2025\/12\/WhatsApp-Image-2025-12-12-at-12.04.40-4-1536x864.jpeg 1536w, https:\/\/www.iescarlessalvador.es\/wp-content\/uploads\/2025\/12\/WhatsApp-Image-2025-12-12-at-12.04.40-4.jpeg 1600w\" sizes=\"(max-width: 1024px) 100vw, 1024px\" \/><\/figure>\n\n\n\n<figure class=\"wp-block-image size-large\"><img loading=\"lazy\" decoding=\"async\" width=\"1024\" height=\"576\" data-id=\"6267\" src=\"https:\/\/www.iescarlessalvador.es\/wp-content\/uploads\/2025\/12\/WhatsApp-Image-2025-12-12-at-12.04.40-5-1024x576.jpeg\" alt=\"\" class=\"wp-image-6267\" srcset=\"https:\/\/www.iescarlessalvador.es\/wp-content\/uploads\/2025\/12\/WhatsApp-Image-2025-12-12-at-12.04.40-5-1024x576.jpeg 1024w, https:\/\/www.iescarlessalvador.es\/wp-content\/uploads\/2025\/12\/WhatsApp-Image-2025-12-12-at-12.04.40-5-300x169.jpeg 300w, https:\/\/www.iescarlessalvador.es\/wp-content\/uploads\/2025\/12\/WhatsApp-Image-2025-12-12-at-12.04.40-5-768x432.jpeg 768w, https:\/\/www.iescarlessalvador.es\/wp-content\/uploads\/2025\/12\/WhatsApp-Image-2025-12-12-at-12.04.40-5-1536x864.jpeg 1536w, https:\/\/www.iescarlessalvador.es\/wp-content\/uploads\/2025\/12\/WhatsApp-Image-2025-12-12-at-12.04.40-5.jpeg 1600w\" sizes=\"(max-width: 1024px) 100vw, 1024px\" \/><\/figure>\n\n\n\n<figure class=\"wp-block-image size-large\"><img loading=\"lazy\" decoding=\"async\" width=\"1024\" height=\"576\" data-id=\"6270\" src=\"https:\/\/www.iescarlessalvador.es\/wp-content\/uploads\/2025\/12\/WhatsApp-Image-2025-12-12-at-12.04.40-6-1024x576.jpeg\" alt=\"\" class=\"wp-image-6270\" srcset=\"https:\/\/www.iescarlessalvador.es\/wp-content\/uploads\/2025\/12\/WhatsApp-Image-2025-12-12-at-12.04.40-6-1024x576.jpeg 1024w, https:\/\/www.iescarlessalvador.es\/wp-content\/uploads\/2025\/12\/WhatsApp-Image-2025-12-12-at-12.04.40-6-300x169.jpeg 300w, https:\/\/www.iescarlessalvador.es\/wp-content\/uploads\/2025\/12\/WhatsApp-Image-2025-12-12-at-12.04.40-6-768x432.jpeg 768w, https:\/\/www.iescarlessalvador.es\/wp-content\/uploads\/2025\/12\/WhatsApp-Image-2025-12-12-at-12.04.40-6-1536x864.jpeg 1536w, https:\/\/www.iescarlessalvador.es\/wp-content\/uploads\/2025\/12\/WhatsApp-Image-2025-12-12-at-12.04.40-6.jpeg 1600w\" sizes=\"(max-width: 1024px) 100vw, 1024px\" \/><\/figure>\n\n\n\n<figure class=\"wp-block-image size-large\"><img loading=\"lazy\" decoding=\"async\" width=\"1024\" height=\"576\" data-id=\"6272\" src=\"https:\/\/www.iescarlessalvador.es\/wp-content\/uploads\/2025\/12\/WhatsApp-Image-2025-12-12-at-12.04.40-7-1024x576.jpeg\" alt=\"\" class=\"wp-image-6272\" srcset=\"https:\/\/www.iescarlessalvador.es\/wp-content\/uploads\/2025\/12\/WhatsApp-Image-2025-12-12-at-12.04.40-7-1024x576.jpeg 1024w, https:\/\/www.iescarlessalvador.es\/wp-content\/uploads\/2025\/12\/WhatsApp-Image-2025-12-12-at-12.04.40-7-300x169.jpeg 300w, https:\/\/www.iescarlessalvador.es\/wp-content\/uploads\/2025\/12\/WhatsApp-Image-2025-12-12-at-12.04.40-7-768x432.jpeg 768w, https:\/\/www.iescarlessalvador.es\/wp-content\/uploads\/2025\/12\/WhatsApp-Image-2025-12-12-at-12.04.40-7-1536x864.jpeg 1536w, https:\/\/www.iescarlessalvador.es\/wp-content\/uploads\/2025\/12\/WhatsApp-Image-2025-12-12-at-12.04.40-7.jpeg 1600w\" sizes=\"(max-width: 1024px) 100vw, 1024px\" \/><\/figure>\n\n\n\n<figure class=\"wp-block-image size-large\"><img loading=\"lazy\" decoding=\"async\" width=\"1024\" height=\"576\" data-id=\"6268\" src=\"https:\/\/www.iescarlessalvador.es\/wp-content\/uploads\/2025\/12\/WhatsApp-Image-2025-12-12-at-12.04.40-8-1024x576.jpeg\" alt=\"\" class=\"wp-image-6268\" srcset=\"https:\/\/www.iescarlessalvador.es\/wp-content\/uploads\/2025\/12\/WhatsApp-Image-2025-12-12-at-12.04.40-8-1024x576.jpeg 1024w, https:\/\/www.iescarlessalvador.es\/wp-content\/uploads\/2025\/12\/WhatsApp-Image-2025-12-12-at-12.04.40-8-300x169.jpeg 300w, https:\/\/www.iescarlessalvador.es\/wp-content\/uploads\/2025\/12\/WhatsApp-Image-2025-12-12-at-12.04.40-8-768x432.jpeg 768w, https:\/\/www.iescarlessalvador.es\/wp-content\/uploads\/2025\/12\/WhatsApp-Image-2025-12-12-at-12.04.40-8-1536x864.jpeg 1536w, https:\/\/www.iescarlessalvador.es\/wp-content\/uploads\/2025\/12\/WhatsApp-Image-2025-12-12-at-12.04.40-8.jpeg 1600w\" sizes=\"(max-width: 1024px) 100vw, 1024px\" \/><\/figure>\n\n\n\n<figure class=\"wp-block-image size-large\"><img loading=\"lazy\" decoding=\"async\" width=\"1024\" height=\"576\" data-id=\"6274\" src=\"https:\/\/www.iescarlessalvador.es\/wp-content\/uploads\/2025\/12\/WhatsApp-Image-2025-12-12-at-12.04.40-9-1024x576.jpeg\" alt=\"\" class=\"wp-image-6274\" srcset=\"https:\/\/www.iescarlessalvador.es\/wp-content\/uploads\/2025\/12\/WhatsApp-Image-2025-12-12-at-12.04.40-9-1024x576.jpeg 1024w, https:\/\/www.iescarlessalvador.es\/wp-content\/uploads\/2025\/12\/WhatsApp-Image-2025-12-12-at-12.04.40-9-300x169.jpeg 300w, https:\/\/www.iescarlessalvador.es\/wp-content\/uploads\/2025\/12\/WhatsApp-Image-2025-12-12-at-12.04.40-9-768x432.jpeg 768w, https:\/\/www.iescarlessalvador.es\/wp-content\/uploads\/2025\/12\/WhatsApp-Image-2025-12-12-at-12.04.40-9-1536x864.jpeg 1536w, https:\/\/www.iescarlessalvador.es\/wp-content\/uploads\/2025\/12\/WhatsApp-Image-2025-12-12-at-12.04.40-9.jpeg 1600w\" sizes=\"(max-width: 1024px) 100vw, 1024px\" \/><\/figure>\n\n\n\n<figure class=\"wp-block-image size-large\"><img loading=\"lazy\" decoding=\"async\" width=\"1024\" height=\"576\" data-id=\"6279\" src=\"https:\/\/www.iescarlessalvador.es\/wp-content\/uploads\/2025\/12\/WhatsApp-Image-2025-12-12-at-12.04.40-1024x576.jpeg\" alt=\"\" class=\"wp-image-6279\" srcset=\"https:\/\/www.iescarlessalvador.es\/wp-content\/uploads\/2025\/12\/WhatsApp-Image-2025-12-12-at-12.04.40-1024x576.jpeg 1024w, https:\/\/www.iescarlessalvador.es\/wp-content\/uploads\/2025\/12\/WhatsApp-Image-2025-12-12-at-12.04.40-300x169.jpeg 300w, https:\/\/www.iescarlessalvador.es\/wp-content\/uploads\/2025\/12\/WhatsApp-Image-2025-12-12-at-12.04.40-768x432.jpeg 768w, https:\/\/www.iescarlessalvador.es\/wp-content\/uploads\/2025\/12\/WhatsApp-Image-2025-12-12-at-12.04.40-1536x864.jpeg 1536w, https:\/\/www.iescarlessalvador.es\/wp-content\/uploads\/2025\/12\/WhatsApp-Image-2025-12-12-at-12.04.40.jpeg 1600w\" sizes=\"(max-width: 1024px) 100vw, 1024px\" \/><\/figure>\n\n\n\n<figure class=\"wp-block-image size-large\"><img loading=\"lazy\" decoding=\"async\" width=\"1024\" height=\"528\" data-id=\"6275\" src=\"https:\/\/www.iescarlessalvador.es\/wp-content\/uploads\/2025\/12\/WhatsApp-Image-2025-12-12-at-12.05.03-1-1024x528.jpeg\" alt=\"\" class=\"wp-image-6275\" srcset=\"https:\/\/www.iescarlessalvador.es\/wp-content\/uploads\/2025\/12\/WhatsApp-Image-2025-12-12-at-12.05.03-1-1024x528.jpeg 1024w, https:\/\/www.iescarlessalvador.es\/wp-content\/uploads\/2025\/12\/WhatsApp-Image-2025-12-12-at-12.05.03-1-300x155.jpeg 300w, https:\/\/www.iescarlessalvador.es\/wp-content\/uploads\/2025\/12\/WhatsApp-Image-2025-12-12-at-12.05.03-1-768x396.jpeg 768w, https:\/\/www.iescarlessalvador.es\/wp-content\/uploads\/2025\/12\/WhatsApp-Image-2025-12-12-at-12.05.03-1-1536x792.jpeg 1536w, https:\/\/www.iescarlessalvador.es\/wp-content\/uploads\/2025\/12\/WhatsApp-Image-2025-12-12-at-12.05.03-1.jpeg 2048w\" sizes=\"(max-width: 1024px) 100vw, 1024px\" \/><\/figure>\n\n\n\n<figure class=\"wp-block-image size-large\"><img loading=\"lazy\" decoding=\"async\" width=\"1024\" height=\"768\" data-id=\"6277\" src=\"https:\/\/www.iescarlessalvador.es\/wp-content\/uploads\/2025\/12\/WhatsApp-Image-2025-12-12-at-12.05.03-2-1024x768.jpeg\" alt=\"\" class=\"wp-image-6277\" srcset=\"https:\/\/www.iescarlessalvador.es\/wp-content\/uploads\/2025\/12\/WhatsApp-Image-2025-12-12-at-12.05.03-2-1024x768.jpeg 1024w, https:\/\/www.iescarlessalvador.es\/wp-content\/uploads\/2025\/12\/WhatsApp-Image-2025-12-12-at-12.05.03-2-300x225.jpeg 300w, https:\/\/www.iescarlessalvador.es\/wp-content\/uploads\/2025\/12\/WhatsApp-Image-2025-12-12-at-12.05.03-2-768x576.jpeg 768w, https:\/\/www.iescarlessalvador.es\/wp-content\/uploads\/2025\/12\/WhatsApp-Image-2025-12-12-at-12.05.03-2-1536x1152.jpeg 1536w, https:\/\/www.iescarlessalvador.es\/wp-content\/uploads\/2025\/12\/WhatsApp-Image-2025-12-12-at-12.05.03-2.jpeg 2048w\" sizes=\"(max-width: 1024px) 100vw, 1024px\" \/><\/figure>\n\n\n\n<figure class=\"wp-block-image size-large\"><img loading=\"lazy\" decoding=\"async\" width=\"1024\" height=\"768\" data-id=\"6276\" src=\"https:\/\/www.iescarlessalvador.es\/wp-content\/uploads\/2025\/12\/WhatsApp-Image-2025-12-12-at-12.05.03-1024x768.jpeg\" alt=\"\" class=\"wp-image-6276\" srcset=\"https:\/\/www.iescarlessalvador.es\/wp-content\/uploads\/2025\/12\/WhatsApp-Image-2025-12-12-at-12.05.03-1024x768.jpeg 1024w, https:\/\/www.iescarlessalvador.es\/wp-content\/uploads\/2025\/12\/WhatsApp-Image-2025-12-12-at-12.05.03-300x225.jpeg 300w, https:\/\/www.iescarlessalvador.es\/wp-content\/uploads\/2025\/12\/WhatsApp-Image-2025-12-12-at-12.05.03-768x576.jpeg 768w, https:\/\/www.iescarlessalvador.es\/wp-content\/uploads\/2025\/12\/WhatsApp-Image-2025-12-12-at-12.05.03-1536x1152.jpeg 1536w, https:\/\/www.iescarlessalvador.es\/wp-content\/uploads\/2025\/12\/WhatsApp-Image-2025-12-12-at-12.05.03.jpeg 2048w\" sizes=\"(max-width: 1024px) 100vw, 1024px\" \/><\/figure>\n\n\n\n<figure class=\"wp-block-image size-large\"><img loading=\"lazy\" decoding=\"async\" width=\"1024\" height=\"768\" data-id=\"6278\" src=\"https:\/\/www.iescarlessalvador.es\/wp-content\/uploads\/2025\/12\/WhatsApp-Image-2025-12-12-at-12.05.04-1024x768.jpeg\" alt=\"\" class=\"wp-image-6278\" srcset=\"https:\/\/www.iescarlessalvador.es\/wp-content\/uploads\/2025\/12\/WhatsApp-Image-2025-12-12-at-12.05.04-1024x768.jpeg 1024w, https:\/\/www.iescarlessalvador.es\/wp-content\/uploads\/2025\/12\/WhatsApp-Image-2025-12-12-at-12.05.04-300x225.jpeg 300w, https:\/\/www.iescarlessalvador.es\/wp-content\/uploads\/2025\/12\/WhatsApp-Image-2025-12-12-at-12.05.04-768x576.jpeg 768w, https:\/\/www.iescarlessalvador.es\/wp-content\/uploads\/2025\/12\/WhatsApp-Image-2025-12-12-at-12.05.04-1536x1152.jpeg 1536w, https:\/\/www.iescarlessalvador.es\/wp-content\/uploads\/2025\/12\/WhatsApp-Image-2025-12-12-at-12.05.04.jpeg 2048w\" sizes=\"(max-width: 1024px) 100vw, 1024px\" \/><\/figure>\n<\/figure>\n\n\n\n<p>L&#8217;alcalde d&#8217;Aldaia Guillermo Luj\u00e1n, Laura Moruno responsable d&#8217;Educaci\u00f3 i altres responsables del govern municipal tamb\u00e9 ens han recolzat en aquest acte solidari.<\/p>\n\n\n\n<p>L&#8217;AMPA ha col\u00b7laborat molt en aquesta activitat aportant la veguda i fruita per als corredors i corredores en finalitzar la cursa. I tamb\u00e9 ha portat la batucada per amenitzar i animar els participants.<\/p>\n\n\n\n<p>Enhorabona a totes i tots per la vostra aportaci\u00f3 solid\u00e0ria.<\/p>\n","protected":false},"excerpt":{"rendered":"<p>Estimades fam\u00edlies, Ens posem en contacte amb vost\u00e9s, des del centre IES Carles Salvador i des de Save the Children, per a convidar-los a participar en el projecte Quil\u00f2metres de Solidaritat de Save the Children, amb l&#8217;objectiu d&#8217;implicar les fam\u00edlies, vost\u00e9s i els seus fills i filles, en un projecte educatiu, esportiu i solidari. Aquest&hellip;&nbsp;<a href=\"https:\/\/www.iescarlessalvador.es\/?p=4535\" class=\"\" rel=\"bookmark\">Leer m\u00e1s &raquo;<span class=\"screen-reader-text\">Cursa Solid\u00e0ria 2025<\/span><\/a><\/p>\n","protected":false},"author":1,"featured_media":4541,"comment_status":"closed","ping_status":"closed","sticky":false,"template":"","format":"standard","meta":{"rop_custom_images_group":[],"rop_custom_messages_group":[],"rop_publish_now":"initial","rop_publish_now_accounts":[],"rop_publish_now_history":[],"rop_publish_now_status":"pending","neve_meta_sidebar":"","neve_meta_container":"","neve_meta_enable_content_width":"","neve_meta_content_width":0,"neve_meta_title_alignment":"","neve_meta_author_avatar":"","neve_post_elements_order":"","neve_meta_disable_header":"","neve_meta_disable_footer":"","neve_meta_disable_title":"","footnotes":""},"categories":[238],"tags":[],"class_list":["post-4535","post","type-post","status-publish","format-standard","has-post-thumbnail","hentry","category-noticies-ca"],"_links":{"self":[{"href":"https:\/\/www.iescarlessalvador.es\/index.php?rest_route=\/wp\/v2\/posts\/4535","targetHints":{"allow":["GET"]}}],"collection":[{"href":"https:\/\/www.iescarlessalvador.es\/index.php?rest_route=\/wp\/v2\/posts"}],"about":[{"href":"https:\/\/www.iescarlessalvador.es\/index.php?rest_route=\/wp\/v2\/types\/post"}],"author":[{"embeddable":true,"href":"https:\/\/www.iescarlessalvador.es\/index.php?rest_route=\/wp\/v2\/users\/1"}],"replies":[{"embeddable":true,"href":"https:\/\/www.iescarlessalvador.es\/index.php?rest_route=%2Fwp%2Fv2%2Fcomments&post=4535"}],"version-history":[{"count":6,"href":"https:\/\/www.iescarlessalvador.es\/index.php?rest_route=\/wp\/v2\/posts\/4535\/revisions"}],"predecessor-version":[{"id":6282,"href":"https:\/\/www.iescarlessalvador.es\/index.php?rest_route=\/wp\/v2\/posts\/4535\/revisions\/6282"}],"wp:featuredmedia":[{"embeddable":true,"href":"https:\/\/www.iescarlessalvador.es\/index.php?rest_route=\/wp\/v2\/media\/4541"}],"wp:attachment":[{"href":"https:\/\/www.iescarlessalvador.es\/index.php?rest_route=%2Fwp%2Fv2%2Fmedia&parent=4535"}],"wp:term":[{"taxonomy":"category","embeddable":true,"href":"https:\/\/www.iescarlessalvador.es\/index.php?rest_route=%2Fwp%2Fv2%2Fcategories&post=4535"},{"taxonomy":"post_tag","embeddable":true,"href":"https:\/\/www.iescarlessalvador.es\/index.php?rest_route=%2Fwp%2Fv2%2Ftags&post=4535"}],"curies":[{"name":"wp","href":"https:\/\/api.w.org\/{rel}","templated":true}]}}