{"id":4537,"date":"2025-12-12T15:21:36","date_gmt":"2025-12-12T15:21:36","guid":{"rendered":"https:\/\/www.iescarlessalvador.es\/?p=4537"},"modified":"2025-12-12T15:21:38","modified_gmt":"2025-12-12T15:21:38","slug":"carrera-solidaria-2023","status":"publish","type":"post","link":"https:\/\/www.iescarlessalvador.es\/?p=4537&lang=es","title":{"rendered":"Carrera Solidaria 2025"},"content":{"rendered":"\n<p>Estimadas familias,<\/p>\n\n\n\n<p>Nos ponemos en contacto con ustedes, desde el centro IES Carles Salvador y desde Save the Children, para invitarles a participar en el proyecto <strong>Kil\u00f3metros de Solidaridad de Save the Children<\/strong>, con el objetivo de implicar a las familias, ustedes y sus hijos e hijas, en un proyecto educativo, deportivo y solidario. Dicho proyecto tendr\u00e1 lugar el pr\u00f3ximo <strong>viernes 12 de diciembre en nuestro centro.<\/strong><\/p>\n\n\n\n<p>La Carrera Kil\u00f3metros de Solidaridad en esta XXII edici\u00f3n tendr\u00e1 como lema: <strong><em>La desnutrici\u00f3n en la infancia<\/em><\/strong>. Sus hijos e hijas tienen toda la informaci\u00f3n para compartirla con ustedes. Y tambi\u00e9n en el siguiente enlace: <a href=\"https:\/\/www.savethechildren.es\/actualidad\/propuestas-didacticas-para-el-aula\">https:\/\/www.savethechildren.es\/actualidad\/propuestas-didacticas-para-el-aula<\/a><strong><\/strong><\/p>\n\n\n\n<ul class=\"wp-block-list\">\n<li>Antes de realizar la carrera hemos recibido por parte de la organizaci\u00f3n Save the Children los materiales para apoyarla: dorsales, diplomas, carteles y material did\u00e1ctico.<\/li>\n\n\n\n<li>Pueden apoyarles participando en la carrera y patrocinando su esfuerzo, donando una cantidad de dinero a su carn\u00e9 solidario. En esta edici\u00f3n, el dinero recaudado ir\u00e1 destinado a paliar la desnutrici\u00f3n infantil en zonas como Afganist\u00e1n, el Sahel y el llamado cuerno de \u00c1frica.<\/li>\n\n\n\n<li>Desde el centro recogeremos el dinero y lo haremos llegar a Save the Children a trav\u00e9s de una transferencia bancaria recibiendo a cambio un diploma, un recib\u00ed y una memoria del curso.<\/li>\n<\/ul>\n\n\n\n<p>En esta edici\u00f3n contaremos con la colaboraci\u00f3n del <strong>AMPA del IES Carles Salvador<\/strong> y el <strong>Ayuntamiento de Aldaia<\/strong>.<\/p>\n\n\n\n<p>Si quieren m\u00e1s informaci\u00f3n sobre el destino de los fondos y el trabajo de Save the Children pueden visitar el siguiente link: <a href=\"http:\/\/www.savethechildren.es\/centros-educativos\/kilometros-de-solidaridad\/como-funciona\"><strong>http:\/\/www.savethechildren.es\/centros-educativos\/kilometros-de-solidaridad\/como-funciona<\/strong><\/a><strong><\/strong><\/p>\n\n\n\n<p><em>Save the Children lleg\u00f3 al mundo en 1919 para defender los derechos de los ni\u00f1os, est\u00e9n donde est\u00e9n. Luchan para acabar con las situaciones de pobreza, desigualdad y violencia que viven millones de ellos. Llegan donde es m\u00e1s dif\u00edcil y m\u00e1s urgente llegar y lo hacen para provocar cambios significativos en sus vidas, cambios duraderos que les permitan una oportunidad de futuro. Y todo se puede lograr gracias a personas y actividades como la carrera solidaria<\/em><\/p>\n\n\n\n<p><em>Cada vez somos m\u00e1s personas reclamando un mundo donde todos los ni\u00f1os y las ni\u00f1as tengan un presente con futuro. El compromiso de toda nuestra comunidad educativa a favor de los derechos de los ni\u00f1os nos va a ayudar a conseguirlo.<\/em><\/p>\n\n\n\n<p>&nbsp;Gracias de antemano por su participaci\u00f3n.<\/p>\n\n\n\n<p>Pueden descargar este documento <a href=\"https:\/\/www.iescarlessalvador.es\/wp-content\/uploads\/2025\/12\/carta-para-familias-Carrera-Solidaria-25_26.pdf\">AQU\u00cd<\/a><\/p>\n\n\n\n<p>Pueden ver las im\u00e1genes de la actividad realizada el curso 2025-26, viernes 12 de diciembre de 2025, en el centro:<\/p>\n\n\n\n<figure class=\"wp-block-gallery has-nested-images columns-default is-cropped wp-block-gallery-1 is-layout-flex wp-block-gallery-is-layout-flex\">\n<figure class=\"wp-block-image size-large\"><img fetchpriority=\"high\" decoding=\"async\" width=\"1024\" height=\"576\" data-id=\"6266\" src=\"https:\/\/www.iescarlessalvador.es\/wp-content\/uploads\/2025\/12\/WhatsApp-Image-2025-12-12-at-12.04.40-1-1024x576.jpeg\" alt=\"\" class=\"wp-image-6266\" srcset=\"https:\/\/www.iescarlessalvador.es\/wp-content\/uploads\/2025\/12\/WhatsApp-Image-2025-12-12-at-12.04.40-1-1024x576.jpeg 1024w, https:\/\/www.iescarlessalvador.es\/wp-content\/uploads\/2025\/12\/WhatsApp-Image-2025-12-12-at-12.04.40-1-300x169.jpeg 300w, https:\/\/www.iescarlessalvador.es\/wp-content\/uploads\/2025\/12\/WhatsApp-Image-2025-12-12-at-12.04.40-1-768x432.jpeg 768w, https:\/\/www.iescarlessalvador.es\/wp-content\/uploads\/2025\/12\/WhatsApp-Image-2025-12-12-at-12.04.40-1-1536x864.jpeg 1536w, https:\/\/www.iescarlessalvador.es\/wp-content\/uploads\/2025\/12\/WhatsApp-Image-2025-12-12-at-12.04.40-1.jpeg 1600w\" sizes=\"(max-width: 1024px) 100vw, 1024px\" \/><\/figure>\n\n\n\n<figure class=\"wp-block-image size-large\"><img decoding=\"async\" width=\"1024\" height=\"576\" data-id=\"6273\" src=\"https:\/\/www.iescarlessalvador.es\/wp-content\/uploads\/2025\/12\/WhatsApp-Image-2025-12-12-at-12.04.40-2-1024x576.jpeg\" alt=\"\" class=\"wp-image-6273\" srcset=\"https:\/\/www.iescarlessalvador.es\/wp-content\/uploads\/2025\/12\/WhatsApp-Image-2025-12-12-at-12.04.40-2-1024x576.jpeg 1024w, https:\/\/www.iescarlessalvador.es\/wp-content\/uploads\/2025\/12\/WhatsApp-Image-2025-12-12-at-12.04.40-2-300x169.jpeg 300w, https:\/\/www.iescarlessalvador.es\/wp-content\/uploads\/2025\/12\/WhatsApp-Image-2025-12-12-at-12.04.40-2-768x432.jpeg 768w, https:\/\/www.iescarlessalvador.es\/wp-content\/uploads\/2025\/12\/WhatsApp-Image-2025-12-12-at-12.04.40-2-1536x864.jpeg 1536w, https:\/\/www.iescarlessalvador.es\/wp-content\/uploads\/2025\/12\/WhatsApp-Image-2025-12-12-at-12.04.40-2.jpeg 1600w\" sizes=\"(max-width: 1024px) 100vw, 1024px\" \/><\/figure>\n\n\n\n<figure class=\"wp-block-image size-large\"><img decoding=\"async\" width=\"1024\" height=\"576\" data-id=\"6271\" src=\"https:\/\/www.iescarlessalvador.es\/wp-content\/uploads\/2025\/12\/WhatsApp-Image-2025-12-12-at-12.04.40-3-1024x576.jpeg\" alt=\"\" class=\"wp-image-6271\" srcset=\"https:\/\/www.iescarlessalvador.es\/wp-content\/uploads\/2025\/12\/WhatsApp-Image-2025-12-12-at-12.04.40-3-1024x576.jpeg 1024w, https:\/\/www.iescarlessalvador.es\/wp-content\/uploads\/2025\/12\/WhatsApp-Image-2025-12-12-at-12.04.40-3-300x169.jpeg 300w, https:\/\/www.iescarlessalvador.es\/wp-content\/uploads\/2025\/12\/WhatsApp-Image-2025-12-12-at-12.04.40-3-768x432.jpeg 768w, https:\/\/www.iescarlessalvador.es\/wp-content\/uploads\/2025\/12\/WhatsApp-Image-2025-12-12-at-12.04.40-3-1536x864.jpeg 1536w, https:\/\/www.iescarlessalvador.es\/wp-content\/uploads\/2025\/12\/WhatsApp-Image-2025-12-12-at-12.04.40-3.jpeg 1600w\" sizes=\"(max-width: 1024px) 100vw, 1024px\" \/><\/figure>\n\n\n\n<figure class=\"wp-block-image size-large\"><img loading=\"lazy\" decoding=\"async\" width=\"1024\" height=\"576\" data-id=\"6269\" src=\"https:\/\/www.iescarlessalvador.es\/wp-content\/uploads\/2025\/12\/WhatsApp-Image-2025-12-12-at-12.04.40-4-1024x576.jpeg\" alt=\"\" class=\"wp-image-6269\" srcset=\"https:\/\/www.iescarlessalvador.es\/wp-content\/uploads\/2025\/12\/WhatsApp-Image-2025-12-12-at-12.04.40-4-1024x576.jpeg 1024w, https:\/\/www.iescarlessalvador.es\/wp-content\/uploads\/2025\/12\/WhatsApp-Image-2025-12-12-at-12.04.40-4-300x169.jpeg 300w, https:\/\/www.iescarlessalvador.es\/wp-content\/uploads\/2025\/12\/WhatsApp-Image-2025-12-12-at-12.04.40-4-768x432.jpeg 768w, https:\/\/www.iescarlessalvador.es\/wp-content\/uploads\/2025\/12\/WhatsApp-Image-2025-12-12-at-12.04.40-4-1536x864.jpeg 1536w, https:\/\/www.iescarlessalvador.es\/wp-content\/uploads\/2025\/12\/WhatsApp-Image-2025-12-12-at-12.04.40-4.jpeg 1600w\" sizes=\"(max-width: 1024px) 100vw, 1024px\" \/><\/figure>\n\n\n\n<figure class=\"wp-block-image size-large\"><img loading=\"lazy\" decoding=\"async\" width=\"1024\" height=\"576\" data-id=\"6267\" src=\"https:\/\/www.iescarlessalvador.es\/wp-content\/uploads\/2025\/12\/WhatsApp-Image-2025-12-12-at-12.04.40-5-1024x576.jpeg\" alt=\"\" class=\"wp-image-6267\" srcset=\"https:\/\/www.iescarlessalvador.es\/wp-content\/uploads\/2025\/12\/WhatsApp-Image-2025-12-12-at-12.04.40-5-1024x576.jpeg 1024w, https:\/\/www.iescarlessalvador.es\/wp-content\/uploads\/2025\/12\/WhatsApp-Image-2025-12-12-at-12.04.40-5-300x169.jpeg 300w, https:\/\/www.iescarlessalvador.es\/wp-content\/uploads\/2025\/12\/WhatsApp-Image-2025-12-12-at-12.04.40-5-768x432.jpeg 768w, https:\/\/www.iescarlessalvador.es\/wp-content\/uploads\/2025\/12\/WhatsApp-Image-2025-12-12-at-12.04.40-5-1536x864.jpeg 1536w, https:\/\/www.iescarlessalvador.es\/wp-content\/uploads\/2025\/12\/WhatsApp-Image-2025-12-12-at-12.04.40-5.jpeg 1600w\" sizes=\"(max-width: 1024px) 100vw, 1024px\" \/><\/figure>\n\n\n\n<figure class=\"wp-block-image size-large\"><img loading=\"lazy\" decoding=\"async\" width=\"1024\" height=\"576\" data-id=\"6270\" src=\"https:\/\/www.iescarlessalvador.es\/wp-content\/uploads\/2025\/12\/WhatsApp-Image-2025-12-12-at-12.04.40-6-1024x576.jpeg\" alt=\"\" class=\"wp-image-6270\" srcset=\"https:\/\/www.iescarlessalvador.es\/wp-content\/uploads\/2025\/12\/WhatsApp-Image-2025-12-12-at-12.04.40-6-1024x576.jpeg 1024w, https:\/\/www.iescarlessalvador.es\/wp-content\/uploads\/2025\/12\/WhatsApp-Image-2025-12-12-at-12.04.40-6-300x169.jpeg 300w, https:\/\/www.iescarlessalvador.es\/wp-content\/uploads\/2025\/12\/WhatsApp-Image-2025-12-12-at-12.04.40-6-768x432.jpeg 768w, https:\/\/www.iescarlessalvador.es\/wp-content\/uploads\/2025\/12\/WhatsApp-Image-2025-12-12-at-12.04.40-6-1536x864.jpeg 1536w, https:\/\/www.iescarlessalvador.es\/wp-content\/uploads\/2025\/12\/WhatsApp-Image-2025-12-12-at-12.04.40-6.jpeg 1600w\" sizes=\"(max-width: 1024px) 100vw, 1024px\" \/><\/figure>\n\n\n\n<figure class=\"wp-block-image size-large\"><img loading=\"lazy\" decoding=\"async\" width=\"1024\" height=\"576\" data-id=\"6272\" src=\"https:\/\/www.iescarlessalvador.es\/wp-content\/uploads\/2025\/12\/WhatsApp-Image-2025-12-12-at-12.04.40-7-1024x576.jpeg\" alt=\"\" class=\"wp-image-6272\" srcset=\"https:\/\/www.iescarlessalvador.es\/wp-content\/uploads\/2025\/12\/WhatsApp-Image-2025-12-12-at-12.04.40-7-1024x576.jpeg 1024w, https:\/\/www.iescarlessalvador.es\/wp-content\/uploads\/2025\/12\/WhatsApp-Image-2025-12-12-at-12.04.40-7-300x169.jpeg 300w, https:\/\/www.iescarlessalvador.es\/wp-content\/uploads\/2025\/12\/WhatsApp-Image-2025-12-12-at-12.04.40-7-768x432.jpeg 768w, https:\/\/www.iescarlessalvador.es\/wp-content\/uploads\/2025\/12\/WhatsApp-Image-2025-12-12-at-12.04.40-7-1536x864.jpeg 1536w, https:\/\/www.iescarlessalvador.es\/wp-content\/uploads\/2025\/12\/WhatsApp-Image-2025-12-12-at-12.04.40-7.jpeg 1600w\" sizes=\"(max-width: 1024px) 100vw, 1024px\" \/><\/figure>\n\n\n\n<figure class=\"wp-block-image size-large\"><img loading=\"lazy\" decoding=\"async\" width=\"1024\" height=\"576\" data-id=\"6268\" src=\"https:\/\/www.iescarlessalvador.es\/wp-content\/uploads\/2025\/12\/WhatsApp-Image-2025-12-12-at-12.04.40-8-1024x576.jpeg\" alt=\"\" class=\"wp-image-6268\" srcset=\"https:\/\/www.iescarlessalvador.es\/wp-content\/uploads\/2025\/12\/WhatsApp-Image-2025-12-12-at-12.04.40-8-1024x576.jpeg 1024w, https:\/\/www.iescarlessalvador.es\/wp-content\/uploads\/2025\/12\/WhatsApp-Image-2025-12-12-at-12.04.40-8-300x169.jpeg 300w, https:\/\/www.iescarlessalvador.es\/wp-content\/uploads\/2025\/12\/WhatsApp-Image-2025-12-12-at-12.04.40-8-768x432.jpeg 768w, https:\/\/www.iescarlessalvador.es\/wp-content\/uploads\/2025\/12\/WhatsApp-Image-2025-12-12-at-12.04.40-8-1536x864.jpeg 1536w, https:\/\/www.iescarlessalvador.es\/wp-content\/uploads\/2025\/12\/WhatsApp-Image-2025-12-12-at-12.04.40-8.jpeg 1600w\" sizes=\"(max-width: 1024px) 100vw, 1024px\" \/><\/figure>\n\n\n\n<figure class=\"wp-block-image size-large\"><img loading=\"lazy\" decoding=\"async\" width=\"1024\" height=\"576\" data-id=\"6274\" src=\"https:\/\/www.iescarlessalvador.es\/wp-content\/uploads\/2025\/12\/WhatsApp-Image-2025-12-12-at-12.04.40-9-1024x576.jpeg\" alt=\"\" class=\"wp-image-6274\" srcset=\"https:\/\/www.iescarlessalvador.es\/wp-content\/uploads\/2025\/12\/WhatsApp-Image-2025-12-12-at-12.04.40-9-1024x576.jpeg 1024w, https:\/\/www.iescarlessalvador.es\/wp-content\/uploads\/2025\/12\/WhatsApp-Image-2025-12-12-at-12.04.40-9-300x169.jpeg 300w, https:\/\/www.iescarlessalvador.es\/wp-content\/uploads\/2025\/12\/WhatsApp-Image-2025-12-12-at-12.04.40-9-768x432.jpeg 768w, https:\/\/www.iescarlessalvador.es\/wp-content\/uploads\/2025\/12\/WhatsApp-Image-2025-12-12-at-12.04.40-9-1536x864.jpeg 1536w, https:\/\/www.iescarlessalvador.es\/wp-content\/uploads\/2025\/12\/WhatsApp-Image-2025-12-12-at-12.04.40-9.jpeg 1600w\" sizes=\"(max-width: 1024px) 100vw, 1024px\" \/><\/figure>\n\n\n\n<figure class=\"wp-block-image size-large\"><img loading=\"lazy\" decoding=\"async\" width=\"1024\" height=\"576\" data-id=\"6279\" src=\"https:\/\/www.iescarlessalvador.es\/wp-content\/uploads\/2025\/12\/WhatsApp-Image-2025-12-12-at-12.04.40-1024x576.jpeg\" alt=\"\" class=\"wp-image-6279\" srcset=\"https:\/\/www.iescarlessalvador.es\/wp-content\/uploads\/2025\/12\/WhatsApp-Image-2025-12-12-at-12.04.40-1024x576.jpeg 1024w, https:\/\/www.iescarlessalvador.es\/wp-content\/uploads\/2025\/12\/WhatsApp-Image-2025-12-12-at-12.04.40-300x169.jpeg 300w, https:\/\/www.iescarlessalvador.es\/wp-content\/uploads\/2025\/12\/WhatsApp-Image-2025-12-12-at-12.04.40-768x432.jpeg 768w, https:\/\/www.iescarlessalvador.es\/wp-content\/uploads\/2025\/12\/WhatsApp-Image-2025-12-12-at-12.04.40-1536x864.jpeg 1536w, https:\/\/www.iescarlessalvador.es\/wp-content\/uploads\/2025\/12\/WhatsApp-Image-2025-12-12-at-12.04.40.jpeg 1600w\" sizes=\"(max-width: 1024px) 100vw, 1024px\" \/><\/figure>\n\n\n\n<figure class=\"wp-block-image size-large\"><img loading=\"lazy\" decoding=\"async\" width=\"1024\" height=\"528\" data-id=\"6275\" src=\"https:\/\/www.iescarlessalvador.es\/wp-content\/uploads\/2025\/12\/WhatsApp-Image-2025-12-12-at-12.05.03-1-1024x528.jpeg\" alt=\"\" class=\"wp-image-6275\" srcset=\"https:\/\/www.iescarlessalvador.es\/wp-content\/uploads\/2025\/12\/WhatsApp-Image-2025-12-12-at-12.05.03-1-1024x528.jpeg 1024w, https:\/\/www.iescarlessalvador.es\/wp-content\/uploads\/2025\/12\/WhatsApp-Image-2025-12-12-at-12.05.03-1-300x155.jpeg 300w, https:\/\/www.iescarlessalvador.es\/wp-content\/uploads\/2025\/12\/WhatsApp-Image-2025-12-12-at-12.05.03-1-768x396.jpeg 768w, https:\/\/www.iescarlessalvador.es\/wp-content\/uploads\/2025\/12\/WhatsApp-Image-2025-12-12-at-12.05.03-1-1536x792.jpeg 1536w, https:\/\/www.iescarlessalvador.es\/wp-content\/uploads\/2025\/12\/WhatsApp-Image-2025-12-12-at-12.05.03-1.jpeg 2048w\" sizes=\"(max-width: 1024px) 100vw, 1024px\" \/><\/figure>\n\n\n\n<figure class=\"wp-block-image size-large\"><img loading=\"lazy\" decoding=\"async\" width=\"1024\" height=\"768\" data-id=\"6277\" src=\"https:\/\/www.iescarlessalvador.es\/wp-content\/uploads\/2025\/12\/WhatsApp-Image-2025-12-12-at-12.05.03-2-1024x768.jpeg\" alt=\"\" class=\"wp-image-6277\" srcset=\"https:\/\/www.iescarlessalvador.es\/wp-content\/uploads\/2025\/12\/WhatsApp-Image-2025-12-12-at-12.05.03-2-1024x768.jpeg 1024w, https:\/\/www.iescarlessalvador.es\/wp-content\/uploads\/2025\/12\/WhatsApp-Image-2025-12-12-at-12.05.03-2-300x225.jpeg 300w, https:\/\/www.iescarlessalvador.es\/wp-content\/uploads\/2025\/12\/WhatsApp-Image-2025-12-12-at-12.05.03-2-768x576.jpeg 768w, https:\/\/www.iescarlessalvador.es\/wp-content\/uploads\/2025\/12\/WhatsApp-Image-2025-12-12-at-12.05.03-2-1536x1152.jpeg 1536w, https:\/\/www.iescarlessalvador.es\/wp-content\/uploads\/2025\/12\/WhatsApp-Image-2025-12-12-at-12.05.03-2.jpeg 2048w\" sizes=\"(max-width: 1024px) 100vw, 1024px\" \/><\/figure>\n\n\n\n<figure class=\"wp-block-image size-large\"><img loading=\"lazy\" decoding=\"async\" width=\"1024\" height=\"768\" data-id=\"6276\" src=\"https:\/\/www.iescarlessalvador.es\/wp-content\/uploads\/2025\/12\/WhatsApp-Image-2025-12-12-at-12.05.03-1024x768.jpeg\" alt=\"\" class=\"wp-image-6276\" srcset=\"https:\/\/www.iescarlessalvador.es\/wp-content\/uploads\/2025\/12\/WhatsApp-Image-2025-12-12-at-12.05.03-1024x768.jpeg 1024w, https:\/\/www.iescarlessalvador.es\/wp-content\/uploads\/2025\/12\/WhatsApp-Image-2025-12-12-at-12.05.03-300x225.jpeg 300w, https:\/\/www.iescarlessalvador.es\/wp-content\/uploads\/2025\/12\/WhatsApp-Image-2025-12-12-at-12.05.03-768x576.jpeg 768w, https:\/\/www.iescarlessalvador.es\/wp-content\/uploads\/2025\/12\/WhatsApp-Image-2025-12-12-at-12.05.03-1536x1152.jpeg 1536w, https:\/\/www.iescarlessalvador.es\/wp-content\/uploads\/2025\/12\/WhatsApp-Image-2025-12-12-at-12.05.03.jpeg 2048w\" sizes=\"(max-width: 1024px) 100vw, 1024px\" \/><\/figure>\n\n\n\n<figure class=\"wp-block-image size-large\"><img loading=\"lazy\" decoding=\"async\" width=\"1024\" height=\"768\" data-id=\"6278\" src=\"https:\/\/www.iescarlessalvador.es\/wp-content\/uploads\/2025\/12\/WhatsApp-Image-2025-12-12-at-12.05.04-1024x768.jpeg\" alt=\"\" class=\"wp-image-6278\" srcset=\"https:\/\/www.iescarlessalvador.es\/wp-content\/uploads\/2025\/12\/WhatsApp-Image-2025-12-12-at-12.05.04-1024x768.jpeg 1024w, https:\/\/www.iescarlessalvador.es\/wp-content\/uploads\/2025\/12\/WhatsApp-Image-2025-12-12-at-12.05.04-300x225.jpeg 300w, https:\/\/www.iescarlessalvador.es\/wp-content\/uploads\/2025\/12\/WhatsApp-Image-2025-12-12-at-12.05.04-768x576.jpeg 768w, https:\/\/www.iescarlessalvador.es\/wp-content\/uploads\/2025\/12\/WhatsApp-Image-2025-12-12-at-12.05.04-1536x1152.jpeg 1536w, https:\/\/www.iescarlessalvador.es\/wp-content\/uploads\/2025\/12\/WhatsApp-Image-2025-12-12-at-12.05.04.jpeg 2048w\" sizes=\"(max-width: 1024px) 100vw, 1024px\" \/><\/figure>\n<\/figure>\n\n\n\n<p>El AMPA ha tenido una imprescindible colaboraci\u00f3n en esta actividad, aportando la bebida y fruta para los corredores\/as al finalizar la carrera. Tambi\u00e9n ha aportado la batucada para amenizar y animar a los participantes durante la carrera. <\/p>\n\n\n\n<p>El alcalde de Aldaia Guillermo Luj\u00e1n, Laura Moruno responsable de Educaci\u00f3n y otros responsables del gobierno municipal tambi\u00e9n nos han apoyado en este acto solidario.<\/p>\n\n\n\n<p>Enhorabuena a todas y todos por vuestra aportaci\u00f3n. <\/p>\n","protected":false},"excerpt":{"rendered":"<p>Estimadas familias, Nos ponemos en contacto con ustedes, desde el centro IES Carles Salvador y desde Save the Children, para invitarles a participar en el proyecto Kil\u00f3metros de Solidaridad de Save the Children, con el objetivo de implicar a las familias, ustedes y sus hijos e hijas, en un proyecto educativo, deportivo y solidario. Dicho&hellip;&nbsp;<a href=\"https:\/\/www.iescarlessalvador.es\/?p=4537&#038;lang=es\" class=\"\" rel=\"bookmark\">Leer m\u00e1s &raquo;<span class=\"screen-reader-text\">Carrera Solidaria 2025<\/span><\/a><\/p>\n","protected":false},"author":1,"featured_media":6276,"comment_status":"closed","ping_status":"closed","sticky":false,"template":"","format":"standard","meta":{"rop_custom_images_group":[],"rop_custom_messages_group":[],"rop_publish_now":"initial","rop_publish_now_accounts":[],"rop_publish_now_history":[],"rop_publish_now_status":"pending","neve_meta_sidebar":"","neve_meta_container":"","neve_meta_enable_content_width":"","neve_meta_content_width":0,"neve_meta_title_alignment":"","neve_meta_author_avatar":"","neve_post_elements_order":"","neve_meta_disable_header":"","neve_meta_disable_footer":"","neve_meta_disable_title":"","footnotes":""},"categories":[34],"tags":[],"class_list":["post-4537","post","type-post","status-publish","format-standard","has-post-thumbnail","hentry","category-noticias"],"_links":{"self":[{"href":"https:\/\/www.iescarlessalvador.es\/index.php?rest_route=\/wp\/v2\/posts\/4537","targetHints":{"allow":["GET"]}}],"collection":[{"href":"https:\/\/www.iescarlessalvador.es\/index.php?rest_route=\/wp\/v2\/posts"}],"about":[{"href":"https:\/\/www.iescarlessalvador.es\/index.php?rest_route=\/wp\/v2\/types\/post"}],"author":[{"embeddable":true,"href":"https:\/\/www.iescarlessalvador.es\/index.php?rest_route=\/wp\/v2\/users\/1"}],"replies":[{"embeddable":true,"href":"https:\/\/www.iescarlessalvador.es\/index.php?rest_route=%2Fwp%2Fv2%2Fcomments&post=4537"}],"version-history":[{"count":4,"href":"https:\/\/www.iescarlessalvador.es\/index.php?rest_route=\/wp\/v2\/posts\/4537\/revisions"}],"predecessor-version":[{"id":6280,"href":"https:\/\/www.iescarlessalvador.es\/index.php?rest_route=\/wp\/v2\/posts\/4537\/revisions\/6280"}],"wp:featuredmedia":[{"embeddable":true,"href":"https:\/\/www.iescarlessalvador.es\/index.php?rest_route=\/wp\/v2\/media\/6276"}],"wp:attachment":[{"href":"https:\/\/www.iescarlessalvador.es\/index.php?rest_route=%2Fwp%2Fv2%2Fmedia&parent=4537"}],"wp:term":[{"taxonomy":"category","embeddable":true,"href":"https:\/\/www.iescarlessalvador.es\/index.php?rest_route=%2Fwp%2Fv2%2Fcategories&post=4537"},{"taxonomy":"post_tag","embeddable":true,"href":"https:\/\/www.iescarlessalvador.es\/index.php?rest_route=%2Fwp%2Fv2%2Ftags&post=4537"}],"curies":[{"name":"wp","href":"https:\/\/api.w.org\/{rel}","templated":true}]}}