{"id":4589,"date":"2025-03-24T07:39:17","date_gmt":"2025-03-24T07:39:17","guid":{"rendered":"https:\/\/www.iescarlessalvador.es\/?p=4589"},"modified":"2025-03-24T07:39:39","modified_gmt":"2025-03-24T07:39:39","slug":"reuniones-con-tutores-y-entrega-notas-1-evaluacion","status":"publish","type":"post","link":"https:\/\/www.iescarlessalvador.es\/?p=4589&lang=es","title":{"rendered":"Reuniones con tutores y entrega notas 2\u00aa evaluaci\u00f3n"},"content":{"rendered":"<p>Estimadas familias,<\/p>\n<p>Les informamos de que el pr\u00f3ximo viernes 28 de marzo tendremos un horario especial en el centro.<\/p>\n<ul>\n<li>08:00 \u2013 10:45 h se impartir\u00e1n las clases con normalidad.<\/li>\n<\/ul>\n<ul>\n<li>10:45 h finalizar\u00e1n las clases y el alumnado saldr\u00e1 del centro.\u00a0<\/li>\n<\/ul>\n<ul>\n<li>11:30 h reuniones con los tutores\/as y entrega de boletines de notas de la 2\u00aa Evaluaci\u00f3n a les familias.\u00a0<\/li>\n<\/ul>\n<ul>\n<li>11:30 \u2013 13:30 h el profesorado del centro estar\u00e1 disponible para atender a las familias. \u00a0<\/li>\n<\/ul>\n<p>Las reuniones se realizar\u00e1n en las siguientes ubicaciones:<\/p>\n\n<div class=\"wp-block-image\">\n<figure class=\"aligncenter size-full is-resized\"><img fetchpriority=\"high\" decoding=\"async\" width=\"453\" height=\"734\" src=\"https:\/\/www.iescarlessalvador.es\/wp-content\/uploads\/2024\/12\/aules_entrega_notes_2_aval.jpg\" alt=\"\" class=\"wp-image-5502\" style=\"width:612px;height:auto\" srcset=\"https:\/\/www.iescarlessalvador.es\/wp-content\/uploads\/2024\/12\/aules_entrega_notes_2_aval.jpg 453w, https:\/\/www.iescarlessalvador.es\/wp-content\/uploads\/2024\/12\/aules_entrega_notes_2_aval-185x300.jpg 185w\" sizes=\"(max-width: 453px) 100vw, 453px\" \/><\/figure><\/div>\n\n<div class=\"wp-block-image\">\n<figure class=\"aligncenter size-full is-resized\"><img decoding=\"async\" width=\"489\" height=\"836\" src=\"https:\/\/www.iescarlessalvador.es\/wp-content\/uploads\/2024\/12\/aules_entrega_notes_2_Aval_01.jpg\" alt=\"\" class=\"wp-image-5503\" style=\"width:669px;height:auto\" srcset=\"https:\/\/www.iescarlessalvador.es\/wp-content\/uploads\/2024\/12\/aules_entrega_notes_2_Aval_01.jpg 489w, https:\/\/www.iescarlessalvador.es\/wp-content\/uploads\/2024\/12\/aules_entrega_notes_2_Aval_01-175x300.jpg 175w\" sizes=\"(max-width: 489px) 100vw, 489px\" \/><\/figure><\/div>\n\n<div class=\"wp-block-image\">\n<figure class=\"aligncenter size-full is-resized\"><img decoding=\"async\" width=\"487\" height=\"524\" src=\"https:\/\/www.iescarlessalvador.es\/wp-content\/uploads\/2024\/12\/aules_entrega_notes_2_Aval_02.jpg\" alt=\"\" class=\"wp-image-5504\" style=\"width:663px;height:auto\" srcset=\"https:\/\/www.iescarlessalvador.es\/wp-content\/uploads\/2024\/12\/aules_entrega_notes_2_Aval_02.jpg 487w, https:\/\/www.iescarlessalvador.es\/wp-content\/uploads\/2024\/12\/aules_entrega_notes_2_Aval_02-279x300.jpg 279w\" sizes=\"(max-width: 487px) 100vw, 487px\" \/><\/figure><\/div>","protected":false},"excerpt":{"rendered":"<p>Estimadas familias, Les informamos de que el pr\u00f3ximo viernes 28 de marzo tendremos un horario especial en el centro. 08:00 \u2013 10:45 h se impartir\u00e1n las clases con normalidad. 10:45 h finalizar\u00e1n las clases y el alumnado saldr\u00e1 del centro.\u00a0 11:30 h reuniones con los tutores\/as y entrega de boletines de notas de la 2\u00aa&hellip;&nbsp;<a href=\"https:\/\/www.iescarlessalvador.es\/?p=4589&#038;lang=es\" class=\"\" rel=\"bookmark\">Leer m\u00e1s &raquo;<span class=\"screen-reader-text\">Reuniones con tutores y entrega notas 2\u00aa evaluaci\u00f3n<\/span><\/a><\/p>\n","protected":false},"author":1,"featured_media":5502,"comment_status":"closed","ping_status":"closed","sticky":false,"template":"","format":"standard","meta":{"rop_custom_images_group":[],"rop_custom_messages_group":[],"rop_publish_now":"initial","rop_publish_now_accounts":[],"rop_publish_now_history":[],"rop_publish_now_status":"pending","neve_meta_sidebar":"","neve_meta_container":"","neve_meta_enable_content_width":"","neve_meta_content_width":0,"neve_meta_title_alignment":"","neve_meta_author_avatar":"","neve_post_elements_order":"","neve_meta_disable_header":"","neve_meta_disable_footer":"","neve_meta_disable_title":"","footnotes":""},"categories":[34],"tags":[],"class_list":["post-4589","post","type-post","status-publish","format-standard","has-post-thumbnail","hentry","category-noticias"],"_links":{"self":[{"href":"https:\/\/www.iescarlessalvador.es\/index.php?rest_route=\/wp\/v2\/posts\/4589","targetHints":{"allow":["GET"]}}],"collection":[{"href":"https:\/\/www.iescarlessalvador.es\/index.php?rest_route=\/wp\/v2\/posts"}],"about":[{"href":"https:\/\/www.iescarlessalvador.es\/index.php?rest_route=\/wp\/v2\/types\/post"}],"author":[{"embeddable":true,"href":"https:\/\/www.iescarlessalvador.es\/index.php?rest_route=\/wp\/v2\/users\/1"}],"replies":[{"embeddable":true,"href":"https:\/\/www.iescarlessalvador.es\/index.php?rest_route=%2Fwp%2Fv2%2Fcomments&post=4589"}],"version-history":[{"count":6,"href":"https:\/\/www.iescarlessalvador.es\/index.php?rest_route=\/wp\/v2\/posts\/4589\/revisions"}],"predecessor-version":[{"id":5507,"href":"https:\/\/www.iescarlessalvador.es\/index.php?rest_route=\/wp\/v2\/posts\/4589\/revisions\/5507"}],"wp:featuredmedia":[{"embeddable":true,"href":"https:\/\/www.iescarlessalvador.es\/index.php?rest_route=\/wp\/v2\/media\/5502"}],"wp:attachment":[{"href":"https:\/\/www.iescarlessalvador.es\/index.php?rest_route=%2Fwp%2Fv2%2Fmedia&parent=4589"}],"wp:term":[{"taxonomy":"category","embeddable":true,"href":"https:\/\/www.iescarlessalvador.es\/index.php?rest_route=%2Fwp%2Fv2%2Fcategories&post=4589"},{"taxonomy":"post_tag","embeddable":true,"href":"https:\/\/www.iescarlessalvador.es\/index.php?rest_route=%2Fwp%2Fv2%2Ftags&post=4589"}],"curies":[{"name":"wp","href":"https:\/\/api.w.org\/{rel}","templated":true}]}}