{"id":4638,"date":"2024-01-10T22:03:34","date_gmt":"2024-01-10T22:03:34","guid":{"rendered":"https:\/\/www.iescarlessalvador.es\/?p=4638"},"modified":"2024-01-10T22:03:36","modified_gmt":"2024-01-10T22:03:36","slug":"jornada-de-convivencia-i-mediacio","status":"publish","type":"post","link":"https:\/\/www.iescarlessalvador.es\/?p=4638","title":{"rendered":"Jornada de conviv\u00e8ncia i mediaci\u00f3"},"content":{"rendered":"\n<p>El passat 14 de desembre, l&#8217;equip de Conviv\u00e8ncia i Mediaci\u00f3 de professors i alumnes van assistir al Matilde Salvador. L&#8217;alumnat va fer una sessi\u00f3 de formaci\u00f3 amb la finalitat d&#8217;adquirir eines i habilitats necess\u00e0ries per a desenvolupar la tasca d&#8217;observadors de conviv\u00e8ncia a l&#8217;aula.<\/p>\n\n\n\n<p>L&#8217;experi\u00e8ncia va ser molt satisfact\u00f2ria i les din\u00e0miques molt enriquidores.<\/p>\n\n\n\n<figure class=\"wp-block-image size-large\"><img fetchpriority=\"high\" decoding=\"async\" width=\"1024\" height=\"473\" src=\"https:\/\/www.iescarlessalvador.es\/wp-content\/uploads\/2024\/01\/1000053957-1024x473.jpg\" alt=\"\" class=\"wp-image-4639\" srcset=\"https:\/\/www.iescarlessalvador.es\/wp-content\/uploads\/2024\/01\/1000053957-1024x473.jpg 1024w, https:\/\/www.iescarlessalvador.es\/wp-content\/uploads\/2024\/01\/1000053957-300x138.jpg 300w, https:\/\/www.iescarlessalvador.es\/wp-content\/uploads\/2024\/01\/1000053957-768x354.jpg 768w, https:\/\/www.iescarlessalvador.es\/wp-content\/uploads\/2024\/01\/1000053957-1536x709.jpg 1536w, https:\/\/www.iescarlessalvador.es\/wp-content\/uploads\/2024\/01\/1000053957.jpg 1599w\" sizes=\"(max-width: 1024px) 100vw, 1024px\" \/><\/figure>\n\n\n\n<figure class=\"wp-block-image size-large\"><img decoding=\"async\" width=\"1024\" height=\"768\" src=\"https:\/\/www.iescarlessalvador.es\/wp-content\/uploads\/2024\/01\/1000053924-1024x768.jpg\" alt=\"\" class=\"wp-image-4640\" srcset=\"https:\/\/www.iescarlessalvador.es\/wp-content\/uploads\/2024\/01\/1000053924-1024x768.jpg 1024w, https:\/\/www.iescarlessalvador.es\/wp-content\/uploads\/2024\/01\/1000053924-300x225.jpg 300w, https:\/\/www.iescarlessalvador.es\/wp-content\/uploads\/2024\/01\/1000053924-768x576.jpg 768w, https:\/\/www.iescarlessalvador.es\/wp-content\/uploads\/2024\/01\/1000053924-1536x1152.jpg 1536w, https:\/\/www.iescarlessalvador.es\/wp-content\/uploads\/2024\/01\/1000053924-2048x1536.jpg 2048w\" sizes=\"(max-width: 1024px) 100vw, 1024px\" \/><\/figure>\n\n\n\n<figure class=\"wp-block-image size-large\"><img decoding=\"async\" width=\"1024\" height=\"587\" src=\"https:\/\/www.iescarlessalvador.es\/wp-content\/uploads\/2024\/01\/1000057566-1024x587.jpg\" alt=\"\" class=\"wp-image-4641\" srcset=\"https:\/\/www.iescarlessalvador.es\/wp-content\/uploads\/2024\/01\/1000057566-1024x587.jpg 1024w, https:\/\/www.iescarlessalvador.es\/wp-content\/uploads\/2024\/01\/1000057566-300x172.jpg 300w, https:\/\/www.iescarlessalvador.es\/wp-content\/uploads\/2024\/01\/1000057566-768x440.jpg 768w, https:\/\/www.iescarlessalvador.es\/wp-content\/uploads\/2024\/01\/1000057566.jpg 1080w\" sizes=\"(max-width: 1024px) 100vw, 1024px\" \/><\/figure>\n","protected":false},"excerpt":{"rendered":"<p>El passat 14 de desembre, l&#8217;equip de Conviv\u00e8ncia i Mediaci\u00f3 de professors i alumnes van assistir al Matilde Salvador. L&#8217;alumnat va fer una sessi\u00f3 de formaci\u00f3 amb la finalitat d&#8217;adquirir eines i habilitats necess\u00e0ries per a desenvolupar la tasca d&#8217;observadors de conviv\u00e8ncia a l&#8217;aula. L&#8217;experi\u00e8ncia va ser molt satisfact\u00f2ria i les din\u00e0miques molt enriquidores.<\/p>\n","protected":false},"author":1,"featured_media":4639,"comment_status":"closed","ping_status":"closed","sticky":false,"template":"","format":"standard","meta":{"rop_custom_images_group":[],"rop_custom_messages_group":[],"rop_publish_now":"initial","rop_publish_now_accounts":[],"rop_publish_now_history":[],"rop_publish_now_status":"pending","neve_meta_sidebar":"","neve_meta_container":"","neve_meta_enable_content_width":"","neve_meta_content_width":0,"neve_meta_title_alignment":"","neve_meta_author_avatar":"","neve_post_elements_order":"","neve_meta_disable_header":"","neve_meta_disable_footer":"","neve_meta_disable_title":"","footnotes":""},"categories":[238],"tags":[],"class_list":["post-4638","post","type-post","status-publish","format-standard","has-post-thumbnail","hentry","category-noticies-ca"],"_links":{"self":[{"href":"https:\/\/www.iescarlessalvador.es\/index.php?rest_route=\/wp\/v2\/posts\/4638","targetHints":{"allow":["GET"]}}],"collection":[{"href":"https:\/\/www.iescarlessalvador.es\/index.php?rest_route=\/wp\/v2\/posts"}],"about":[{"href":"https:\/\/www.iescarlessalvador.es\/index.php?rest_route=\/wp\/v2\/types\/post"}],"author":[{"embeddable":true,"href":"https:\/\/www.iescarlessalvador.es\/index.php?rest_route=\/wp\/v2\/users\/1"}],"replies":[{"embeddable":true,"href":"https:\/\/www.iescarlessalvador.es\/index.php?rest_route=%2Fwp%2Fv2%2Fcomments&post=4638"}],"version-history":[{"count":1,"href":"https:\/\/www.iescarlessalvador.es\/index.php?rest_route=\/wp\/v2\/posts\/4638\/revisions"}],"predecessor-version":[{"id":4642,"href":"https:\/\/www.iescarlessalvador.es\/index.php?rest_route=\/wp\/v2\/posts\/4638\/revisions\/4642"}],"wp:featuredmedia":[{"embeddable":true,"href":"https:\/\/www.iescarlessalvador.es\/index.php?rest_route=\/wp\/v2\/media\/4639"}],"wp:attachment":[{"href":"https:\/\/www.iescarlessalvador.es\/index.php?rest_route=%2Fwp%2Fv2%2Fmedia&parent=4638"}],"wp:term":[{"taxonomy":"category","embeddable":true,"href":"https:\/\/www.iescarlessalvador.es\/index.php?rest_route=%2Fwp%2Fv2%2Fcategories&post=4638"},{"taxonomy":"post_tag","embeddable":true,"href":"https:\/\/www.iescarlessalvador.es\/index.php?rest_route=%2Fwp%2Fv2%2Ftags&post=4638"}],"curies":[{"name":"wp","href":"https:\/\/api.w.org\/{rel}","templated":true}]}}